{"id":460234,"date":"2015-02-21T00:01:08","date_gmt":"2015-02-21T05:01:08","guid":{"rendered":"http:\/\/diarioelpopular.com\/?p=460234"},"modified":"2015-02-24T18:39:26","modified_gmt":"2015-02-24T23:39:26","slug":"unifor-suspendio-negociaciones-del-contrato-con-air-canada","status":"publish","type":"post","link":"https:\/\/diarioelpopular.com\/index.php\/2015\/02\/21\/unifor-suspendio-negociaciones-del-contrato-con-air-canada\/","title":{"rendered":"Unifor suspendi\u00f3 negociaciones del contrato con Air Canada"},"content":{"rendered":"<div id=\"attachment_460235\" style=\"width: 570px\" class=\"wp-caption aligncenter\"><a href=\"https:\/\/diarioelpopular.com\/wp-content\/uploads\/2015\/02\/foto-1-breves-39.jpg\"><img loading=\"lazy\" decoding=\"async\" aria-describedby=\"caption-attachment-460235\" class=\"size-large wp-image-460235\" src=\"https:\/\/diarioelpopular.com\/wp-content\/uploads\/2015\/02\/foto-1-breves-39-560x373.jpg\" alt=\"La aerol\u00ednea cit\u00f3 preocupaciones sobre la presentaci\u00f3n de informes de horas trabajadas.\" width=\"560\" height=\"373\" \/><\/a><p id=\"caption-attachment-460235\" class=\"wp-caption-text\">La aerol\u00ednea cit\u00f3 preocupaciones sobre la presentaci\u00f3n de informes de horas trabajadas.<\/p><\/div>\n<p><strong><em>TORONTO.-<\/em><\/strong> El sindicato que representa a cerca de 4.100 empleados de Air Canad\u00e1 inform\u00f3 que ha suspendido las negociaciones del contrato con la aerol\u00ednea en relaci\u00f3n a tema de turnos comerciales.<\/p>\n<p>El gremio agrupado en Unifor cancel\u00f3 las conversaciones sobre un nuevo contrato para la venta de los clientes y los agentes de servicio despu\u00e9s de que Air Canad\u00e1 dio a conocer los cambios planificados para cambiar las reglas de comercio.<\/p>\n<p>De acuerdo con el sindicato, la aerol\u00ednea cit\u00f3 preocupaciones sobre la presentaci\u00f3n de informes de horas trabajadas, as\u00ed como cuestiones de salud y seguridad, entre las razones.<\/p>\n<p>Unifor calific\u00f3 las nuevas restricciones de &#8220;innecesarias&#8221;.<\/p>\n<p>Un portavoz de la aerol\u00ednea dijo: &#8220;el proceso de cambio de turno se est\u00e1 modificando para garantizar el cumplimiento de las regulaciones federales\u201d.<\/p>\n<p>Aunque Unifor considera que las negociaciones hab\u00edan avanzado, decidi\u00f3 suspenderlas cuando la comisi\u00f3n negociadora observ\u00f3 \u201cel alcance de las intenciones de la compa\u00f1\u00eda\u201d.<\/p>\n","protected":false},"excerpt":{"rendered":"<p>El sindicato que representa a cerca de 4.100 empleados de Air Canad\u00e1 inform\u00f3 que ha suspendido las negociaciones del contrato con la aerol\u00ednea en relaci\u00f3n a tema de turnos comerciales.<\/p>\n","protected":false},"author":5842,"featured_media":0,"comment_status":"open","ping_status":"open","sticky":false,"template":"","format":"standard","meta":{"footnotes":""},"categories":[21],"tags":[],"class_list":["post-460234","post","type-post","status-publish","format-standard","hentry","category-canada"],"_links":{"self":[{"href":"https:\/\/diarioelpopular.com\/index.php\/wp-json\/wp\/v2\/posts\/460234","targetHints":{"allow":["GET"]}}],"collection":[{"href":"https:\/\/diarioelpopular.com\/index.php\/wp-json\/wp\/v2\/posts"}],"about":[{"href":"https:\/\/diarioelpopular.com\/index.php\/wp-json\/wp\/v2\/types\/post"}],"author":[{"embeddable":true,"href":"https:\/\/diarioelpopular.com\/index.php\/wp-json\/wp\/v2\/users\/5842"}],"replies":[{"embeddable":true,"href":"https:\/\/diarioelpopular.com\/index.php\/wp-json\/wp\/v2\/comments?post=460234"}],"version-history":[{"count":1,"href":"https:\/\/diarioelpopular.com\/index.php\/wp-json\/wp\/v2\/posts\/460234\/revisions"}],"predecessor-version":[{"id":460236,"href":"https:\/\/diarioelpopular.com\/index.php\/wp-json\/wp\/v2\/posts\/460234\/revisions\/460236"}],"wp:attachment":[{"href":"https:\/\/diarioelpopular.com\/index.php\/wp-json\/wp\/v2\/media?parent=460234"}],"wp:term":[{"taxonomy":"category","embeddable":true,"href":"https:\/\/diarioelpopular.com\/index.php\/wp-json\/wp\/v2\/categories?post=460234"},{"taxonomy":"post_tag","embeddable":true,"href":"https:\/\/diarioelpopular.com\/index.php\/wp-json\/wp\/v2\/tags?post=460234"}],"curies":[{"name":"wp","href":"https:\/\/api.w.org\/{rel}","templated":true}]}}