{"id":46024,"date":"2012-01-05T23:16:14","date_gmt":"2012-01-06T04:16:14","guid":{"rendered":"http:\/\/diarioelpopular.com\/?p=46024"},"modified":"2012-01-05T23:16:14","modified_gmt":"2012-01-06T04:16:14","slug":"el-mal-tiempo-obliga-a-suspender-la-sexta-etapa-del-dakar","status":"publish","type":"post","link":"https:\/\/diarioelpopular.com\/index.php\/2012\/01\/05\/el-mal-tiempo-obliga-a-suspender-la-sexta-etapa-del-dakar\/","title":{"rendered":"El mal tiempo obliga a suspender la sexta etapa del Dakar"},"content":{"rendered":"<div id=\"attachment_46025\" style=\"width: 710px\" class=\"wp-caption aligncenter\"><a href=\"https:\/\/diarioelpopular.com\/wp-content\/uploads\/2012\/01\/Nieve-en-el-Dakar-2012.jpg\"><img loading=\"lazy\" decoding=\"async\" aria-describedby=\"caption-attachment-46025\" class=\"size-full wp-image-46025\" title=\"Nieve en el Dakar 2012\" src=\"https:\/\/diarioelpopular.com\/wp-content\/uploads\/2012\/01\/Nieve-en-el-Dakar-2012.jpg\" alt=\"\" width=\"700\" height=\"420\" \/><\/a><p id=\"caption-attachment-46025\" class=\"wp-caption-text\">El piloto franc\u00e9s Joseph Adua conduce su cami\u00f3n este jueves 5 de enero, en la quinta etapa entre Chilecito y Fiambal\u00e1 (Argentina). Foto: C\u00e9zaro de Luca \/ Efe<\/p><\/div>\n<p><strong><em>Gerard Soler. Fiambal\u00e1 (Argentina).-<\/em><\/strong> La sexta etapa del\u00a0Dakar, entre la localidad argentina de Fiambal\u00e1 y la chilena de Copiap\u00f3, fue suspendida debido a las malas condiciones climatol\u00f3gicas en el paso fronterizo entre los dos pa\u00edses, inform\u00f3 este jueves la organizaci\u00f3n del rally.<\/p>\n<p>Seg\u00fan dijo un miembro de la organizaci\u00f3n, el paso San Francisco, situado a m\u00e1s de 4.700 metros de altitud, permanece cerrado al tr\u00e1nsito de veh\u00edculos debido a un temporal de nieve.<\/p>\n<p>&#8220;Teniendo en cuenta el empeoramiento de las condiciones climatol\u00f3gicas en la cordillera las autoridades chilenas se han visto obligadas a cerrar esta noche el paso San Francisco&#8221;, se\u00f1al\u00f3 la organizaci\u00f3n en un comunicado.<\/p>\n<p>Todos los participantes del\u00a0Dakar\u00a0cruzar\u00e1n la frontera &#8220;en convoy&#8221; para garantizar la seguridad de los pilotos y de los seguidores, a\u00f1ade el texto.<\/p>\n<p>&#8220;Es lo m\u00e1s razonable para nosotros y todo el mundo de la caravana del\u00a0Dakar&#8221;, indic\u00f3 el director del rally, Etienne Lavigne, en declaraciones a los periodistas.<\/p>\n<p>La organizaci\u00f3n precis\u00f3 que el itinerario previsto inicialmente ha sido modificado despu\u00e9s de la frontera chilena y los veh\u00edculos circular\u00e1n por una carretera en direcci\u00f3n a la localidad de Diego de Almagro, cerca de la ciudad de Copiap\u00f3, en el norte de Chile.<\/p>\n<p>Antes de la frontera, la caravana del\u00a0Dakar\u00a0recorrer\u00e1 394 kil\u00f3metros entre Fiambal\u00e1 y el paso San Francisco.<\/p>\n<p>Las primeras motos saldr\u00e1n del campamento en Fiambal\u00e1 sobre las ocho de la ma\u00f1ana, dijo Lavigne, quien dijo que las previsiones meteorol\u00f3gicas para ma\u00f1ana son favorables.<\/p>\n<p>En el\u00a0Dakar\u00a02009, la organizaci\u00f3n suspendi\u00f3 la misma etapa pero en sentido inverso, de Copiap\u00f3 a Fiambal\u00e1, debido a la posibilidad de que hubiera niebla en la ciudad chilena por la ma\u00f1ana.<a name=\"despres\"><\/a><\/p>\n<p><strong>Despres se impone en motos y Peterhansel sigue l\u00edder<\/strong><\/p>\n<p>Mientras, el piloto de motos franc\u00e9s Cyril Despres (KTM) se impuso este jueves en la quinta etapa del\u00a0Dakar\u00a0y lidera con solidez la carrera como su compatriota St\u00e9phane Peterhansel (Mini) en autos, aunque sus compa\u00f1eros de equipo se mantienen al acecho.<\/p>\n<p>Despres fue el m\u00e1s r\u00e1pido en recorrer los 185 kil\u00f3metros cronometrados entre Chilecito y Fiambal\u00e1 por delante del espa\u00f1ol Marc Coma (KTM), que perdi\u00f3 1 minuto y 41 segundos en la general y est\u00e1 a casi diez minutos del galo.<\/p>\n<p>En un principio la etapa era m\u00e1s larga, pero la organizaci\u00f3n decidi\u00f3 recortar los \u00faltimos 80 kil\u00f3metros porque las lluvias que cayeron en las \u00faltimas horas hab\u00edan dejado el terreno impracticable.<\/p>\n<p>Esta modificaci\u00f3n rebaj\u00f3 considerablemente la dificultad de la etapa, que la mayor\u00eda de los pilotos recordaban de los a\u00f1os anteriores por ser una de las m\u00e1s exigentes del\u00a0Dakar.<\/p>\n<p>&#8220;Cu\u00e1ntas m\u00e1s cosas se anulen y m\u00e1s f\u00e1cil quede la carrera, peor para m\u00ed. Necesito una carrera complicada en la que pasen cosas para que se presente mi oportunidad&#8221;, dijo Coma.<\/p>\n<p>El tambi\u00e9n espa\u00f1ol Joan Barreda (Husqvarna) consigui\u00f3 una meritoria tercera posici\u00f3n, aunque en la clasificaci\u00f3n est\u00e1 a m\u00e1s de tres horas de la cabeza de carrera por problemas mec\u00e1nicos y dos penalizaciones.<\/p>\n<p>Jordi Viladoms y Gerard Farr\u00e9s, ambos con una KTM del equipo Bordone Ferrari, fueron quinto y octavo respectivamente, mientras que el chileno Francisco &#8216;Chaleco&#8217; L\u00f3pez fue noveno a casi veinte minutos del ganador.<\/p>\n<p>Despres y Coma ya han abierto una gruesa brecha en la clasificaci\u00f3n antes de que el\u00a0Dakar\u00a0cruce a Chile y se encuentre con el imponente desierto de Atacama.<\/p>\n<p>Los dos favoritos se alistan para su particular duelo en las dunas chilenas y peruanas mientras por detr\u00e1s se vislumbra una apasionante pelea por la tercera posici\u00f3n entre el portugu\u00e9s Helder Rodrigues (Yamaha), &#8216;Chaleco&#8217; L\u00f3pez y un peque\u00f1o grupo de pilotos.<\/p>\n<p>Los Mini dominaron la jornada en la categor\u00eda de autos, con cinco veh\u00edculos entre los seis primeros clasificados.<\/p>\n<p>La victoria fue para el polaco Krzysztof Holowczyc (Mini) con una estrecha ventaja de un minuto sobre el estadounidense Robby Gordon (Hummer).<\/p>\n<p>Peterhansel fue tercero, Joan &#8216;Nani&#8217; Roma cuarto y el ruso Leonid Novitskiy y el portugu\u00e9s Ricardo Leal cerraron la participaci\u00f3n de los Mini.<\/p>\n<p>Lo de Nasser Al-Attiyah (Hummer) merece un cap\u00edtulo a parte. El catar\u00ed volaba por las dunas de Fiambal\u00e1, pulverizaba todos los tiempos parciales y parec\u00eda a punto de conseguir una victoria que le levantara la moral para meterse en la pelea por el liderato.<\/p>\n<p>Pero a pocos kil\u00f3metros del final de la especial se solt\u00f3 un neum\u00e1tico de repuesto y parti\u00f3 el filtro de agua. El Hummer se calent\u00f3 y Al-Attiyah y su copiloto Lucas Cruz tuvieron que detenerse para repararlo.<\/p>\n<p>El balance de la jornada fueron m\u00e1s de veinte minutos perdidos, que se suman a otros veinte que perdieron ayer metidos en el barro y a los casi diez que se escaparon en la primera etapa.<\/p>\n<p>Los Mini de Peterhansel, Holowczyc y &#8216;Nani&#8217; ocupan las tres primeras plazas en la clasificaci\u00f3n general. Gordon da la cara por los Hummer en la cuarta posici\u00f3n y quinto es el sudafricano Giniel De Villiers (Toyota), que hoy tuvo algunos problemas y perdi\u00f3 m\u00e1s de quince minutos.<\/p>\n<p>En quads el triunfo fue para el argentino Marcos Patronelli (Yamaha), aunque su compatriota Tom\u00e1s Maffei (Yamaha) sigue l\u00edder con solo 35 segundos de ventaja sobre Alejandro Patronelli (Yamaha).<\/p>\n<p>Y en camiones el holand\u00e9s Gerard De Rooy (Iveco) sum\u00f3 una nueva victoria parcial y se mantiene al frente de la clasificaci\u00f3n.<\/p>\n<p>El\u00a0Dakar\u00a0abandona ahora Argentina y aterriza en Chile. El rally llega al desierto de Atacama, considerado el coraz\u00f3n del\u00a0Dakar\u00a0latinoamericano.<\/p>\n<p>La pr\u00f3xima jornada empezar\u00e1 con un largo enlace desde Fiambal\u00e1 hasta el Paso San Francisco, a 4.700 metros de altura, que separa Argentina y Chile en la cordillera de los Andes.<\/p>\n<p>Una vez en Chile la especial tendr\u00e1 247 kil\u00f3metros de terrenos pedregosos y cuatro sectores de dunas.<\/p>\n","protected":false},"excerpt":{"rendered":"<p>La sexta etapa del Dakar, entre la localidad argentina de Fiambal\u00e1 y la chilena de Copiap\u00f3, fue suspendida debido a las malas condiciones climatol\u00f3gicas en el paso fronterizo entre los dos pa\u00edses.<br \/>\n<a href=\"http:\/\/diarioelpopular.com\/2012\/01\/el-mal-tiempo-obliga-a-suspender-la-sexta-etapa-del-dakar\/#despres\"><span style=\"color: #000D54\"><strong>\u00bb Despres se impone en motos y Peterhansel sigue l\u00edder<\/strong><\/span><\/a><\/p>\n","protected":false},"author":1,"featured_media":46025,"comment_status":"closed","ping_status":"open","sticky":false,"template":"","format":"standard","meta":{"footnotes":""},"categories":[28],"tags":[43,114,46,173],"class_list":["post-46024","post","type-post","status-publish","format-standard","has-post-thumbnail","hentry","category-deportes","tag-argentina","tag-chile","tag-dakar","tag-rally"],"_links":{"self":[{"href":"https:\/\/diarioelpopular.com\/index.php\/wp-json\/wp\/v2\/posts\/46024","targetHints":{"allow":["GET"]}}],"collection":[{"href":"https:\/\/diarioelpopular.com\/index.php\/wp-json\/wp\/v2\/posts"}],"about":[{"href":"https:\/\/diarioelpopular.com\/index.php\/wp-json\/wp\/v2\/types\/post"}],"author":[{"embeddable":true,"href":"https:\/\/diarioelpopular.com\/index.php\/wp-json\/wp\/v2\/users\/1"}],"replies":[{"embeddable":true,"href":"https:\/\/diarioelpopular.com\/index.php\/wp-json\/wp\/v2\/comments?post=46024"}],"version-history":[{"count":0,"href":"https:\/\/diarioelpopular.com\/index.php\/wp-json\/wp\/v2\/posts\/46024\/revisions"}],"wp:featuredmedia":[{"embeddable":true,"href":"https:\/\/diarioelpopular.com\/index.php\/wp-json\/"}],"wp:attachment":[{"href":"https:\/\/diarioelpopular.com\/index.php\/wp-json\/wp\/v2\/media?parent=46024"}],"wp:term":[{"taxonomy":"category","embeddable":true,"href":"https:\/\/diarioelpopular.com\/index.php\/wp-json\/wp\/v2\/categories?post=46024"},{"taxonomy":"post_tag","embeddable":true,"href":"https:\/\/diarioelpopular.com\/index.php\/wp-json\/wp\/v2\/tags?post=46024"}],"curies":[{"name":"wp","href":"https:\/\/api.w.org\/{rel}","templated":true}]}}