{"id":460309,"date":"2015-02-25T00:05:13","date_gmt":"2015-02-25T05:05:13","guid":{"rendered":"http:\/\/diarioelpopular.com\/?p=460309"},"modified":"2015-02-24T20:39:57","modified_gmt":"2015-02-25T01:39:57","slug":"trudeau-expreso-apoyo-al-suicidio-asistido","status":"publish","type":"post","link":"https:\/\/diarioelpopular.com\/index.php\/2015\/02\/25\/trudeau-expreso-apoyo-al-suicidio-asistido\/","title":{"rendered":"Trudeau expres\u00f3 apoyo al suicidio asistido"},"content":{"rendered":"<div id=\"attachment_460311\" style=\"width: 570px\" class=\"wp-caption aligncenter\"><a href=\"https:\/\/diarioelpopular.com\/wp-content\/uploads\/2015\/02\/foto-1breves-2.jpg\"><img loading=\"lazy\" decoding=\"async\" aria-describedby=\"caption-attachment-460311\" class=\"size-large wp-image-460311\" src=\"https:\/\/diarioelpopular.com\/wp-content\/uploads\/2015\/02\/foto-1breves-2-560x373.jpg\" alt=\"Trudeau expres\u00f3 que la Corte Suprema de Canad\u00e1 actu\u00f3 apropiadamente  en relaci\u00f3n con tema.\" width=\"560\" height=\"373\" \/><\/a><p id=\"caption-attachment-460311\" class=\"wp-caption-text\">Trudeau expres\u00f3 que la Corte Suprema de Canad\u00e1 actu\u00f3 apropiadamente en relaci\u00f3n con tema.<\/p><\/div>\n<p><strong><em>OTTAWA.-<\/em> <\/strong>Justin Trudeau manifest\u00f3 su acuerdo con la muerte asistida por un m\u00e9dico a ra\u00edz de su experiencia personal con el padre.<\/p>\n<p>Personalmente, expres\u00f3 que la Corte Suprema de Canad\u00e1 actu\u00f3 apropiadamente en relaci\u00f3n con tema.<\/p>\n<p>El l\u00edder liberal dijo que su punto de vista se basa en su experiencia cuando su padre, el ex Primer Ministro Pierre Trudeau, se encontraba en sus \u00faltimos momentos.<\/p>\n<p>Trudeau ha confirmado que su padre tambi\u00e9n hab\u00eda sido diagnosticado con demencia en etapa temprana y opt\u00f3 por no recibir tratamiento para el c\u00e1ncer de pr\u00f3stata en estado avanzado.<\/p>\n<p>Trudeau coment\u00f3 que los parlamentarios tienen la obligaci\u00f3n de escuchar a todas las partes en su intento de elaborar una nueva ley.<\/p>\n<p>El tribunal ha dado al Parlamento 12 meses para redactar una ley que reconoce el derecho de los adultos que en estado consciente padecen de un sufrimiento f\u00edsico o mental intolerable y piden ayuda m\u00e9dica para poner fin a sus vidas.<\/p>\n<p>Trudeau ha presentado ante la C\u00e1mara de los Comunes una moci\u00f3n solicitando la creaci\u00f3n de una comisi\u00f3n multipartidaria de consulta a expertos canadienses para redactar los contornos de una nueva ley antes de finales de julio, aunque los conservadores votar\u00e1n en contra porque pretenden implementar sus propias consultas pronto.<\/p>\n","protected":false},"excerpt":{"rendered":"<p>Justin Trudeau manifest\u00f3 su acuerdo con la muerte asistida por un m\u00e9dico a ra\u00edz de su experiencia personal con el padre.<\/p>\n","protected":false},"author":5842,"featured_media":0,"comment_status":"open","ping_status":"open","sticky":false,"template":"","format":"standard","meta":{"footnotes":""},"categories":[21],"tags":[],"class_list":["post-460309","post","type-post","status-publish","format-standard","hentry","category-canada"],"_links":{"self":[{"href":"https:\/\/diarioelpopular.com\/index.php\/wp-json\/wp\/v2\/posts\/460309","targetHints":{"allow":["GET"]}}],"collection":[{"href":"https:\/\/diarioelpopular.com\/index.php\/wp-json\/wp\/v2\/posts"}],"about":[{"href":"https:\/\/diarioelpopular.com\/index.php\/wp-json\/wp\/v2\/types\/post"}],"author":[{"embeddable":true,"href":"https:\/\/diarioelpopular.com\/index.php\/wp-json\/wp\/v2\/users\/5842"}],"replies":[{"embeddable":true,"href":"https:\/\/diarioelpopular.com\/index.php\/wp-json\/wp\/v2\/comments?post=460309"}],"version-history":[{"count":1,"href":"https:\/\/diarioelpopular.com\/index.php\/wp-json\/wp\/v2\/posts\/460309\/revisions"}],"predecessor-version":[{"id":460312,"href":"https:\/\/diarioelpopular.com\/index.php\/wp-json\/wp\/v2\/posts\/460309\/revisions\/460312"}],"wp:attachment":[{"href":"https:\/\/diarioelpopular.com\/index.php\/wp-json\/wp\/v2\/media?parent=460309"}],"wp:term":[{"taxonomy":"category","embeddable":true,"href":"https:\/\/diarioelpopular.com\/index.php\/wp-json\/wp\/v2\/categories?post=460309"},{"taxonomy":"post_tag","embeddable":true,"href":"https:\/\/diarioelpopular.com\/index.php\/wp-json\/wp\/v2\/tags?post=460309"}],"curies":[{"name":"wp","href":"https:\/\/api.w.org\/{rel}","templated":true}]}}