{"id":460326,"date":"2015-02-26T17:46:26","date_gmt":"2015-02-26T22:46:26","guid":{"rendered":"http:\/\/diarioelpopular.com\/?p=460326"},"modified":"2015-02-26T17:46:35","modified_gmt":"2015-02-26T22:46:35","slug":"preventiva-judicial-del-caso-ghomeshi-para-finales-de-marzo","status":"publish","type":"post","link":"https:\/\/diarioelpopular.com\/index.php\/2015\/02\/26\/preventiva-judicial-del-caso-ghomeshi-para-finales-de-marzo\/","title":{"rendered":"Preventiva judicial del caso Ghomeshi para finales de marzo"},"content":{"rendered":"<div id=\"attachment_460327\" style=\"width: 570px\" class=\"wp-caption aligncenter\"><a href=\"https:\/\/diarioelpopular.com\/wp-content\/uploads\/2015\/02\/foto-1-breves-211.jpg\"><img loading=\"lazy\" decoding=\"async\" aria-describedby=\"caption-attachment-460327\" class=\"size-large wp-image-460327\" src=\"https:\/\/diarioelpopular.com\/wp-content\/uploads\/2015\/02\/foto-1-breves-211-560x314.jpg\" alt=\"Ghomeshi fue despedido por la emisora y acusado por asalto sexual.\" width=\"560\" height=\"314\" \/><\/a><p id=\"caption-attachment-460327\" class=\"wp-caption-text\">Ghomeshi fue despedido por la emisora y acusado por asalto sexual.<\/p><\/div>\n<p><strong><em>TORONTO.-<\/em><\/strong> Una preventiva judicial en el caso por asalto sexual contra Jian Ghomeshi se ha fijado para el 27 de marzo a las 10:00 am.<\/p>\n<p>La abogado de Ghomeshi, Marie Henein, compareci\u00f3 sin el acusado a la Corte, en College Park.<\/p>\n<p>Despu\u00e9s de la audiencia, Henein sali\u00f3 del edificio sin declarar antes los medios de comunicaci\u00f3n.<\/p>\n<p>En la sala del tribunal, dijo al juez que est\u00e1 a la espera de m\u00e1s material, pero que &#8220;adelantar el proceso en ese tiempo&#8221;.<\/p>\n<p>En otra cita ante la corte, a principios de mes, otra abogada de Ghomeshi, Danielle Robichaud, dijo que hab\u00eda recibido m\u00e1s de 1.000 p\u00e1ginas de divulgaci\u00f3n por parte de la Corona.<\/p>\n<p>Ghomeshi, 47 a\u00f1os, se enfrenta a siete cargos de asalto sexual y uno de superar la resistencia por asfixia en acusaciones, entre 2002 hasta 2008.<\/p>\n<p>El ex presentador del conocido radio show Q fue despedido por la emisora \u200b\u200ben octubre y fue acusado por la polic\u00eda un mes despu\u00e9s.<\/p>\n<p>En una comparecencia ante el tribunal, se presentaron tres nuevas denuncias lo que gener\u00f3 tres cargos adicionales.<\/p>\n<p>Ghomeshi fue liberado bajo fianza de $100.000. Si es declarado culpable, Ghomeshi enfrentar\u00eda una sentencia m\u00e1xima de cadena perpetua.<\/p>\n","protected":false},"excerpt":{"rendered":"<p>Una preventiva judicial en el caso por asalto sexual contra Jian Ghomeshi se ha fijado para el 27 de marzo a las 10:00 am.<\/p>\n","protected":false},"author":5842,"featured_media":0,"comment_status":"open","ping_status":"open","sticky":false,"template":"","format":"standard","meta":{"footnotes":""},"categories":[21],"tags":[],"class_list":["post-460326","post","type-post","status-publish","format-standard","hentry","category-canada"],"_links":{"self":[{"href":"https:\/\/diarioelpopular.com\/index.php\/wp-json\/wp\/v2\/posts\/460326","targetHints":{"allow":["GET"]}}],"collection":[{"href":"https:\/\/diarioelpopular.com\/index.php\/wp-json\/wp\/v2\/posts"}],"about":[{"href":"https:\/\/diarioelpopular.com\/index.php\/wp-json\/wp\/v2\/types\/post"}],"author":[{"embeddable":true,"href":"https:\/\/diarioelpopular.com\/index.php\/wp-json\/wp\/v2\/users\/5842"}],"replies":[{"embeddable":true,"href":"https:\/\/diarioelpopular.com\/index.php\/wp-json\/wp\/v2\/comments?post=460326"}],"version-history":[{"count":1,"href":"https:\/\/diarioelpopular.com\/index.php\/wp-json\/wp\/v2\/posts\/460326\/revisions"}],"predecessor-version":[{"id":460328,"href":"https:\/\/diarioelpopular.com\/index.php\/wp-json\/wp\/v2\/posts\/460326\/revisions\/460328"}],"wp:attachment":[{"href":"https:\/\/diarioelpopular.com\/index.php\/wp-json\/wp\/v2\/media?parent=460326"}],"wp:term":[{"taxonomy":"category","embeddable":true,"href":"https:\/\/diarioelpopular.com\/index.php\/wp-json\/wp\/v2\/categories?post=460326"},{"taxonomy":"post_tag","embeddable":true,"href":"https:\/\/diarioelpopular.com\/index.php\/wp-json\/wp\/v2\/tags?post=460326"}],"curies":[{"name":"wp","href":"https:\/\/api.w.org\/{rel}","templated":true}]}}