{"id":460361,"date":"2015-02-26T20:27:19","date_gmt":"2015-02-27T01:27:19","guid":{"rendered":"http:\/\/diarioelpopular.com\/?p=460361"},"modified":"2015-02-26T20:27:27","modified_gmt":"2015-02-27T01:27:27","slug":"canada-ultima-detalles-para-recibir-el-mundial-femenino-en-100-dias","status":"publish","type":"post","link":"https:\/\/diarioelpopular.com\/index.php\/2015\/02\/26\/canada-ultima-detalles-para-recibir-el-mundial-femenino-en-100-dias\/","title":{"rendered":"Canad\u00e1 ultima detalles para recibir el Mundial femenino en 100 d\u00edas"},"content":{"rendered":"<div id=\"attachment_460362\" style=\"width: 570px\" class=\"wp-caption aligncenter\"><a href=\"https:\/\/diarioelpopular.com\/wp-content\/uploads\/2015\/02\/IMAGEN-15305175-2.jpg\"><img loading=\"lazy\" decoding=\"async\" aria-describedby=\"caption-attachment-460362\" class=\"size-large wp-image-460362\" src=\"https:\/\/diarioelpopular.com\/wp-content\/uploads\/2015\/02\/IMAGEN-15305175-2-560x280.jpg\" alt=\"Colombia enfrentar\u00e1 a M\u00e9xico, a Inglaterra y a Francia en la fase de grupos del Mundial.\" width=\"560\" height=\"280\" \/><\/a><p id=\"caption-attachment-460362\" class=\"wp-caption-text\">Colombia enfrentar\u00e1 a M\u00e9xico, a Inglaterra y a Francia en la fase de grupos del Mundial.<\/p><\/div>\n<p>La Fifa y el comit\u00e9 organizador del Mundial de Canad\u00e1, que comenzar\u00e1 dentro de 100 d\u00edas, se mostraron convencidos de que los aficionados presenciar\u00e1n entre el 6 de junio y el 5 de julio la conquista de una nueva meta en el deseado desarrollo del f\u00fatbol femenino.<\/p>\n<p>Con el recuerdo de la final que hace cuatro a\u00f1os protagonizaron las selecciones de Jap\u00f3n y Estados Unidos, considerado el mejor encuentro de f\u00fatbol femenino, la organizaci\u00f3n del Mundial de Canad\u00e1 y la Fifa iniciaron ayer jueves la cuenta regresiva hacia la cita que entre el 6 de junio y el 5 de julio albergar\u00e1n las ciudades de Edmonton, Vancouver, Winnipeg, Ottawa, Montreal y Moncton.<\/p>\n<p>&#8220;Estoy segura de que los aficionados disfrutar\u00e1n en Canad\u00e1 de una gran hospitalidad y de un f\u00fatbol fant\u00e1stico&#8221;, indic\u00f3 Moya Dodd, miembro del Comit\u00e9 Ejecutivo de la Fifa en declaraciones facilidades por el \u00f3rgano rector del f\u00fatbol mundial. &#8220;Protagonizaremos el siguiente gran hito del f\u00fatbol femenino&#8221;, coincidi\u00f3 Steffi Jones, directora del pasado Mundial de Alemania.<\/p>\n<p>La exfutbolista, campeona del mundo en el a\u00f1o 2003, adelant\u00f3 que el pa\u00eds norteamericano afrontar\u00e1 con \u00e9xito el desaf\u00edo de la organizaci\u00f3n de la cita mundialista, en la que por vez primera participar\u00e1 la selecci\u00f3n espa\u00f1ola.<\/p>\n<p>Jones apunt\u00f3 que de la actuaci\u00f3n del combinado anfitri\u00f3n depender\u00e1 en buena medida el impacto de una competici\u00f3n que se disputar\u00e1 sobre c\u00e9sped artificial pese a la oposici\u00f3n de algunas de las mejores jugadoras del mundo.<\/p>\n<p>&#8220;Podemos asegurar que la calidad del c\u00e9sped ser\u00e1 la m\u00e1xima&#8221;, remarc\u00f3 el presidente de la Comisi\u00f3n Organizadora del Mundial de Canad\u00e1 2015, Victor Montagliani. &#8220;Habr\u00e1 dieciocho campos de entrenamiento y, al igual que los estadios, contar\u00e1n con la m\u00e1s alta calidad&#8221;, explic\u00f3.<\/p>\n<p>Selecci\u00f3n Colombia<\/p>\n<p>El equipo cafetero qued\u00f3 en el grupo F de la competencia junto a Francia Inglaterra y M\u00e9xico. El debut de la Selecci\u00f3n Colombia en el torneo ser\u00e1 el 9 de junio contra el equipo Azteca, en Moncton. En esa misma ciudad ser\u00e1 el segundo partido, contra las francesas, el 13 de junio. El \u00faltimo partido de la fase de grupos ser\u00e1 el 17 de junio, en Montreal, contra el seleccionado ingl\u00e9s.<\/p>\n<p>&nbsp;<\/p>\n<p>Colombia enfrentar\u00e1 a M\u00e9xico, a Inglaterra y a Francia en la fase de grupos del Mundial.<\/p>\n<p>&nbsp;<\/p>\n<p>&nbsp;<\/p>\n","protected":false},"excerpt":{"rendered":"<p>La competencia que se realizar\u00e1 en seis ciudades ser\u00e1 entre el 6 de junio y el 5 de julio.<\/p>\n","protected":false},"author":5842,"featured_media":0,"comment_status":"open","ping_status":"open","sticky":false,"template":"","format":"standard","meta":{"footnotes":""},"categories":[28],"tags":[],"class_list":["post-460361","post","type-post","status-publish","format-standard","hentry","category-deportes"],"_links":{"self":[{"href":"https:\/\/diarioelpopular.com\/index.php\/wp-json\/wp\/v2\/posts\/460361","targetHints":{"allow":["GET"]}}],"collection":[{"href":"https:\/\/diarioelpopular.com\/index.php\/wp-json\/wp\/v2\/posts"}],"about":[{"href":"https:\/\/diarioelpopular.com\/index.php\/wp-json\/wp\/v2\/types\/post"}],"author":[{"embeddable":true,"href":"https:\/\/diarioelpopular.com\/index.php\/wp-json\/wp\/v2\/users\/5842"}],"replies":[{"embeddable":true,"href":"https:\/\/diarioelpopular.com\/index.php\/wp-json\/wp\/v2\/comments?post=460361"}],"version-history":[{"count":1,"href":"https:\/\/diarioelpopular.com\/index.php\/wp-json\/wp\/v2\/posts\/460361\/revisions"}],"predecessor-version":[{"id":460363,"href":"https:\/\/diarioelpopular.com\/index.php\/wp-json\/wp\/v2\/posts\/460361\/revisions\/460363"}],"wp:attachment":[{"href":"https:\/\/diarioelpopular.com\/index.php\/wp-json\/wp\/v2\/media?parent=460361"}],"wp:term":[{"taxonomy":"category","embeddable":true,"href":"https:\/\/diarioelpopular.com\/index.php\/wp-json\/wp\/v2\/categories?post=460361"},{"taxonomy":"post_tag","embeddable":true,"href":"https:\/\/diarioelpopular.com\/index.php\/wp-json\/wp\/v2\/tags?post=460361"}],"curies":[{"name":"wp","href":"https:\/\/api.w.org\/{rel}","templated":true}]}}