{"id":460368,"date":"2015-02-26T20:34:07","date_gmt":"2015-02-27T01:34:07","guid":{"rendered":"http:\/\/diarioelpopular.com\/?p=460368"},"modified":"2015-02-26T20:34:07","modified_gmt":"2015-02-27T01:34:07","slug":"el-juez-desestima-la-denuncia-de-nisman-contra-la-presidenta-argentina","status":"publish","type":"post","link":"https:\/\/diarioelpopular.com\/index.php\/2015\/02\/26\/el-juez-desestima-la-denuncia-de-nisman-contra-la-presidenta-argentina\/","title":{"rendered":"El juez desestima la denuncia de Nisman contra la presidenta argentina"},"content":{"rendered":"<div id=\"attachment_460369\" style=\"width: 570px\" class=\"wp-caption aligncenter\"><a href=\"https:\/\/diarioelpopular.com\/wp-content\/uploads\/2015\/02\/1424784916_002232_1424785189_noticia_normal.jpg\"><img loading=\"lazy\" decoding=\"async\" aria-describedby=\"caption-attachment-460369\" class=\"size-full wp-image-460369\" src=\"https:\/\/diarioelpopular.com\/wp-content\/uploads\/2015\/02\/1424784916_002232_1424785189_noticia_normal.jpg\" alt=\"Cristina Fern\u00e1ndez en la inauguraci\u00f3n de un nuevo edificio municipal el pasado 23 de febrero.\" width=\"560\" height=\"324\" \/><\/a><p id=\"caption-attachment-460369\" class=\"wp-caption-text\">Cristina Fern\u00e1ndez en la inauguraci\u00f3n de un nuevo edificio municipal el pasado 23 de febrero.<\/p><\/div>\n<p style=\"color: #333333\"><strong><em>BUENOS AIRES.-<\/em> <\/strong>El juez Daniel Rafecas ha desestimado\u00a0<a style=\"color: #016ca2\" href=\"http:\/\/internacional.elpais.com\/internacional\/2015\/01\/14\/actualidad\/1421258158_328661.html\" target=\"_blank\">la imputaci\u00f3n que el fallecido fiscal Alberto Nisman efectu\u00f3 el 14 de enero contra la presidenta Cristina Fern\u00e1ndez<\/a>\u00a0y que el fiscal Gerardo Pollicita impuls\u00f3 el 13 de febrero bas\u00e1ndose en los datos aportados por Nisman en enero. Los dos fiscales interpretaron que hab\u00eda elementos suficientes como para investigar a la presidenta, al ministro de Exteriores, H\u00e9ctor Timerman, y a otros ciudadanos pr\u00f3ximos al Gobierno, por supuesto encubrimiento de terroristas iran\u00edes. Sin embargo, Rafecas califica de \u201calarmante\u201d que se hubiera efectuado una imputaci\u00f3n tan \u201cgrave\u201d contra la presidenta sin \u201celementos de prueba\u201d para respaldarla.<\/p>\n<p style=\"color: #333333\">Nisman argument\u00f3 en su denuncia que Cristina Fern\u00e1ndez promovi\u00f3 a finales de enero de 2013 un acuerdo o memorando de entendimiento con Ir\u00e1n respecto a la investigaci\u00f3n del<a style=\"color: #016ca2\" href=\"http:\/\/elpais.com\/diario\/1994\/07\/19\/internacional\/774568814_850215.html\">atentado con coche bomba contra la sede porte\u00f1a de la Asociaci\u00f3n Mutual Israelita Argentina (AMIA)<\/a>el 18 de julio de 1994. Aquel acuerdo contemplaba la creaci\u00f3n de una Comisi\u00f3n de la Verdad integrada por juristas internacionales que entrevistar\u00edan a los ciudadanos iran\u00edes implicados en el atentado. Nisman sostuvo en su denuncia que el preacuerdo con Ir\u00e1n era un pretexto para conseguir petr\u00f3leo iran\u00ed a cambio de levantar las \u00f3rdenes de busca y captura que la Interpol mantiene sobre cinco ex altos cargos iran\u00edes a cambio de acuerdos comerciales.<\/p>\n<p style=\"color: #333333\">Sin embargo, el juez Rafecas indica que\u00a0<a style=\"color: #016ca2\" href=\"http:\/\/internacional.elpais.com\/internacional\/2015\/01\/22\/actualidad\/1421925039_624424.html\" target=\"_blank\">las expresiones y actitudes de Cristina Fern\u00e1ndez respecto a la investigaci\u00f3n<\/a>\u00a0de la causa AMIA \u201chan guardado una notable coherencia en punto a la persecuci\u00f3n de los fines de verdad y justicia\u201d. Rafecas se\u00f1ala que para Nisman esas actitudes de Cristina Fern\u00e1ndez eran una \u201cmascarada\u201d que escond\u00eda \u201coscuros e inconfesables intereses espurios\u201d. All\u00e1 donde Nisman observ\u00f3 una \u201cmascarada\u201d, Rafecas ve un \u201csalto imaginativo\u201d por parte del fiscal.<\/p>\n<p style=\"color: #333333\">\u201cSi la grave acusaci\u00f3n del Dr. Nisman fuera cierta\u201d, se\u00f1ala el juez, \u201chabr\u00eda que admitir que una figura pol\u00edtica, que actualmente reviste la presidencia, que a lo largo de 20 a\u00f1os de trayectoria ha sido consecuente en la b\u00fasqueda en proveer verdad y justicia a las v\u00edctimas del atentado, conciba dar un giro en sus convicciones de 180 grados, e instruya a sus subordinados, a traicionar a esos valores, a su pa\u00eds, y especialmente a las v\u00edctimas que siguen esperando por verdad y justicia\u201d.<\/p>\n<p>El juez estima que el acuerdo con Ir\u00e1n nunca pas\u00f3 de su fase inicial y nunca se lleg\u00f3 a crear una Comisi\u00f3n de la Verdad. Por tanto, las alertas rojas u \u00f3rdenes de busca y captura de Interpol nunca fueron levantadas. \u201c\u00bfC\u00f3mo puede un instrumento jur\u00eddico que nunca cobr\u00f3 vida constituir un favorecimiento real, una ayuda material concreta prestada \u2013en este caso- a pr\u00f3fugos de la justicia argentina?\u201d, se pregunta Rafecas en su resoluci\u00f3n.<\/p>\n<p>Rafecas observa que lo \u00fanico que present\u00f3 Nisman para probar la implicaci\u00f3n de la presidenta fueron recortes de prensa y tres conversaciones telef\u00f3nicas en las cuales se alud\u00eda a Cristina Fern\u00e1ndez. En la primera grabaci\u00f3n, registrada el 28 de enero de 2013, se escucha al ciudadano argentino y dirigente isl\u00e1mico proiran\u00ed Yussuf Khalil charlando con el supuesto esp\u00eda Allan Bogado. La segunda escucha transcurre el 20 de mayo de 2013 entre Khalil y el dirigente social kirchnerista Luis D\u2019El\u00eda. Y la tercera, tiene lugar el 6 de febrero de 2013 entre Khalil y Allan Bogado.<\/p>\n<p>El juez estima que ninguna de esas tres conversaciones permiten interpretar que la presidenta encubr\u00eda a supuestos terroristas. \u201cY para colmo\u201d, se\u00f1ala el juez\u201d,\u00a0<a style=\"color: #016ca2\" href=\"http:\/\/internacional.elpais.com\/internacional\/2015\/01\/22\/actualidad\/1421957757_701484.html\" target=\"_blank\">uno de los interlocutores, Allan Bogado<\/a>, \u201cresult\u00f3 ser un falso esp\u00eda denunciado penalmente\u201d por la Secretar\u00eda de Inteligencia. Rafecas concluye que \u201cno hay un solo elemento de prueba\u201d contra Cristina Fern\u00e1ndez, ni siquiera como indicio.<\/p>\n<p>El juez se\u00f1ala: \u201cEn modo alguno, los elementos de juicio reunidos, siquiera por v\u00eda de hip\u00f3tesis, permiten circunscribirlos o conectarlos con un pretendido plan criminal urdido desde el seno de las m\u00e1s altas autoridades\u201d. Adem\u00e1s de la presidenta, Rafecas estima que no hay elementos para investigar a ninguno de los imputados por Nisman.<\/p>\n<p>Alberto Nisman tambi\u00e9n solicit\u00f3 en su denuncia que se interrogase a la presidenta y a su ministro de Exteriores, H\u00e9ctor Timerman. Nisman se\u00f1al\u00f3 en su escrito: \u201cLuce evidente que el compromiso de Timerman, por orden de la Sra. Presidente, fue gestionar el cese de las notificaciones rojas de Interpol, dado que se trataba del inter\u00e9s primordial de Ir\u00e1n para firmar el acuerdo\u201d. Sin embargo, Rafecas asegura que \u201cno hay documento alguno, ni testimonio alguno, ni escucha alguna, que sostenga\u201d la acusaci\u00f3n contra Timerman. \u201cEsto es especialmente alarmante en aquellos casos en donde el Dr. Nisman se\u00f1al\u00f3, con fechas incluidas, las veces en que Timerman viaj\u00f3 a la sede mundial de Interpol a entrevistarse con Noble, en mayo y noviembre de 2013\u201d, insiste Rafecas.<\/p>\n<p>\u201c\u00bfCon qu\u00e9 elementos de prueba cont\u00f3 el denunciante para asegurar que en aquellos encuentros el Canciller argentino presion\u00f3 a Interpol para que den de baja las notificaciones rojas? No los hay. Es una grave afirmaci\u00f3n sin ning\u00fan soporte probatorio. Para colmo desmentida puntualmente y en forma categ\u00f3rica, como veremos, por el Secretario General de Interpol, Ronald Noble\u201d.<\/p>\n<p>Rafecas sostiene que lo que que est\u00e1 claro, tanto en la imputaci\u00f3n de Nisman como en la de Pollicita, es que \u201cel delito nunca se cometi\u00f3\u201d. Y que los supuestos actos de ideaci\u00f3n y preparaci\u00f3n \u201cno resultan en absoluto punibles, por m\u00e1s ingratos, alarmantes, desagradables o repudiables\u201d que puedan parecer, \u201cellos o las personas que los realizan\u201d.<\/p>\n<p>Por su parte, el presidente de la Delegaci\u00f3n de Asociaciones Israelitas Argentinas, Julio Slochsser, indic\u00f3 a este diario: \u201cNos parece una resoluci\u00f3n muy bien fundada, pero no somos parte de la causa, no hemos tenido acceso a las pruebas. Somos respetuosos con las resoluciones judiciales. Me quedo con la idea, eso s\u00ed, de que en un momento dado Rafecas dice que lo \u00fanico que pretend\u00eda Ir\u00e1n era el levantamiento de las \u00f3rdenes de busca y captura emitidas por Interpol. Y como eso no se dio, el memor\u00e1ndum qued\u00f3 muerto. Eso es lo que dice Rafecas, palabras m\u00e1s o palabras menos. Ahora esperamos a ver qu\u00e9 har\u00e1 el fiscal Gerardo Pollicita. Veremos si apela o no esta resoluci\u00f3n\u201d.<\/p>\n","protected":false},"excerpt":{"rendered":"<p>Cristina Fern\u00e1ndez hab\u00eda sido acusada por el fallecido fiscal de encubrir a terroristas<\/p>\n","protected":false},"author":5842,"featured_media":0,"comment_status":"open","ping_status":"open","sticky":false,"template":"","format":"standard","meta":{"footnotes":""},"categories":[24],"tags":[],"class_list":["post-460368","post","type-post","status-publish","format-standard","hentry","category-mundo"],"_links":{"self":[{"href":"https:\/\/diarioelpopular.com\/index.php\/wp-json\/wp\/v2\/posts\/460368","targetHints":{"allow":["GET"]}}],"collection":[{"href":"https:\/\/diarioelpopular.com\/index.php\/wp-json\/wp\/v2\/posts"}],"about":[{"href":"https:\/\/diarioelpopular.com\/index.php\/wp-json\/wp\/v2\/types\/post"}],"author":[{"embeddable":true,"href":"https:\/\/diarioelpopular.com\/index.php\/wp-json\/wp\/v2\/users\/5842"}],"replies":[{"embeddable":true,"href":"https:\/\/diarioelpopular.com\/index.php\/wp-json\/wp\/v2\/comments?post=460368"}],"version-history":[{"count":1,"href":"https:\/\/diarioelpopular.com\/index.php\/wp-json\/wp\/v2\/posts\/460368\/revisions"}],"predecessor-version":[{"id":460370,"href":"https:\/\/diarioelpopular.com\/index.php\/wp-json\/wp\/v2\/posts\/460368\/revisions\/460370"}],"wp:attachment":[{"href":"https:\/\/diarioelpopular.com\/index.php\/wp-json\/wp\/v2\/media?parent=460368"}],"wp:term":[{"taxonomy":"category","embeddable":true,"href":"https:\/\/diarioelpopular.com\/index.php\/wp-json\/wp\/v2\/categories?post=460368"},{"taxonomy":"post_tag","embeddable":true,"href":"https:\/\/diarioelpopular.com\/index.php\/wp-json\/wp\/v2\/tags?post=460368"}],"curies":[{"name":"wp","href":"https:\/\/api.w.org\/{rel}","templated":true}]}}