{"id":460371,"date":"2015-02-26T20:37:05","date_gmt":"2015-02-27T01:37:05","guid":{"rendered":"http:\/\/diarioelpopular.com\/?p=460371"},"modified":"2015-02-26T20:37:05","modified_gmt":"2015-02-27T01:37:05","slug":"la-ley-anticorrupcion-de-mexico-castigara-tambien-a-particulares","status":"publish","type":"post","link":"https:\/\/diarioelpopular.com\/index.php\/2015\/02\/26\/la-ley-anticorrupcion-de-mexico-castigara-tambien-a-particulares\/","title":{"rendered":"La ley anticorrupci\u00f3n de M\u00e9xico castigar\u00e1 tambi\u00e9n a particulares"},"content":{"rendered":"<p style=\"color: #333333\">CIUDAD DE MEXICO.- Uno de los pilares del gran consenso alcanzado por el\u00a0<a style=\"color: #016ca2\" href=\"http:\/\/elpais.com\/tag\/enrique_pena_nieto\/a\/\" target=\"_blank\">Gobierno de Pe\u00f1a Nieto<\/a>\u00a0al comienzo de su legislatura fue el combate contra la corrupci\u00f3n. El llamado\u00a0<a style=\"color: #016ca2\" href=\"http:\/\/elpais.com\/tag\/pacto_por_mexico\/a\/\" target=\"_blank\">Pacto por M\u00e9xico<\/a>\u00a0recog\u00eda el compromiso de revisar a fondo los sistemas de supervisi\u00f3n y rendici\u00f3n de cuentas p\u00fablicas en un intento de atajar uno de los males end\u00e9micos del pa\u00eds. M\u00e1s de dos a\u00f1os despu\u00e9s, y en medio de las recientes pol\u00e9micas por supuestos conflictos de inter\u00e9s que apuntan al presidente y a su grupo cercano, el paquete de reformas contra la corrupci\u00f3n ech\u00f3 por fin a rodar el pasado mi\u00e9rcoles. Entre las medidas, que a\u00fan han de ser ratificadas en el pleno del Congreso, destaca la creaci\u00f3n de una Fiscal\u00eda anticorrupci\u00f3n, la extensi\u00f3n de los plazos para perseguir los casos m\u00e1s graves y posibilidad de que empresas y particulares pueden ser tambi\u00e9n sancionados.<\/p>\n<p style=\"color: #333333\">La comisi\u00f3n parlamentaria encargada respald\u00f3 con una amplia mayor\u00eda -24 votos a favor de PRI, PAN y PRD, por un voto en contra y una abstenci\u00f3n- una propuesta que incluye cambios en hasta en 14 art\u00edculos de la Constituci\u00f3n y todo un enjambre de normativa complementaria que retrasar\u00e1 la puesta en marcha del nuevo sistema al menos hasta el pr\u00f3ximo a\u00f1o.<\/p>\n<p style=\"color: #333333\">\u201cTeniendo en cuenta las experiencias internacionales, se trata de fortalecer unos mecanismos de pesos y contrapesos, de estructura muy complejos en el que es necesario involucrar a varias instituciones\u201d, detalla Lourdes Morales, directora de<a style=\"color: #016ca2\" href=\"http:\/\/rendiciondecuentas.org.mx\/\" target=\"_blank\">\u00a0Red de Rendici\u00f3n de Cuentas<\/a>, uno de los agentes sociales que participa en las negociaciones y que agrupa m\u00e1s de una treinta de entidades p\u00fablicas, empresariales y acad\u00e9micas.<\/p>\n<p style=\"color: #333333\">Organismos de supervisi\u00f3n como la Auditor\u00eda Superior de la Federaci\u00f3n ver\u00e1n reforzadas sus competencias, al entrar a fiscalizar tambi\u00e9n ahora recursos de los Estados como la recaudaci\u00f3n de impuestos, las retribuciones de su personal y los contratos con terceras empresas. Una nueva instancia judicial, el Tribunal Federal de Justicia Administrativa (TFJA), tendr\u00e1 la potestad de sancionar tanto a funcionarios p\u00fablicos \u2013que podr\u00e1n ser perseguidos durante un plazo m\u00e1ximo de siete a\u00f1os\u2013 como a empresas privadas y particulares. El texto aprobado establece que podr\u00e1 intervenir, suspender actividades y hasta disolver empresas involucradas en casos de corrupci\u00f3n. En el caso de los particulares tambi\u00e9n establece sanciones como la inhabilitaci\u00f3n para participar subvenciones o programas de ayuda p\u00fablica.<\/p>\n<p style=\"color: #333333\">\u201cEsta es una medida acertada porque clarifica esa frontera porosa que existe en M\u00e9xico entre el empresariado y la clase pol\u00edtica en la manera de hacer negocios\u201d, apunta Morales. Tanto Enrique Pe\u00f1a Nieto como su esposa, Ang\u00e9lica Rivera, y el secretario de Hacienda, Luis Videgaray, se han visto recientemente salpicados por\u00a0<a style=\"color: #016ca2\" href=\"http:\/\/internacional.elpais.com\/internacional\/2015\/01\/21\/actualidad\/1421811702_033695.html\" target=\"_blank\">las pol\u00e9micas compras de inmuebles a empresarios que a su vez fueron beneficiados con contratos millonarios de la Administraci\u00f3n<\/a>. En el caso de Rivera y de Videgaray, ambos adquirieron en 2012 viviendas a firmas controladas por Juan Armando Hinojosa Cant\u00fa, due\u00f1o del poderoso Grupo Higa y con estrechas relaciones personales con el presidente y su entorno.<\/p>\n<p style=\"color: #333333\">En un intento de sofocar la presi\u00f3n p\u00fablica provocada por estos supuestos conflictos de inter\u00e9s, el presiente tom\u00f3 la decisi\u00f3n de nombrar a principios de febrero\u00a0<a style=\"color: #016ca2\" href=\"http:\/\/internacional.elpais.com\/internacional\/2015\/02\/05\/actualidad\/1423172524_532282.html\" target=\"_blank\">un nuevo titular al frente de la Secretar\u00eda de Funci\u00f3n P\u00fablica<\/a>, que estuvo ac\u00e9fala durante 25 meses, encargado de investigar los casos. Un nombramiento que tambi\u00e9n fue ratificado mediante el acuerdo alcanzado el mi\u00e9rcoles.<\/p>\n<p style=\"color: #333333\">Nace adem\u00e1s otro \u00f3rgano nuevo con vocaci\u00f3n de independencia. La Fiscal\u00eda Anticorrupci\u00f3n, encuadrada org\u00e1nicamente dentro del TFJA, \u00a0funcionar\u00e1 como una pata m\u00e1s del poder judicial en una clara tentativa de poner distancia entre el Gobierno y las investigaciones por corrupci\u00f3n, que hasta ahora reca\u00edan en la Procuradur\u00eda General de la Rep\u00fablica (PGR). \u201cEl objetivo es garantizar que el personal de la nueva fiscal\u00eda tenga la suficiente especializaci\u00f3n, autonom\u00eda presupuestaria y pol\u00edtica. Habr\u00e1 que esperar a la evoluci\u00f3n de las normativas de desarrollo. Es un paso adelante, pero la batalla contra la corrupci\u00f3n a\u00fan no est\u00e1 ganada\u201d, cierra Morales.<\/p>\n","protected":false},"excerpt":{"rendered":"<p>El Congreso aprueba un paquete de medidas sobre rendici\u00f3n de cuentas p\u00fablicas en medio de las pol\u00e9micas sobre conflictos de inter\u00e9s en el Gobierno<\/p>\n","protected":false},"author":5842,"featured_media":0,"comment_status":"open","ping_status":"open","sticky":false,"template":"","format":"standard","meta":{"footnotes":""},"categories":[24],"tags":[],"class_list":["post-460371","post","type-post","status-publish","format-standard","hentry","category-mundo"],"_links":{"self":[{"href":"https:\/\/diarioelpopular.com\/index.php\/wp-json\/wp\/v2\/posts\/460371","targetHints":{"allow":["GET"]}}],"collection":[{"href":"https:\/\/diarioelpopular.com\/index.php\/wp-json\/wp\/v2\/posts"}],"about":[{"href":"https:\/\/diarioelpopular.com\/index.php\/wp-json\/wp\/v2\/types\/post"}],"author":[{"embeddable":true,"href":"https:\/\/diarioelpopular.com\/index.php\/wp-json\/wp\/v2\/users\/5842"}],"replies":[{"embeddable":true,"href":"https:\/\/diarioelpopular.com\/index.php\/wp-json\/wp\/v2\/comments?post=460371"}],"version-history":[{"count":1,"href":"https:\/\/diarioelpopular.com\/index.php\/wp-json\/wp\/v2\/posts\/460371\/revisions"}],"predecessor-version":[{"id":460372,"href":"https:\/\/diarioelpopular.com\/index.php\/wp-json\/wp\/v2\/posts\/460371\/revisions\/460372"}],"wp:attachment":[{"href":"https:\/\/diarioelpopular.com\/index.php\/wp-json\/wp\/v2\/media?parent=460371"}],"wp:term":[{"taxonomy":"category","embeddable":true,"href":"https:\/\/diarioelpopular.com\/index.php\/wp-json\/wp\/v2\/categories?post=460371"},{"taxonomy":"post_tag","embeddable":true,"href":"https:\/\/diarioelpopular.com\/index.php\/wp-json\/wp\/v2\/tags?post=460371"}],"curies":[{"name":"wp","href":"https:\/\/api.w.org\/{rel}","templated":true}]}}