{"id":460442,"date":"2015-03-04T20:59:48","date_gmt":"2015-03-05T01:59:48","guid":{"rendered":"http:\/\/diarioelpopular.com\/?p=460442"},"modified":"2015-03-04T20:59:59","modified_gmt":"2015-03-05T01:59:59","slug":"maduro-salgo-mas-en-la-prensa-espanola-que-rajoy","status":"publish","type":"post","link":"https:\/\/diarioelpopular.com\/index.php\/2015\/03\/04\/maduro-salgo-mas-en-la-prensa-espanola-que-rajoy\/","title":{"rendered":"Maduro: \u201cSalgo m\u00e1s en la prensa espa\u00f1ola que Rajoy\u201d"},"content":{"rendered":"<h6 id=\"titulo_noticia\" style=\"color: #222222\"><span style=\"color: #333333\"><a href=\"https:\/\/diarioelpopular.com\/wp-content\/uploads\/2015\/03\/1425481699_255135_1425504683_portada_normal.jpg\"><img loading=\"lazy\" decoding=\"async\" class=\"aligncenter size-full wp-image-460443\" src=\"https:\/\/diarioelpopular.com\/wp-content\/uploads\/2015\/03\/1425481699_255135_1425504683_portada_normal.jpg\" alt=\"1425481699_255135_1425504683_portada_normal\" width=\"418\" height=\"240\" \/><\/a>El presidente de Venezuela,\u00a0<\/span><a style=\"color: #016ca2\" href=\"http:\/\/elpais.com\/tag\/nicolas_maduro\/a\/\" target=\"_blank\">Nicol\u00e1s Maduro<\/a><span style=\"color: #333333\">, ha asegurado que la prensa espa\u00f1ola tiene una fijaci\u00f3n con el gobierno que \u00e9l encabeza. El gobernante destin\u00f3 algunos minutos de su programa de los martes,<\/span><em style=\"color: #333333\">En contacto con Maduro,<\/em><span style=\"color: #333333\">\u00a0para comentar la cobertura de su gesti\u00f3n de los medios espa\u00f1oles, generalmente cr\u00edtica, y pidi\u00f3 a la dirigencia pol\u00edtica de ese pa\u00eds que no utilizar\u00e1 a la naci\u00f3n caribe\u00f1a como un insumo de la campa\u00f1a electoral interna. \u201cDejen el miedo con nosotros\u201d.<\/span><\/h6>\n<p>&nbsp;<\/p>\n<p style=\"color: #333333\">\u201c<a style=\"color: #016ca2\" href=\"http:\/\/elpais.com\/tag\/mariano_rajoy\/a\/\" target=\"_blank\">Se\u00f1or [Mariano] Rajoy<\/a>, no nos meta en su campa\u00f1a y d\u00e9jenos en paz a los venezolanos. Si usted quiere ser presidente otra vez demu\u00e9strele a los espa\u00f1oles que tiene capacidad\u201d, ha insistido.<\/p>\n<p style=\"color: #333333\">Esa idea le permiti\u00f3 enmarcar una iron\u00eda posterior: \u201cyo creo que gano si me lanzo a la presidencia [de Espa\u00f1a] porque salgo m\u00e1s en la prensa y la televisi\u00f3n espa\u00f1ola que Rajoy\u201d. Maduro dice que los informes sobre Venezuela y su situaci\u00f3n es la segunda o tercera noticia en importancia en la jerarquizaci\u00f3n en los medios.<\/p>\n<p style=\"color: #333333\">Maduro se declar\u00f3 seguidor de\u00a0<a style=\"color: #016ca2\" href=\"http:\/\/elpais.com\/tag\/aqui_no_hay_quien_viva\/a\/\" target=\"_blank\"><em>Aqu\u00ed no hay quien viva<\/em><\/a>, una comedia que rescat\u00f3 \u201ccomo lo \u00fanico que se salva\u201d de la televisi\u00f3n de Espa\u00f1a. \u201cExtraordinaria serie, tremendos temas y tremendos actores. Aunque es una serie un poco vieja\u201d.<\/p>\n<p style=\"color: #333333\">En d\u00edas pasados, el jefe de Estado venezolano\u00a0<a style=\"color: #016ca2\" href=\"http:\/\/internacional.elpais.com\/internacional\/2015\/02\/20\/actualidad\/1424386802_955983.html\" target=\"_blank\">denunci\u00f3 una conspiraci\u00f3n en su contra alentada desde Madrid, Miami y Bogot\u00e1<\/a>. De visita en Madrid el presidente Juan Manuel Santos\u00a0<a style=\"color: #016ca2\" href=\"http:\/\/internacional.elpais.com\/internacional\/2013\/05\/31\/actualidad\/1370035016_038707.html\" target=\"_blank\">ha rechazado la versi\u00f3n.<\/a>\u00a0Maduro ha visto con buenos ojos sus palabras y tambi\u00e9n las de Rajoy sobre el tema, quien asegur\u00f3 que \u201cno permitir\u00eda ninguna conspiraci\u00f3n desde Madrid contra Venezuela\u201d. \u201cSe lo agradezco, est\u00e1 bien, muy bien. Es muy bueno el mensaje p\u00fablico de los gobiernos constitucionales de Espa\u00f1a y de Colombia de apoyo a la democracia y al gobierno venezolano\u201d.<\/p>\n","protected":false},"excerpt":{"rendered":"<p>El presidente de Venezuela se\u00f1ala la relevancia que se le da a su gesti\u00f3n y a su persona en los medios de comunicaci\u00f3n de Espa\u00f1a<\/p>\n","protected":false},"author":5842,"featured_media":0,"comment_status":"open","ping_status":"open","sticky":false,"template":"","format":"standard","meta":{"footnotes":""},"categories":[24],"tags":[],"class_list":["post-460442","post","type-post","status-publish","format-standard","hentry","category-mundo"],"_links":{"self":[{"href":"https:\/\/diarioelpopular.com\/index.php\/wp-json\/wp\/v2\/posts\/460442","targetHints":{"allow":["GET"]}}],"collection":[{"href":"https:\/\/diarioelpopular.com\/index.php\/wp-json\/wp\/v2\/posts"}],"about":[{"href":"https:\/\/diarioelpopular.com\/index.php\/wp-json\/wp\/v2\/types\/post"}],"author":[{"embeddable":true,"href":"https:\/\/diarioelpopular.com\/index.php\/wp-json\/wp\/v2\/users\/5842"}],"replies":[{"embeddable":true,"href":"https:\/\/diarioelpopular.com\/index.php\/wp-json\/wp\/v2\/comments?post=460442"}],"version-history":[{"count":1,"href":"https:\/\/diarioelpopular.com\/index.php\/wp-json\/wp\/v2\/posts\/460442\/revisions"}],"predecessor-version":[{"id":460444,"href":"https:\/\/diarioelpopular.com\/index.php\/wp-json\/wp\/v2\/posts\/460442\/revisions\/460444"}],"wp:attachment":[{"href":"https:\/\/diarioelpopular.com\/index.php\/wp-json\/wp\/v2\/media?parent=460442"}],"wp:term":[{"taxonomy":"category","embeddable":true,"href":"https:\/\/diarioelpopular.com\/index.php\/wp-json\/wp\/v2\/categories?post=460442"},{"taxonomy":"post_tag","embeddable":true,"href":"https:\/\/diarioelpopular.com\/index.php\/wp-json\/wp\/v2\/tags?post=460442"}],"curies":[{"name":"wp","href":"https:\/\/api.w.org\/{rel}","templated":true}]}}