{"id":460445,"date":"2015-03-04T21:02:06","date_gmt":"2015-03-05T02:02:06","guid":{"rendered":"http:\/\/diarioelpopular.com\/?p=460445"},"modified":"2015-03-04T21:02:15","modified_gmt":"2015-03-05T02:02:15","slug":"la-fiscalia-chilena-pide-prision-para-dos-poderosos-empresarios","status":"publish","type":"post","link":"https:\/\/diarioelpopular.com\/index.php\/2015\/03\/04\/la-fiscalia-chilena-pide-prision-para-dos-poderosos-empresarios\/","title":{"rendered":"La Fiscal\u00eda chilena pide prisi\u00f3n para dos poderosos empresarios"},"content":{"rendered":"<div id=\"attachment_460446\" style=\"width: 570px\" class=\"wp-caption aligncenter\"><a href=\"https:\/\/diarioelpopular.com\/wp-content\/uploads\/2015\/03\/1425502733_956935_1425503977_noticia_normal.jpg\"><img loading=\"lazy\" decoding=\"async\" aria-describedby=\"caption-attachment-460446\" class=\"size-full wp-image-460446\" src=\"https:\/\/diarioelpopular.com\/wp-content\/uploads\/2015\/03\/1425502733_956935_1425503977_noticia_normal.jpg\" alt=\"El exfiscalizador SII, Iv\u00e1n \u00c1lvarez, imputado en Chile por el 'caso Penta'. \" width=\"560\" height=\"318\" \/><\/a><p id=\"caption-attachment-460446\" class=\"wp-caption-text\">El exfiscalizador SII, Iv\u00e1n \u00c1lvarez, imputado en Chile por el &#8216;caso Penta&#8217;.<\/p><\/div>\n<p style=\"color: #333333\">Este jueves probablemente se produzca un hecho hist\u00f3rico y sin precedentes en Chile. Si la Justicia da la raz\u00f3n a los argumentos que ha presentado la Fiscal\u00eda en la primera jornada de formalizaciones, los due\u00f1os del poderoso Grupo Penta, Carlos Alberto D\u00e9lano y Carlos Eugenio Lav\u00edn, ma\u00f1ana\u00a0<a style=\"color: #016ca2\" href=\"http:\/\/internacional.elpais.com\/internacional\/2015\/01\/09\/actualidad\/1420841200_507293.html\">comenzar\u00e1n a cumplir prisi\u00f3n preventiva<\/a>. En meses en que los cruces de la pol\u00edtica y en dinero se han tomado la agenda p\u00fablica chilena a ra\u00edz de diferentes tramas que afectan tanto a la derecha como al centroizquierda, se tratar\u00eda de una se\u00f1al contundente de los tribunales, que comienzan a destapar sofisticados mecanismos de\u00a0<a style=\"color: #016ca2\" href=\"http:\/\/internacional.elpais.com\/internacional\/2015\/01\/18\/actualidad\/1421606100_706926.html\">evasi\u00f3n de impuestos y corrupci\u00f3n pol\u00edtica<\/a>\u00a0en este pa\u00eds sudamericano que hasta 2014 presum\u00eda de ser uno de los m\u00e1s transparentes de Latinoam\u00e9rica.<\/p>\n<p style=\"color: #333333\">El fiscal nacional, Sabas Chahu\u00e1n,<em>n\u00famero uno<\/em>\u00a0del Ministerio P\u00fablico, ha sido el encargado este mi\u00e9rcoles de detallar la m\u00e1quina que mont\u00f3 el Grupo Penta para no pagar tributos y defraudar al Fisco en cifras hasta ahora insospechadas. En el banquillo de los formalizados estaban diez hombres vinculados a esta compa\u00f1\u00eda cuyas principales inversiones se hallan en negocios de previsi\u00f3n social, seguros, el sector financiero, inmobiliario, la salud y educaci\u00f3n, con activos de unos 20.000 millones de d\u00f3lares. Los dos controladores del grupo, D\u00e9lano y Lav\u00edn, por sus relaciones personales y pol\u00edticas est\u00e1n estrechamente ligados a la coalici\u00f3n de derecha y, sobre todo, a la Uni\u00f3n Dem\u00f3crata Independiente (UDI), que ha sido\u00a0<a style=\"color: #016ca2\" href=\"http:\/\/internacional.elpais.com\/internacional\/2014\/10\/01\/actualidad\/1412195951_326390.html\">el partido m\u00e1s afectado por esta trama<\/a>.<\/p>\n<p style=\"color: #333333\">Adem\u00e1s de la petici\u00f3n de prisi\u00f3n preventiva contra los due\u00f1os de Penta por delito tributario y soborno, la Fiscal\u00eda ha pedido\u00a0la misma medida cautelar para Iv\u00e1n \u00c1lvarez, exfiscalizador del Servicio de Impuesto Internos (SII). El Ministerio P\u00fablico tambi\u00e9n ha solicitado el arresto domiciliario total para los exgerentes Marcos Castro y Manuel Antonio Tocornal. En la misma situaci\u00f3n se encuentra el exgerente Hugo Bravo, que destap\u00f3 el esc\u00e1ndalo con una denuncia laboral contra los controladores de la firma y que ha sido formalizado por delito tributario, soborno y lavado de activos. La situaci\u00f3n del Pablo Wagner ha quedado pendiente. Exsubsecretario de Miner\u00eda del Gobierno de Sebasti\u00e1n Pi\u00f1era (2010-2014), recibi\u00f3 sueldos extra de Penta mientras era funcionario p\u00fablico, seg\u00fan la investigaci\u00f3n de los fiscales. El magistrado Juan Manuel Escobar ser\u00e1 el encargado de tomar una decisi\u00f3n este jueves, mientras prosigue la investigaci\u00f3n del<em>caso Penta,<\/em>\u00a0que ha causado un impacto p\u00fablico pocas veces visto en Chile.<\/p>\n<p style=\"color: #333333\">El engranaje para defraudar al Fisco montado por Penta tiene adem\u00e1s una delicada arista pol\u00edtica: uno de los m\u00faltiples mecanismos para evadir impuestos fueron los aportes ilegales a campa\u00f1as a trav\u00e9s de boletas de honorarios fraudulentas por trabajos que nunca se realizaron. El dinero sobre todo estaba destinado a\u00a0<a style=\"color: #016ca2\" href=\"http:\/\/elpais.com\/tag\/udi_union_democrata_independiente_chile\/a\/\">candidatos de derecha y de la UDI<\/a>, partido del que D\u00e9lano es uno de sus ide\u00f3logos y financistas. Algunos de los candidatos resultaron finalmente elegidos en las elecciones de 2013 y siguen siendo parte del Parlamento, pese a que desde diferentes sectores se ha pedido su renuncia por haber legislado normativas que ten\u00edan relaci\u00f3n directa con la compa\u00f1\u00eda. En la audiencia de formalizaci\u00f3n de este mi\u00e9rcoles, la Fiscal\u00eda expuso correos electr\u00f3nicos entre la Penta y pol\u00edticos de primera l\u00ednea. Este \u00e1ngulo, sin embargo, comienza reci\u00e9n a investigarse y es probable que en las pr\u00f3ximas semanas la Fiscal\u00eda llegue hasta los dirigentes.<\/p>\n<p style=\"color: #333333\">En los \u00faltimos meses han estallado diferentes casos que muestran que Chile tiene una precaria institucionalidad y legislaci\u00f3n para regular los cruces de pol\u00edtica y dinero, caldo de cultivo para la corrupci\u00f3n. Hace alguna semanas, el primog\u00e9nito de la presidenta<a style=\"color: #016ca2\" href=\"http:\/\/internacional.elpais.com\/tag\/michelle_bachelet\/a\/\">Michelle Bachelet<\/a>, Sebasti\u00e1n D\u00e1valos,\u00a0<a style=\"color: #016ca2\" href=\"https:\/\/www.google.com.mx\/url?sa=t&amp;rct=j&amp;q=&amp;esrc=s&amp;source=web&amp;cd=2&amp;cad=rja&amp;uact=8&amp;ved=0CCMQFjAB&amp;url=http%3A%2F%2Finternacional.elpais.com%2Finternacional%2F2015%2F02%2F13%2Factualidad%2F1423862692_923691.html&amp;ei=YnT3VN7tMYnxoASU7oHwBQ&amp;usg=AFQjCNGSNBZ8xHEZocbLhtXUUfpDLzOC2A&amp;sig2=qn0uf10PPMR5h8JjysktUg&amp;bvm=bv.87519884,d.cGU\">tuvo que dejar su cargo en La Moneda<\/a>\u00a0luego que se conociera el cr\u00e9dito bancario de 10 millones de d\u00f3lares que consigui\u00f3 junto a su esposa en plena campa\u00f1a de su madre. El caso Caval, como se le conoce, est\u00e1 siendo investigado por la Fiscal\u00eda y motiv\u00f3 que la jefa de Estado se refiera a sus consecuencias pol\u00edticas: \u201cComo madre y como presidenta han sido momentos dolorosos\u201d, indic\u00f3 el pasado 23 de febrero, en una rueda de prensa en la que se\u00f1al\u00f3 que se enter\u00f3 por la prensa de los negocios de su hijo y de su nuera.<\/p>\n<p style=\"color: #333333\">De acuerdo con la encuesta Adimark dada a conocer esta semana,\u00a0<a style=\"color: #016ca2\" href=\"http:\/\/internacional.elpais.com\/internacional\/2015\/02\/13\/actualidad\/1423862692_923691.html\">el respaldo Bachelet cay\u00f3<\/a>\u00a0a un 39% en febrero.<\/p>\n","protected":false},"excerpt":{"rendered":"<p>El &#8216;caso Penta&#8217; destapa la corrupci\u00f3n pol\u00edtica y la millonaria evasi\u00f3n de impuestos<\/p>\n","protected":false},"author":5842,"featured_media":0,"comment_status":"open","ping_status":"open","sticky":false,"template":"","format":"standard","meta":{"footnotes":""},"categories":[24],"tags":[],"class_list":["post-460445","post","type-post","status-publish","format-standard","hentry","category-mundo"],"_links":{"self":[{"href":"https:\/\/diarioelpopular.com\/index.php\/wp-json\/wp\/v2\/posts\/460445","targetHints":{"allow":["GET"]}}],"collection":[{"href":"https:\/\/diarioelpopular.com\/index.php\/wp-json\/wp\/v2\/posts"}],"about":[{"href":"https:\/\/diarioelpopular.com\/index.php\/wp-json\/wp\/v2\/types\/post"}],"author":[{"embeddable":true,"href":"https:\/\/diarioelpopular.com\/index.php\/wp-json\/wp\/v2\/users\/5842"}],"replies":[{"embeddable":true,"href":"https:\/\/diarioelpopular.com\/index.php\/wp-json\/wp\/v2\/comments?post=460445"}],"version-history":[{"count":1,"href":"https:\/\/diarioelpopular.com\/index.php\/wp-json\/wp\/v2\/posts\/460445\/revisions"}],"predecessor-version":[{"id":460447,"href":"https:\/\/diarioelpopular.com\/index.php\/wp-json\/wp\/v2\/posts\/460445\/revisions\/460447"}],"wp:attachment":[{"href":"https:\/\/diarioelpopular.com\/index.php\/wp-json\/wp\/v2\/media?parent=460445"}],"wp:term":[{"taxonomy":"category","embeddable":true,"href":"https:\/\/diarioelpopular.com\/index.php\/wp-json\/wp\/v2\/categories?post=460445"},{"taxonomy":"post_tag","embeddable":true,"href":"https:\/\/diarioelpopular.com\/index.php\/wp-json\/wp\/v2\/tags?post=460445"}],"curies":[{"name":"wp","href":"https:\/\/api.w.org\/{rel}","templated":true}]}}