{"id":460456,"date":"2015-03-04T21:12:08","date_gmt":"2015-03-05T02:12:08","guid":{"rendered":"http:\/\/diarioelpopular.com\/?p=460456"},"modified":"2015-03-04T21:12:16","modified_gmt":"2015-03-05T02:12:16","slug":"los-militares-contribuiran-a-pactar-el-desarme-y-el-alto-el-fuego-en-colombia","status":"publish","type":"post","link":"https:\/\/diarioelpopular.com\/index.php\/2015\/03\/04\/los-militares-contribuiran-a-pactar-el-desarme-y-el-alto-el-fuego-en-colombia\/","title":{"rendered":"Los militares contribuir\u00e1n a pactar el desarme y el alto el fuego en Colombia"},"content":{"rendered":"<div id=\"attachment_460457\" style=\"width: 310px\" class=\"wp-caption aligncenter\"><a href=\"https:\/\/diarioelpopular.com\/wp-content\/uploads\/2015\/03\/1416257187_010242_1416257855_noticia_normal.jpg\"><img loading=\"lazy\" decoding=\"async\" aria-describedby=\"caption-attachment-460457\" class=\"size-full wp-image-460457\" src=\"https:\/\/diarioelpopular.com\/wp-content\/uploads\/2015\/03\/1416257187_010242_1416257855_noticia_normal.jpg\" alt=\"Miembros de las FARC en Colombia.\" width=\"300\" height=\"476\" \/><\/a><p id=\"caption-attachment-460457\" class=\"wp-caption-text\">Miembros de las FARC en Colombia.<\/p><\/div>\n<p style=\"color: #333333\">En un paso hist\u00f3rico, cinco generales del Ej\u00e9rcito colombiano y un almirante tienen previsto llegar este mi\u00e9rcoles a La Habana (Cuba), sede de las negociaciones del Gobierno de Bogot\u00e1 y la\u00a0<a style=\"color: #016ca2\" href=\"http:\/\/elpais.com\/tag\/farc_fuerzas_armadas_revolucionarias_colombia\/a\/\">guerrilla de las FARC<\/a>, para abordar un acuerdo de alto el fuego bilateral y definitivo a un conflicto que se\u00a0<a style=\"color: #016ca2\" href=\"http:\/\/elpais.com\/elpais\/2013\/10\/01\/opinion\/1380620001_583352.html\">prolonga desde hace cinco d\u00e9cadas<\/a>\u00a0y que ha causado m\u00e1s de 220.000 muertos y seis millones de desplazados en Colombia.<\/p>\n<p style=\"color: #333333\">El viaje del grupo a la isla caribe\u00f1a fue anunciado por el presidente colombiano,\u00a0<a style=\"color: #016ca2\" href=\"http:\/\/elpais.com\/tag\/juan_manuel_santos_calderon\/a\/\">Juan Manuel Santos<\/a>, el lunes pasado durante su visita oficial a Espa\u00f1a. Los militares formar\u00e1n parte de una subcomisi\u00f3n t\u00e9cnica, encargada de discutir el alto el fuego bilateral, que funcionar\u00e1 de forma paralela a la mesa de negociaciones desde ma\u00f1ana y en la que tambi\u00e9n est\u00e1n los jefes militares de la guerrilla.<\/p>\n<p style=\"color: #333333\">Es la primera vez que generales en activo\u00a0<a style=\"color: #016ca2\" href=\"http:\/\/internacional.elpais.com\/internacional\/2015\/02\/28\/actualidad\/1425158156_968471.html\">se sentar\u00e1n a dialogar con los guerrilleros<\/a>, sin armas de por medio, para encontrar f\u00f3rmulas sobre las modalidades del desarme, la desmovilizaci\u00f3n y el alto el fuego bilateral. Aunque las dos partes no negociar\u00e1n directamente, lo que discutan ser\u00e1 crucial para abrir el camino hacia la paz.<\/p>\n<p style=\"color: #333333\">\u201cSon los hombres que han vivido la guerra los que ayudar\u00e1n a construir el tr\u00e1nsito hacia la paz\u201d, dijo el jefe negociador del Gobierno colombiano, Humberto de la Calle, para explicar el porqu\u00e9 del viaje de estos militares, que se suman al general Javier Fl\u00f3rez, jefe del Estado Mayor Conjunto de las Fuerzas Militares quien, desde el a\u00f1o pasado, encabeza esta subcomisi\u00f3n por orden de Santos.<\/p>\n<p style=\"color: #333333\">La presencia de los militares en Cuba manda el mensaje de que se trata de un momento clave en el pa\u00eds para la toma de decisiones. As\u00ed lo cree Jorge Restrepo, director del Centro de Recursos para An\u00e1lisis de Conflictos, CERAC. \u201cAunque estos militares no toman decisiones, s\u00ed asesoran a los negociadores y para eso se necesita de generales que tienen mando, conocimientos de inteligencia, del terreno y de las capacidades militares de las FARC\u201d, explica.<\/p>\n<p style=\"color: #333333\">Para este analista, su presencia tambi\u00e9n implicar\u00eda una mayor firmeza frente a la guerrilla. \u201cEs muy diferente tener a un solo general (Fl\u00f3rez) que a seis. En ese sentido, va a ser mucho m\u00e1s dif\u00edcil tomar\u00a0<a style=\"color: #016ca2\" href=\"https:\/\/www.google.com.mx\/url?sa=t&amp;rct=j&amp;q=&amp;esrc=s&amp;source=web&amp;cd=3&amp;cad=rja&amp;uact=8&amp;ved=0CCoQFjAC&amp;url=http%3A%2F%2Finternacional.elpais.com%2Finternacional%2F2015%2F01%2F15%2Factualidad%2F1421293422_715703.html&amp;ei=AHb2VPfBLo6cygSW3YGQBg&amp;usg=AFQjCNHdW75NMPmwk5EbibnkvjqyWye4Ig&amp;sig2=9Dz5eC0wevKkf05IH7amKA&amp;bvm=bv.87269000,d.aWw\">decisiones que despu\u00e9s no sean aceptadas por el Ej\u00e9rcito<\/a>\u201d, dijo Restrepo. Lo que, al final, podr\u00eda facilitar que lo acordado por los negociadores se ponga en marcha r\u00e1pidamente.<\/p>\n<p style=\"color: #333333\">En t\u00e9rminos pol\u00edticos, la presencia de los generales tambi\u00e9n representar\u00eda un apoyo importante de los militares al proceso de paz. \u201cEllos no solo han derramado su sangre, han pacificado el pa\u00eds y han dado los golpes m\u00e1s duros al terrorismo, al narcotr\u00e1fico y a la delincuencia. Tambi\u00e9n ahora contribuyen con su conocimiento y experiencia, para ver si es posible llegar a un desarme definitivo y reintegraci\u00f3n definitiva\u201d, dijo el ministro de Defensa, Juan Carlos Pinz\u00f3n. Pero tambi\u00e9n agreg\u00f3, para generar\u00a0<a style=\"color: #016ca2\" href=\"http:\/\/internacional.elpais.com\/internacional\/2015\/03\/02\/actualidad\/1425294452_073637.html\">confianza ante quienes dudan del futuro de las Fuerzas Armadas<\/a>, que el pa\u00eds puede sentirse tranquilo, ya que los elegidos \u201cno se van a dejar meter goles\u201d.<\/p>\n<p style=\"color: #333333\">Para Mar\u00eda Victoria Llorente, directora de la Fundaci\u00f3n Ideas para la Paz y experta en seguridad, Pinz\u00f3n manda un mensaje a los militares para que no se cometan los errores del pasado. \u201cAntes, los militares estuvieron bastantes marginados o se automarginaron de la negociaci\u00f3n. Y si hay un tema en el que hoy hay que meterlos es en el del alto el fuego y el abandono de las armas\u201d, dijo.<\/p>\n<p style=\"color: #333333\">Sin embargo, la iniciativa de Santos no ha estado exenta de\u00a0<a style=\"color: #016ca2\" href=\"https:\/\/www.google.com.mx\/url?sa=t&amp;rct=j&amp;q=&amp;esrc=s&amp;source=web&amp;cd=8&amp;cad=rja&amp;uact=8&amp;ved=0CEsQFjAH&amp;url=http%3A%2F%2Finternacional.elpais.com%2Finternacional%2F2014%2F03%2F09%2Factualidad%2F1394403915_532694.html&amp;ei=XHb2VKHTCof-yQTA04LABg&amp;usg=AFQjCNEWG3ff4RDCreQzgPiYkWK6kMQcMQ&amp;sig2=8dp3vjXUC387uG1zv0B36g&amp;bvm=bv.87269000,d.aWw\">cr\u00edticas, en especial del expresidente \u00c1lvaro Uribe<\/a>, que se ha mostrado en contra de que se ponga a los militares al mismo nivel del \u201cterrorismo\u201d. \u201cAhora les obligan no a cumplir su tarea de dar seguridad a los ciudadanos, sino a ser interlocutores del terrorismo de t\u00fa a t\u00fa\u201d, dijo en una entrevista con el diario espa\u00f1ol El Mundo.<\/p>\n","protected":false},"excerpt":{"rendered":"<p>Cinco generales y un almirante llegan a Cuba para participar en las negociaciones del Gobierno de Santos con la guerrilla de las FARC<\/p>\n","protected":false},"author":5842,"featured_media":0,"comment_status":"open","ping_status":"open","sticky":false,"template":"","format":"standard","meta":{"footnotes":""},"categories":[24],"tags":[],"class_list":["post-460456","post","type-post","status-publish","format-standard","hentry","category-mundo"],"_links":{"self":[{"href":"https:\/\/diarioelpopular.com\/index.php\/wp-json\/wp\/v2\/posts\/460456","targetHints":{"allow":["GET"]}}],"collection":[{"href":"https:\/\/diarioelpopular.com\/index.php\/wp-json\/wp\/v2\/posts"}],"about":[{"href":"https:\/\/diarioelpopular.com\/index.php\/wp-json\/wp\/v2\/types\/post"}],"author":[{"embeddable":true,"href":"https:\/\/diarioelpopular.com\/index.php\/wp-json\/wp\/v2\/users\/5842"}],"replies":[{"embeddable":true,"href":"https:\/\/diarioelpopular.com\/index.php\/wp-json\/wp\/v2\/comments?post=460456"}],"version-history":[{"count":1,"href":"https:\/\/diarioelpopular.com\/index.php\/wp-json\/wp\/v2\/posts\/460456\/revisions"}],"predecessor-version":[{"id":460458,"href":"https:\/\/diarioelpopular.com\/index.php\/wp-json\/wp\/v2\/posts\/460456\/revisions\/460458"}],"wp:attachment":[{"href":"https:\/\/diarioelpopular.com\/index.php\/wp-json\/wp\/v2\/media?parent=460456"}],"wp:term":[{"taxonomy":"category","embeddable":true,"href":"https:\/\/diarioelpopular.com\/index.php\/wp-json\/wp\/v2\/categories?post=460456"},{"taxonomy":"post_tag","embeddable":true,"href":"https:\/\/diarioelpopular.com\/index.php\/wp-json\/wp\/v2\/tags?post=460456"}],"curies":[{"name":"wp","href":"https:\/\/api.w.org\/{rel}","templated":true}]}}