{"id":460468,"date":"2015-03-05T16:14:17","date_gmt":"2015-03-05T21:14:17","guid":{"rendered":"http:\/\/diarioelpopular.com\/?p=460468"},"modified":"2015-03-05T16:14:26","modified_gmt":"2015-03-05T21:14:26","slug":"la-exesposa-de-nisman-denuncia-que-el-fiscal-argentino-fue-asesinado","status":"publish","type":"post","link":"https:\/\/diarioelpopular.com\/index.php\/2015\/03\/05\/la-exesposa-de-nisman-denuncia-que-el-fiscal-argentino-fue-asesinado\/","title":{"rendered":"La exesposa de Nisman denuncia que el fiscal argentino fue asesinado"},"content":{"rendered":"<div id=\"attachment_460469\" style=\"width: 570px\" class=\"wp-caption aligncenter\"><a href=\"https:\/\/diarioelpopular.com\/wp-content\/uploads\/2015\/03\/1425577798_713647_1425579044_noticia_normal.jpg\"><img loading=\"lazy\" decoding=\"async\" aria-describedby=\"caption-attachment-460469\" class=\"size-full wp-image-460469\" src=\"https:\/\/diarioelpopular.com\/wp-content\/uploads\/2015\/03\/1425577798_713647_1425579044_noticia_normal.jpg\" alt=\"La jueza Sandra Arroyo Salgado, este jueves en rueda de prensa.\" width=\"560\" height=\"337\" \/><\/a><p id=\"caption-attachment-460469\" class=\"wp-caption-text\">La jueza Sandra Arroyo Salgado, este jueves en rueda de prensa.<\/p><\/div>\n<p style=\"color: #333333\"><strong><em>BUENOS AIRES.-<\/em><\/strong> La exesposa del fiscal\u00a0<a style=\"color: #016ca2\" href=\"http:\/\/internacional.elpais.com\/internacional\/2015\/01\/19\/actualidad\/1421650071_491119.html\">Alberto Nisman<\/a>, la juez Sandra Arroyo Salgado, present\u00f3 este jueves supuestas pruebas de que su exmarido fue asesinado. \u201cA Alberto Nisman lo mataron\u201d, dijo Arroyo Salgado en una rueda de prensa en San Isidro, en las afueras de Buenos Aires. Ella, en nombre de las dos hijas (de 8 y 15 a\u00f1os) que tuvo con Nisman, y la madre del fiscal, Sara Garfunkel, son querellantes en la causa por la muerte de quien cuatro d\u00edas antes de su deceso acus\u00f3 a la presidenta de Argentina, Cristina Fern\u00e1ndez de Kirchner, por presunto encubrimiento de los supuestos autores iran\u00edes del\u00a0<a style=\"color: #016ca2\" href=\"http:\/\/elpais.com\/diario\/1994\/07\/19\/internacional\/774568814_850215.html\">atentado contra la Asociaci\u00f3n Mutual Israelita Argentina (AMIA) en 1994<\/a>.<\/p>\n<p style=\"color: #333333\">Como querellante, Arroyo Salgado organiz\u00f3 un equipo de peritos que trabaj\u00f3 en el \u00faltimo mes y que hoy entreg\u00f3 su conclusi\u00f3n a la juez del caso, Fabiana Palmaghini. \u201cEl informe descarta con contundencia las hip\u00f3tesis del accidente y del suicidio\u201d, dijo.En el equipo de peritos de la querella trabajaron dos m\u00e9dicos forenses, un experto en cr\u00edmenes, un psiquiatra y un t\u00e9cnico inform\u00e1tico. Arroyo Salgado explic\u00f3 que ese grupo se bas\u00f3 en el \u201can\u00e1lisis de la evidencia del lugar del hecho, la operaci\u00f3n de la autopsia y pericias complementarias\u201d. Detall\u00f3 que utiliz\u00f3 \u201cla base de fotos y v\u00eddeos tomados el d\u00eda del hallazgo sin vida por parte de Prefectura Naval y la Polic\u00eda Federal, m\u00e1s el an\u00e1lisis de fotos y v\u00eddeos tomados por el an\u00e1lisis de fotos de la autopsia, a lo que se agregan informes m\u00e9dicos y bal\u00edsticos llevados a cabo por peritos oficiales\u201d.<\/p>\n<p style=\"color: #333333\">La exesposa de Nisman se quej\u00f3 de que no se permitiera a sus peritos participar en las primeras horas y d\u00edas posteriores al fallecimiento. Adem\u00e1s contradijo la pericia de la fiscal del caso, Viviana Fein, al se\u00f1alar que su exmarido agoniz\u00f3, no muri\u00f3 de inmediato.<\/p>\n<p style=\"color: #333333\">\u201cFue un magnicidio de proporciones desconocidas\u201d, opin\u00f3 Arroyo, aunque no responsabiliz\u00f3 a nadie en particular del presunto crimen. \u201cLa muerte violenta en el contexto pol\u00edtico y judicial ha impactado de lleno en la institucionalidad de la Rep\u00fablica, adem\u00e1s de poner en tela de juicio el rol del Estado ante la comunidad internacional en materia de terrorismo\u201d, atac\u00f3 la exesposa, una juez que a\u00f1os atr\u00e1s hab\u00eda sido tachada por opositores como proclive al kirchnerismo en una causa contra la due\u00f1a del grupo de comunicaci\u00f3n Clar\u00edn, Ernestina Herrera de Noble.<\/p>\n<p style=\"color: #333333\">Nisman hab\u00eda denunciado antes de morir no solo a Fern\u00e1ndez sino tambi\u00e9n a su ministro de Relaciones Exteriores, H\u00e9ctor Timerman; al diputado y secretario general de la organizaci\u00f3n juvenil kirchnerista La C\u00e1mpora, Andr\u00e9s Larroque; al dirigente kirchnerista Luis D\u2019El\u00eda y al l\u00edder del Movimiento Patri\u00f3tico Revolucionario Quebracho, Fernando Esteche, entre otros. Un tribunal de apelaci\u00f3n est\u00e1 analizando esa denuncia, que fue desestimada por un juez de primera instancia por considerar que no hab\u00eda indicios de delito.<\/p>\n<p style=\"color: #333333\">El perito que lidera el equipo de la exesposa de Nisman es el m\u00e9dico forense Osvaldo Raffo. El peri\u00f3dico\u00a0<em>Clar\u00edn<\/em>, enfrentado al Gobierno kirchnerista, destac\u00f3 este jueves que Raffo \u201ces una eminencia en materia forense con m\u00e1s de 20.000 autopsias\u201d. En cambio, semanas atr\u00e1s, el diario\u00a0<em>P\u00e1gina 12<\/em>, cercano al kirchnerismo, record\u00f3 que durante la dictadura Raffo revis\u00f3 en una sede policial al padre de Timerman, que fue secuestrado y torturado por el r\u00e9gimen, y concluy\u00f3 que \u201cno presentaba signo alguno de violencia externa\u201d y era \u201ctratado correctamente\u201d.<\/p>\n","protected":false},"excerpt":{"rendered":"<p>Sandra Arroyo dice que las pruebas que encarg\u00f3 descartan el suicidio del fiscal argentino<\/p>\n","protected":false},"author":5842,"featured_media":0,"comment_status":"open","ping_status":"open","sticky":false,"template":"","format":"standard","meta":{"footnotes":""},"categories":[24],"tags":[],"class_list":["post-460468","post","type-post","status-publish","format-standard","hentry","category-mundo"],"_links":{"self":[{"href":"https:\/\/diarioelpopular.com\/index.php\/wp-json\/wp\/v2\/posts\/460468","targetHints":{"allow":["GET"]}}],"collection":[{"href":"https:\/\/diarioelpopular.com\/index.php\/wp-json\/wp\/v2\/posts"}],"about":[{"href":"https:\/\/diarioelpopular.com\/index.php\/wp-json\/wp\/v2\/types\/post"}],"author":[{"embeddable":true,"href":"https:\/\/diarioelpopular.com\/index.php\/wp-json\/wp\/v2\/users\/5842"}],"replies":[{"embeddable":true,"href":"https:\/\/diarioelpopular.com\/index.php\/wp-json\/wp\/v2\/comments?post=460468"}],"version-history":[{"count":2,"href":"https:\/\/diarioelpopular.com\/index.php\/wp-json\/wp\/v2\/posts\/460468\/revisions"}],"predecessor-version":[{"id":460471,"href":"https:\/\/diarioelpopular.com\/index.php\/wp-json\/wp\/v2\/posts\/460468\/revisions\/460471"}],"wp:attachment":[{"href":"https:\/\/diarioelpopular.com\/index.php\/wp-json\/wp\/v2\/media?parent=460468"}],"wp:term":[{"taxonomy":"category","embeddable":true,"href":"https:\/\/diarioelpopular.com\/index.php\/wp-json\/wp\/v2\/categories?post=460468"},{"taxonomy":"post_tag","embeddable":true,"href":"https:\/\/diarioelpopular.com\/index.php\/wp-json\/wp\/v2\/tags?post=460468"}],"curies":[{"name":"wp","href":"https:\/\/api.w.org\/{rel}","templated":true}]}}