{"id":460519,"date":"2015-03-09T16:14:50","date_gmt":"2015-03-09T20:14:50","guid":{"rendered":"http:\/\/diarioelpopular.com\/?p=460519"},"modified":"2015-03-09T16:15:03","modified_gmt":"2015-03-09T20:15:03","slug":"obama-decreta-nuevas-sanciones-contra-altos-funcionarios-de-venezuela","status":"publish","type":"post","link":"https:\/\/diarioelpopular.com\/index.php\/2015\/03\/09\/obama-decreta-nuevas-sanciones-contra-altos-funcionarios-de-venezuela\/","title":{"rendered":"Obama decreta nuevas sanciones contra altos funcionarios de Venezuela"},"content":{"rendered":"<div id=\"attachment_460520\" style=\"width: 570px\" class=\"wp-caption aligncenter\"><a href=\"https:\/\/diarioelpopular.com\/wp-content\/uploads\/2015\/03\/1425919831_255459_1425919972_noticia_normal.jpg\"><img loading=\"lazy\" decoding=\"async\" aria-describedby=\"caption-attachment-460520\" class=\"size-full wp-image-460520\" src=\"https:\/\/diarioelpopular.com\/wp-content\/uploads\/2015\/03\/1425919831_255459_1425919972_noticia_normal.jpg\" alt=\"Opositores al gobierno de Maduro en una protesta en Caracas.\" width=\"560\" height=\"350\" \/><\/a><p id=\"caption-attachment-460520\" class=\"wp-caption-text\">Opositores al gobierno de Maduro en una protesta en Caracas.<\/p><\/div>\n<p style=\"color: #333333\"><strong><em>WASHINGTON.-<\/em><\/strong> El presidente Barack Obama endureci\u00f3 este lunes la posici\u00f3n de Washington frente a Venezuela, al declarar una \u201cemergencia nacional\u201d frente al pa\u00eds sudamericano por la \u201camenaza inusual y extraordinaria a la seguridad nacional y pol\u00edtica exterior\u201d que, afirma, supone la \u201csituaci\u00f3n\u201d venezolana para Estados Unidos.<\/p>\n<p style=\"color: #333333\">La declaraci\u00f3n de \u201cemergencia nacional\u201d es un instrumento que le permite al Ejecutivo ir m\u00e1s all\u00e1 de lo que haya aprobado el Congreso a la hora de dictar sanciones contra un pa\u00eds, en este caso contra altos funcionarios de Caracas.<\/p>\n<p style=\"color: #333333\">La primera oleada de afectados son, desde este lunes, siete altos responsables de seguridad y justicia del Gobierno de Nicol\u00e1s Maduro, a los que se\u00f1ala como \u201cresponsables de la erosi\u00f3n de los derechos humanos\u201d en el pa\u00eds desde las protestas sociales del a\u00f1o pasado.<\/p>\n<p style=\"color: #333333\">\u201cEstamos profundamente preocupados por los esfuerzos del Gobierno venezolano por aumentar la intimidaci\u00f3n de sus oponentes pol\u00edticos\u201d, dijo la Casa Blanca al anunciar las medidas en un comunicado, en el que reclam\u00f3 una vez m\u00e1s la liberaci\u00f3n de \u201ctodos los presos pol\u00edticos\u201d en Venezuela, incluidos \u201cdecenas de estudiantes, el l\u00edder de la oposici\u00f3n Leopoldo L\u00f3pez y los alcaldes Daniel Ceballos y Antonio Ledezma\u201d.<\/p>\n<p style=\"color: #333333\">Los sancionados son el director general del Servicio Bolivariano de Inteligencia Nacional (SEBIN), Gustavo Enrique Gonz\u00e1lez L\u00f3pez, y su predecesor Manuel Gregorio Bernal Mart\u00ednez, as\u00ed como Manuel Eduardo P\u00e9rez Urdaneta, Director de la Polic\u00eda Nacional Bolivariana de Venezuela.<\/p>\n<p style=\"color: #333333\">A ellos se unen Antonio Jose Benavides Torres, que dirigi\u00f3 las operaciones de la Guardia Nacional Bolivariana (GNB) de Venezuela durante las protestas de 2014 y el tambi\u00e9n excomandante general de la GNB Justo Jos\u00e9 Noguera Pietri, actualmente presidente de la estatal Corporaci\u00f3n Venezolana de Guayana (CVG). Tambi\u00e9n figuran en la lista de sancionados la fiscal Katherine Nayarith Haringhton Padr\u00f3n -responsable entre otros de la acusaci\u00f3n contra el alcalde de Caracas, Antonio Ledezma- y el inspector general de la Fuerza Armada Nacional Bolivariana UFANB) Miguel Alcides Vivas Landino.<\/p>\n<p style=\"color: #333333\">Las sanciones implican la congelaci\u00f3n de cualquier bien que los se\u00f1alados puedan tener en territorio estadounidense y la prohibici\u00f3n de realizar transacciones econ\u00f3micas con ellos. EE UU tambi\u00e9n ha bloqueado su entrada al pa\u00eds.<\/p>\n<p style=\"color: #333333\">Las medidas se basan en la Ley de Defensa de los Derechos Humanos y la Sociedad Civil de Venezuela 2014 que Obama firm\u00f3 en ley el 18 de diciembre del a\u00f1o pasado, justo un d\u00eda despu\u00e9s de anunciar la normalizaci\u00f3n de relaciones con Cuba, el principal aliado de Caracas.<\/p>\n<p style=\"color: #333333\">\u201cEs lamentable que en momentos en que nos hemos abierto a interactuar con todas las naciones en las Am\u00e9ricas, Venezuela haya optado por ir en la direcci\u00f3n opuesta\u201d, lament\u00f3 la Casa Blanca.<\/p>\n","protected":false},"excerpt":{"rendered":"<p>El presidente de EEUU declara al pa\u00eds sudamericano una \u201camenaza a la seguridad nacional\u201d<\/p>\n","protected":false},"author":5842,"featured_media":0,"comment_status":"open","ping_status":"open","sticky":false,"template":"","format":"standard","meta":{"footnotes":""},"categories":[23,24],"tags":[],"class_list":["post-460519","post","type-post","status-publish","format-standard","hentry","category-latinoamerica","category-mundo"],"_links":{"self":[{"href":"https:\/\/diarioelpopular.com\/index.php\/wp-json\/wp\/v2\/posts\/460519","targetHints":{"allow":["GET"]}}],"collection":[{"href":"https:\/\/diarioelpopular.com\/index.php\/wp-json\/wp\/v2\/posts"}],"about":[{"href":"https:\/\/diarioelpopular.com\/index.php\/wp-json\/wp\/v2\/types\/post"}],"author":[{"embeddable":true,"href":"https:\/\/diarioelpopular.com\/index.php\/wp-json\/wp\/v2\/users\/5842"}],"replies":[{"embeddable":true,"href":"https:\/\/diarioelpopular.com\/index.php\/wp-json\/wp\/v2\/comments?post=460519"}],"version-history":[{"count":2,"href":"https:\/\/diarioelpopular.com\/index.php\/wp-json\/wp\/v2\/posts\/460519\/revisions"}],"predecessor-version":[{"id":460522,"href":"https:\/\/diarioelpopular.com\/index.php\/wp-json\/wp\/v2\/posts\/460519\/revisions\/460522"}],"wp:attachment":[{"href":"https:\/\/diarioelpopular.com\/index.php\/wp-json\/wp\/v2\/media?parent=460519"}],"wp:term":[{"taxonomy":"category","embeddable":true,"href":"https:\/\/diarioelpopular.com\/index.php\/wp-json\/wp\/v2\/categories?post=460519"},{"taxonomy":"post_tag","embeddable":true,"href":"https:\/\/diarioelpopular.com\/index.php\/wp-json\/wp\/v2\/tags?post=460519"}],"curies":[{"name":"wp","href":"https:\/\/api.w.org\/{rel}","templated":true}]}}