{"id":460523,"date":"2015-03-09T16:21:21","date_gmt":"2015-03-09T20:21:21","guid":{"rendered":"http:\/\/diarioelpopular.com\/?p=460523"},"modified":"2015-03-09T16:21:31","modified_gmt":"2015-03-09T20:21:31","slug":"la-fiscalia-chilena-hurga-en-la-trama-de-financiacion-ilegal","status":"publish","type":"post","link":"https:\/\/diarioelpopular.com\/index.php\/2015\/03\/09\/la-fiscalia-chilena-hurga-en-la-trama-de-financiacion-ilegal\/","title":{"rendered":"La Fiscal\u00eda chilena hurga en la trama de financiaci\u00f3n ilegal"},"content":{"rendered":"<div id=\"attachment_460524\" style=\"width: 570px\" class=\"wp-caption aligncenter\"><a href=\"https:\/\/diarioelpopular.com\/wp-content\/uploads\/2015\/03\/1425849721_858205_1425851320_noticia_normal.jpg\"><img loading=\"lazy\" decoding=\"async\" aria-describedby=\"caption-attachment-460524\" class=\"size-full wp-image-460524\" src=\"https:\/\/diarioelpopular.com\/wp-content\/uploads\/2015\/03\/1425849721_858205_1425851320_noticia_normal.jpg\" alt=\"El exsenador Carlos Bombal. \" width=\"560\" height=\"373\" \/><\/a><p id=\"caption-attachment-460524\" class=\"wp-caption-text\">El exsenador Carlos Bombal.<\/p><\/div>\n<p style=\"color: #333333\"><strong><em>SANTIAGO.-<\/em><\/strong> El mayor caso de corrupci\u00f3n que se haya destapado en Chile, y el que hasta ahora ha llegado m\u00e1s lejos por la importancia de sus implicados, comienza hoy una etapa clave. Despu\u00e9s de que la justicia chilena determinara el s\u00e1bado la prisi\u00f3n preventiva\u00a0<a style=\"color: #016ca2\" href=\"http:\/\/internacional.elpais.com\/internacional\/2015\/03\/05\/actualidad\/1425595703_447403.html\" target=\"_blank\">para los dos due\u00f1os del grupo Penta<\/a>, acusados de delitos tributarios y soborno, la Fiscal\u00eda se centrar\u00e1 en la arista pol\u00edtica de la causa y prepara interrogatorios a los cerca de 10 dirigentes, sobre todo del partido de derecha Uni\u00f3n Dem\u00f3crata Independiente (UDI), involucrados en esta trama de fraude al fisco y de financiamiento ilegal de campa\u00f1as pol\u00edticas que ha causado una amplia expectaci\u00f3n p\u00fablica.<\/p>\n<p style=\"color: #333333\">\u201cHay una serie de diligencias que vamos a hacer y no descartamos formalizar si es que es procedente\u201d, indic\u00f3 el Fiscal Nacional, Sabas Chahu\u00e1n. Despu\u00e9s de tres d\u00edas de formalizaciones a los due\u00f1os del grupo, ejecutivos de primera l\u00ednea de la empresa y exfuncionarios p\u00fablicos, el magistrado Juan Escobar realiz\u00f3 el s\u00e1bado una detallada justificaci\u00f3n respecto de las medidas cautelares solicitadas por los acusadores y envi\u00f3 a prisi\u00f3n a los due\u00f1os de Penta,\u00a0<a style=\"color: #016ca2\" href=\"http:\/\/internacional.elpais.com\/internacional\/2015\/01\/09\/actualidad\/1420841200_507293.html\" target=\"_blank\">Carlos Alberto D\u00e9lano y Carlos Eugenio Lav\u00edn<\/a>, empresarios de primera l\u00ednea del sector privado, con redes pol\u00edticas y de amistad con el conglomerado de derecha. Con el argumento de que su libertad resulta peligrosa para la sociedad, \u201cpor haber actuado en grupo o pandilla\u201d, el juez tambi\u00e9n decret\u00f3 el encarcelamiento de otros cuatro implicados: los exgerentes de la compa\u00f1\u00eda Marcos Castro y Hugo Bravo, el exsubsecretario de Miner\u00eda del Gobierno de Sebasti\u00e1n Pi\u00f1era (2010-2014), Pablo Wagner, y el exfuncionario del Servicio de Impuestos Internos (SII) Iv\u00e1n \u00c1lvarez, que se encuentra privado de libertad desde septiembre pasado.<\/p>\n<p style=\"color: #333333\">Adem\u00e1s de criticar las bajas sanciones de los delitos por corrupci\u00f3n en Chile, el magistrado tambi\u00e9n decret\u00f3 que la Fiscal\u00eda tiene un plazo de cuatro meses para investigar la m\u00e1quina para defraudar al fisco que Penta puso en marcha. Luego comenzar\u00e1 el juicio. En estos 120 d\u00edas, sin embargo, el Ministerio P\u00fablico tambi\u00e9n tiene contemplado dedicarse de lleno a la arista pol\u00edtica de este caso, que es la de mayor sensibilidad p\u00fablica. En las jornadas de formalizaci\u00f3n que arrancaron el mi\u00e9rcoles, han sido nombrados al menos 10 dirigentes a los que Penta financi\u00f3 durante la campa\u00f1a presidencial y parlamentaria de 2013, generalmente a cambio de honorarios por trabajos que no fueron realizados. De los involucrados, ocho son militantes de la UDI, de los cuales tres resultaron electos y conforman actualmente el Parlamento chileno. Entre los nombrados tambi\u00e9n se encuentra un dirigente hist\u00f3rico del otro partido de derecha, Renovaci\u00f3n Nacional (RN), y un precandidato presidencial de centroizquierda, Andr\u00e9s Velasco, ministro de Hacienda del primer Gobierno de Michelle Bachelet (2006-2010).<\/p>\n<p style=\"color: #333333\">La resoluci\u00f3n de los tribunales chilenos de enviar a prisi\u00f3n a seis involucrados en el caso Penta gener\u00f3 inmediatas reacciones pol\u00edticas y del mundo empresarial. La presidenta Michelle Bachelet,\u00a0<a style=\"color: #016ca2\" href=\"http:\/\/internacional.elpais.com\/internacional\/2015\/01\/18\/actualidad\/1421606100_706926.html\" target=\"_blank\">afectada en las \u00faltimas semanas por los pol\u00e9micos negocios de su hijo y de su nuera<\/a>, que tambi\u00e9n son investigados por la Fiscal\u00eda, se\u00f1al\u00f3 que la determinaci\u00f3n del Poder Judicial demuestra que en Chile \u201clas instituciones funcionan y funcionan para todos\u201d. Desde el sector privado, uno de los primeros en reaccionar fue el presidente de la Sofofa, una de las principales agrupaciones de empresarios, que se\u00f1al\u00f3 que los hechos investigados \u201crevisten la m\u00e1xima gravedad para el pa\u00eds\u201d. \u201cSuponen graves faltas contra la ley y la \u00e9tica, que da\u00f1an la confianza p\u00fablica y no se pueden volver a repetir\u201d, indic\u00f3 el l\u00edder del organismo, Hermann von M\u00fchlenbrock.<\/p>\n<p style=\"color: #333333\">Inmediatamente despu\u00e9s del anuncio del magistrado Escobar, los implicados en el\u00a0<em>caso Penta<\/em>\u00a0ingresaron en la C\u00e1rcel de Alta Seguridad de la capital chilena, a la espera de que la Corte de Apelaciones de Santiago se pronuncie sobre los recursos presentados por las defensas. La detenci\u00f3n de los controladores de la compa\u00f1\u00eda, que podr\u00edan estar encarcelados los cuatro meses de investigaci\u00f3n y que se arriesgan hasta a 15 a\u00f1os de c\u00e1rcel, ha representado una se\u00f1al in\u00e9dita de la Justicia. Seg\u00fan los abogados defensores, la medida esconde un mensaje contra los poderosos: el grupo tiene una malla de negocios relacionados con la salud, el \u00e1rea financiera, inmobiliaria, de desarrollo y de la tecnolog\u00eda que lo posiciona entre los principales holding de este pa\u00eds sudamericano.<\/p>\n<p style=\"color: #333333\">\u201cEmit\u00edan boletas o facturas que daban cuenta de servicios que no fueron realizados, en algunos casos por familiares de los imputados, en otras por secretarias de los mismos, dineros que eran defraudados y utilizados en algunos casos para campa\u00f1as pol\u00edticas de cargos de elecci\u00f3n popular\u201d, argument\u00f3 el fiscal.<\/p>\n","protected":false},"excerpt":{"rendered":"<p>Tras las detenciones de este fin de semana, el Ministerio P\u00fablico se centra en la arista pol\u00edtica yprepara ya los primeros interrogatorios<\/p>\n","protected":false},"author":5842,"featured_media":0,"comment_status":"open","ping_status":"open","sticky":false,"template":"","format":"standard","meta":{"footnotes":""},"categories":[23,24],"tags":[],"class_list":["post-460523","post","type-post","status-publish","format-standard","hentry","category-latinoamerica","category-mundo"],"_links":{"self":[{"href":"https:\/\/diarioelpopular.com\/index.php\/wp-json\/wp\/v2\/posts\/460523","targetHints":{"allow":["GET"]}}],"collection":[{"href":"https:\/\/diarioelpopular.com\/index.php\/wp-json\/wp\/v2\/posts"}],"about":[{"href":"https:\/\/diarioelpopular.com\/index.php\/wp-json\/wp\/v2\/types\/post"}],"author":[{"embeddable":true,"href":"https:\/\/diarioelpopular.com\/index.php\/wp-json\/wp\/v2\/users\/5842"}],"replies":[{"embeddable":true,"href":"https:\/\/diarioelpopular.com\/index.php\/wp-json\/wp\/v2\/comments?post=460523"}],"version-history":[{"count":1,"href":"https:\/\/diarioelpopular.com\/index.php\/wp-json\/wp\/v2\/posts\/460523\/revisions"}],"predecessor-version":[{"id":460525,"href":"https:\/\/diarioelpopular.com\/index.php\/wp-json\/wp\/v2\/posts\/460523\/revisions\/460525"}],"wp:attachment":[{"href":"https:\/\/diarioelpopular.com\/index.php\/wp-json\/wp\/v2\/media?parent=460523"}],"wp:term":[{"taxonomy":"category","embeddable":true,"href":"https:\/\/diarioelpopular.com\/index.php\/wp-json\/wp\/v2\/categories?post=460523"},{"taxonomy":"post_tag","embeddable":true,"href":"https:\/\/diarioelpopular.com\/index.php\/wp-json\/wp\/v2\/tags?post=460523"}],"curies":[{"name":"wp","href":"https:\/\/api.w.org\/{rel}","templated":true}]}}