{"id":460545,"date":"2015-03-10T17:42:53","date_gmt":"2015-03-10T21:42:53","guid":{"rendered":"http:\/\/diarioelpopular.com\/?p=460545"},"modified":"2015-03-10T17:43:03","modified_gmt":"2015-03-10T21:43:03","slug":"maduro-pedira-poderes-especiales-para-legislar-contra-el-imperialismo","status":"publish","type":"post","link":"https:\/\/diarioelpopular.com\/index.php\/2015\/03\/10\/maduro-pedira-poderes-especiales-para-legislar-contra-el-imperialismo\/","title":{"rendered":"Maduro pedir\u00e1 poderes especiales \u201cpara legislar contra el imperialismo\u201d"},"content":{"rendered":"<div class=\"columna_texto\">\n<div id=\"cuerpo_noticia\" class=\"cuerpo_noticia\" style=\"color: #333333\">\n<div id=\"attachment_460546\" style=\"width: 570px\" class=\"wp-caption aligncenter\"><a href=\"https:\/\/diarioelpopular.com\/wp-content\/uploads\/2015\/03\/1425962751_537552_1425964480_noticia_normal.jpg\"><img loading=\"lazy\" decoding=\"async\" aria-describedby=\"caption-attachment-460546\" class=\"size-full wp-image-460546\" src=\"https:\/\/diarioelpopular.com\/wp-content\/uploads\/2015\/03\/1425962751_537552_1425964480_noticia_normal.jpg\" alt=\"El presidente venezolano, Nicol\u00e1s Maduro, este lunes. \" width=\"560\" height=\"378\" \/><\/a><p id=\"caption-attachment-460546\" class=\"wp-caption-text\">El presidente venezolano, Nicol\u00e1s Maduro, este lunes.<\/p><\/div>\n<p><strong><em>CARACAS.-<\/em><\/strong> La respuesta del Gobierno de Venezuela a\u00a0<a style=\"color: #016ca2\" href=\"http:\/\/internacional.elpais.com\/internacional\/2015\/03\/09\/actualidad\/1425919831_255459.html\">las sanciones anunciadas por el presidente Barack Obama<\/a>, que ha declarado al pa\u00eds sudamericano como una amenaza para los intereses de Estados Unidos, ha llegado cargada de ret\u00f3rica nacionalista. El Gobierno chavista ha querido aprovechar para reforzar la impresi\u00f3n de que es v\u00edctima de un complot internacional que pretende desalojarle del poder. \u201cObama decidi\u00f3 cumplir personalmente la tarea de derrocar a mi gobierno e intervenir a Venezuela\u201d, ha asegurado el mandatario<a style=\"color: #016ca2\" href=\"http:\/\/elpais.com\/tag\/nicolas_maduro\/a\/\" target=\"_blank\">Nicol\u00e1s Maduro<\/a>, quien solicitar\u00e1 al Parlamento de este pa\u00eds poderes \u201cpara legislar contra la amenaza imperialista\u201d.<\/p>\n<p>El jefe del Estado venezolano esper\u00f3 a la finalizaci\u00f3n del partido de f\u00fatbol de la selecci\u00f3n nacional sub17, que se impuso a Brasil 3 a 2, para iniciar un largo discurso, de casi tres horas, en el que repas\u00f3\u00a0<a style=\"color: #016ca2\" href=\"http:\/\/internacional.elpais.com\/internacional\/2015\/03\/06\/actualidad\/1425608174_260805.html\">sus dos a\u00f1os en el cargo<\/a>\u00a0m\u00e1s importante del pa\u00eds. Fue su forma de enmarcar que lo dicho por Washington este lunes es otro cap\u00edtulo de una trama golpista ejecutada por pol\u00edticos opositores, a quienes catalog\u00f3 como agentes a sueldo del pa\u00eds norteamericano que aprovechan las libertades establecidas en la Constituci\u00f3n para dedicarse a la actividad proselitista.<\/p>\n<p>Maduro tambi\u00e9n quiso responder con un desplante al nombrar a\u00a0<a style=\"color: #016ca2\" href=\"http:\/\/internacional.elpais.com\/internacional\/2015\/03\/09\/actualidad\/1425936073_047671.html\">uno de los siete sancionados<\/a>, el mayor general Gustavo Enrique Gonz\u00e1lez L\u00f3pez, como ministro del Interior, Justicia y Paz, un cargo que ocupaba la almirante Carmen Mel\u00e9ndez. Gonz\u00e1lez L\u00f3pez fue hasta este lunes el titular del Servicio Bolivariano de Inteligencia (Seb\u00edn), la polic\u00eda pol\u00edtica. Este organismo est\u00e1 acusado por la Casa Blanca de perseguir a pol\u00edticos opositores y de desconocer sus derechos humanos. Gonz\u00e1lez L\u00f3pez se levant\u00f3 de su asiento, localizado al lado de otros altos cargos militares, e hizo un saludo militar.<\/p>\n<p>La alocuci\u00f3n de Maduro ha representado el punto culminante de una jornada en la cual los altos funcionarios de su Gobierno se han referido a las sanciones anunciadas por Washington de variadas maneras. Algunas incluso rozaron la procacidad, imitando ese modo tan propio del fallecido\u00a0<a style=\"color: #016ca2\" href=\"http:\/\/elpais.com\/tag\/hugo_chavez\/a\/\" target=\"_blank\">Hugo Ch\u00e1vez<\/a>\u00a0para referirse a la dirigencia estadounidense. La canciller Delcy Rodr\u00edguez llam\u00f3 a consultas al encargado de Negocios Maximiliem Arvelaiz. El presidente de la Asamblea Nacional, Diosdado Cabello, llam\u00f3 a la base del Partido Socialista Unido de Venezuela a movilizarse ante la inminencia de un ataque militar.<\/p>\n<p><a style=\"color: #016ca2\" href=\"http:\/\/www.whitehouse.gov\/the-press-office\/2015\/03\/09\/fact-sheet-venezuela-executive-order\" target=\"_blank\">La resoluci\u00f3n de la Casa Blanca<\/a>\u00a0parece una respuesta a la decisi\u00f3n de Venezuela de impedir la entrada al pa\u00eds de siete estadounidenses, a quienes identific\u00f3 con nombres y apellidos, anunciada la semana pasada. A mediados de diciembre el presidente\u00a0<a style=\"color: #016ca2\" href=\"http:\/\/internacional.elpais.com\/internacional\/2014\/12\/19\/actualidad\/1418959170_254034.html\">Barack Obama firm\u00f3 la Ley de Defensa de los Derechos Humanos y la Sociedad Civil de Venezuela 2014<\/a>, aprobada previamente por el Congreso de ese pa\u00eds, que impone sanciones contra funcionarios del Gobierno venezolano considerados responsables de violaciones de derechos humanos en<a style=\"color: #016ca2\" href=\"http:\/\/elpais.com\/tag\/c\/b7d3392e143d8c38787a79191e372233\">las protestas opositoras suscitadas entre febrero y junio de 2014<\/a>.<\/p>\n<\/div>\n<\/div>\n<div class=\"modulo_compartir estirar\"><\/div>\n","protected":false},"excerpt":{"rendered":"<p>El presidente de Venezuela responde a Washington y nombra a uno de los funcionarios sancionados como ministro del Interior, Justicia y Paz<\/p>\n","protected":false},"author":5842,"featured_media":0,"comment_status":"open","ping_status":"open","sticky":false,"template":"","format":"standard","meta":{"footnotes":""},"categories":[23,24],"tags":[],"class_list":["post-460545","post","type-post","status-publish","format-standard","hentry","category-latinoamerica","category-mundo"],"_links":{"self":[{"href":"https:\/\/diarioelpopular.com\/index.php\/wp-json\/wp\/v2\/posts\/460545","targetHints":{"allow":["GET"]}}],"collection":[{"href":"https:\/\/diarioelpopular.com\/index.php\/wp-json\/wp\/v2\/posts"}],"about":[{"href":"https:\/\/diarioelpopular.com\/index.php\/wp-json\/wp\/v2\/types\/post"}],"author":[{"embeddable":true,"href":"https:\/\/diarioelpopular.com\/index.php\/wp-json\/wp\/v2\/users\/5842"}],"replies":[{"embeddable":true,"href":"https:\/\/diarioelpopular.com\/index.php\/wp-json\/wp\/v2\/comments?post=460545"}],"version-history":[{"count":2,"href":"https:\/\/diarioelpopular.com\/index.php\/wp-json\/wp\/v2\/posts\/460545\/revisions"}],"predecessor-version":[{"id":460548,"href":"https:\/\/diarioelpopular.com\/index.php\/wp-json\/wp\/v2\/posts\/460545\/revisions\/460548"}],"wp:attachment":[{"href":"https:\/\/diarioelpopular.com\/index.php\/wp-json\/wp\/v2\/media?parent=460545"}],"wp:term":[{"taxonomy":"category","embeddable":true,"href":"https:\/\/diarioelpopular.com\/index.php\/wp-json\/wp\/v2\/categories?post=460545"},{"taxonomy":"post_tag","embeddable":true,"href":"https:\/\/diarioelpopular.com\/index.php\/wp-json\/wp\/v2\/tags?post=460545"}],"curies":[{"name":"wp","href":"https:\/\/api.w.org\/{rel}","templated":true}]}}