{"id":460576,"date":"2015-03-11T09:29:06","date_gmt":"2015-03-11T13:29:06","guid":{"rendered":"http:\/\/diarioelpopular.com\/?p=460576"},"modified":"2015-03-11T09:29:13","modified_gmt":"2015-03-11T13:29:13","slug":"santos-ordena-suspender-durante-un-mes-los-bombardeos-contra-las-farc","status":"publish","type":"post","link":"https:\/\/diarioelpopular.com\/index.php\/2015\/03\/11\/santos-ordena-suspender-durante-un-mes-los-bombardeos-contra-las-farc\/","title":{"rendered":"Santos ordena suspender durante un mes los bombardeos contra las FARC"},"content":{"rendered":"<div id=\"attachment_460577\" style=\"width: 570px\" class=\"wp-caption aligncenter\"><a href=\"https:\/\/diarioelpopular.com\/wp-content\/uploads\/2015\/03\/1426045952_875547_1426046913_noticia_normal.jpg\"><img loading=\"lazy\" decoding=\"async\" aria-describedby=\"caption-attachment-460577\" class=\"size-full wp-image-460577\" src=\"https:\/\/diarioelpopular.com\/wp-content\/uploads\/2015\/03\/1426045952_875547_1426046913_noticia_normal.jpg\" alt=\"El presidente Juan Manuel Santos da un mensaje este martes. \" width=\"560\" height=\"373\" \/><\/a><p id=\"caption-attachment-460577\" class=\"wp-caption-text\">El presidente Juan Manuel Santos da un mensaje este martes.<\/p><\/div>\n<p dir=\"ltr\" style=\"color: #333333\"><strong><em>BOGOTA.-<\/em> <\/strong>El presidente colombiano,\u00a0<a style=\"color: #016ca2\" href=\"http:\/\/elpais.com\/tag\/juan_manuel_santos_calderon\/a\/\" target=\"_blank\">Juan Manuel Santos<\/a>, ha anunciado este martes que ha dado la orden de suspender por un mes los bombardeos en contra de\u00a0<a style=\"color: #016ca2\" href=\"http:\/\/elpais.com\/tag\/farc_fuerzas_armadas_revolucionarias_colombia\/a\/\" target=\"_blank\">la guerrilla de las FARC<\/a>, como una medida para bajar la intensidad al conflicto colombiano mientras se sigue negociando en La Habana, sede de los di\u00e1logos de paz. Santos aclar\u00f3 que si se registra alguna amenaza sobre la poblaci\u00f3n, no renunciar\u00e1 a reanudar los bombardeos.<\/p>\n<p dir=\"ltr\" style=\"color: #333333\">Cuando se acabe el plazo, el Gobierno revisar\u00e1 el cumplimiento del<a style=\"color: #016ca2\" href=\"http:\/\/internacional.elpais.com\/internacional\/2014\/12\/20\/actualidad\/1419108968_303838.html\" target=\"_blank\">cese unilateral e indefinido que la guerrilla declar\u00f3 en diciembre pasado<\/a>\u00a0y que hasta ahora se mantiene sin infracciones. De acuerdo a esa evaluaci\u00f3n, se decidir\u00e1 si contin\u00faa o no la suspensi\u00f3n de los bombardeos. \u201cHay que reconocer que lo vienen cumpliendo. As\u00ed me lo han confirmado los comandantes militares y de la Polic\u00eda, y los gobernadores y alcaldes en los territorios\u201d, ha dicho Santos en referencia a la tregua de las FARC.<\/p>\n<p dir=\"ltr\" style=\"color: #333333\">La suspensi\u00f3n de los bombardeos, que el mandatario calific\u00f3 de \u201cconveniente\u201d, dado los avances del proceso de paz que ya cumple dos a\u00f1os y cuatro meses, no cobija al<a style=\"color: #016ca2\" href=\"http:\/\/elpais.com\/tag\/eln_ejercito_liberacion_nacional\/a\/\" target=\"_blank\">Ej\u00e9rcito de Liberaci\u00f3n Nacional (ELN)<\/a>, la segunda guerrilla de<a style=\"color: #016ca2\" href=\"http:\/\/elpais.com\/tag\/colombia\/a\/\" target=\"_blank\">Colombia<\/a>. Por el contrario, se intensificar\u00e1n las operaciones militares contra este grupo que integran cerca de 1.500 combatientes y con el que se hab\u00edan iniciado conversaciones exploratorias, sin ning\u00fan avance. \u201cEn lugar de entrar en sinton\u00eda con el desescalamiento y la b\u00fasqueda de la paz, ha continuado y hasta incrementado sus actividades delictivas\u201d, agreg\u00f3. Sin embargo, no queda claro c\u00f3mo funcionar\u00e1 esta suspensi\u00f3n en las zonas donde hacen presencia las dos guerrillas.<\/p>\n<p dir=\"ltr\" style=\"color: #333333\">Para Santos es claro que los colombianos quieren empezar a sentir que la guerra disminuye, y record\u00f3 que ya se han tomando decisiones en ese sentido, as\u00ed se siga negociando con las FARC en medio del conflicto. Primero fue la tregua indefinida que declar\u00f3 la guerrilla el pasado 20 de diciembre y luego su decisi\u00f3n, no exenta de reproches, de\u00a0<a style=\"color: #016ca2\" href=\"http:\/\/internacional.elpais.com\/internacional\/2015\/02\/12\/actualidad\/1423771470_110830.html\">no volver a reclutar a ni\u00f1os menores de 17 a\u00f1os<\/a>. El s\u00e1bado pasado, el proceso de paz arroj\u00f3 otro fruto en ese mismo sentido, ya que los negociadores de paz decidieron empezar de inmediato y conjuntamente,\u00a0<a style=\"color: #016ca2\" href=\"http:\/\/internacional.elpais.com\/internacional\/2015\/03\/08\/actualidad\/1425775737_714038.html\" target=\"_blank\">el desminado de los territorios que est\u00e1n en mayor riesgo<\/a>, algo sin precedentes en el pa\u00eds y que ha sido celebrado casi que por unanimidad.<\/p>\n<p dir=\"ltr\" style=\"color: #333333\">Las FARC brindar\u00e1n informaci\u00f3n sobre la ubicaci\u00f3n de las minas que han sembrado y los militares ser\u00e1n los encargados de desactivarlas. \u201cLas minas antipersonal son una llaga en el coraz\u00f3n y una verg\u00fcenza de Colombia que vamos a eliminar\u201d, ha mencionado Santos. Erradicarlas se tomar\u00e1 una d\u00e9cada y costar\u00e1 cerca de 200 millones de d\u00f3lares, ya que seg\u00fan los c\u00e1lculos oficiales, est\u00e1n sembradas en m\u00e1s del 50% del territorio.<\/p>\n<p dir=\"ltr\" style=\"color: #333333\">Santos tambi\u00e9n aprovech\u00f3 su alocuci\u00f3n para anunciar la creaci\u00f3n de una comisi\u00f3n que re\u00fana a diferentes sectores de la opini\u00f3n p\u00fablica, incluidos rivales pol\u00edticos, para que lo asesoren en el \u00faltimo tramo del proceso de paz, ya que est\u00e1n por definirse asuntos tan espinosos como qu\u00e9 tanta justicia se aplicar\u00e1 a los guerrilleros y c\u00f3mo dejar\u00e1n las armas.<\/p>\n<p dir=\"ltr\" style=\"color: #333333\">En el grupo est\u00e1 el profesor Antanas Mockus, exalcalde de Bogot\u00e1 y al que Santos le gan\u00f3 en su primer mandato, as\u00ed como Clara L\u00f3pez, candidata presidencial por la izquierda, entre otros. El opositor \u00d3scar Iv\u00e1n Zuluaga, alfil del uribismo, y el expresidente conservador Andr\u00e9s Pastrana, los dos cr\u00edticos de las negociaciones, tambi\u00e9n fueron invitados. Este \u00faltimo ya acept\u00f3: \u201cColombia est\u00e1 por encima de cualquier diferencia pol\u00edtica\u201d,\u00a0<a style=\"color: #016ca2\" href=\"https:\/\/twitter.com\/AndresPastrana_\/status\/575466242485567488\" target=\"_blank\">escribi\u00f3 en Twitter<\/a>. Zuluaga, por su parte, se mantiene en silencio.<\/p>\n<p dir=\"ltr\" style=\"color: #333333\">Hasta el momento, la oposici\u00f3n se ha mantenido al margen de las negociaciones de paz y ha declinado las invitaciones que les ha hecho Santos para discutir los avances y los reparos que tienen a las mismas. En este sentido, el presidente colombiano explic\u00f3 que la idea de convocar una comisi\u00f3n de este tipo es escuchar a las voces m\u00e1s variadas para que lo \u201cayuden a acertar\u201d. \u201cLa paz es de todos los colombianos. Por eso los necesito a todos, no importa si son cr\u00edticos del proceso\u201d, agreg\u00f3 en su llamado a la unidad.<\/p>\n","protected":false},"excerpt":{"rendered":"<p>La medida podr\u00eda extenderse si la guerrilla cumple con la tregua indefinida que declar\u00f3 en diciembre pasado<\/p>\n","protected":false},"author":5842,"featured_media":0,"comment_status":"open","ping_status":"open","sticky":false,"template":"","format":"standard","meta":{"footnotes":""},"categories":[23,24],"tags":[],"class_list":["post-460576","post","type-post","status-publish","format-standard","hentry","category-latinoamerica","category-mundo"],"_links":{"self":[{"href":"https:\/\/diarioelpopular.com\/index.php\/wp-json\/wp\/v2\/posts\/460576","targetHints":{"allow":["GET"]}}],"collection":[{"href":"https:\/\/diarioelpopular.com\/index.php\/wp-json\/wp\/v2\/posts"}],"about":[{"href":"https:\/\/diarioelpopular.com\/index.php\/wp-json\/wp\/v2\/types\/post"}],"author":[{"embeddable":true,"href":"https:\/\/diarioelpopular.com\/index.php\/wp-json\/wp\/v2\/users\/5842"}],"replies":[{"embeddable":true,"href":"https:\/\/diarioelpopular.com\/index.php\/wp-json\/wp\/v2\/comments?post=460576"}],"version-history":[{"count":1,"href":"https:\/\/diarioelpopular.com\/index.php\/wp-json\/wp\/v2\/posts\/460576\/revisions"}],"predecessor-version":[{"id":460578,"href":"https:\/\/diarioelpopular.com\/index.php\/wp-json\/wp\/v2\/posts\/460576\/revisions\/460578"}],"wp:attachment":[{"href":"https:\/\/diarioelpopular.com\/index.php\/wp-json\/wp\/v2\/media?parent=460576"}],"wp:term":[{"taxonomy":"category","embeddable":true,"href":"https:\/\/diarioelpopular.com\/index.php\/wp-json\/wp\/v2\/categories?post=460576"},{"taxonomy":"post_tag","embeddable":true,"href":"https:\/\/diarioelpopular.com\/index.php\/wp-json\/wp\/v2\/tags?post=460576"}],"curies":[{"name":"wp","href":"https:\/\/api.w.org\/{rel}","templated":true}]}}