{"id":460585,"date":"2015-03-11T09:42:29","date_gmt":"2015-03-11T13:42:29","guid":{"rendered":"http:\/\/diarioelpopular.com\/?p=460585"},"modified":"2015-03-11T09:42:37","modified_gmt":"2015-03-11T13:42:37","slug":"conservadores-preocupados-por-costo-de-ayuda-a-inmigrantes","status":"publish","type":"post","link":"https:\/\/diarioelpopular.com\/index.php\/2015\/03\/11\/conservadores-preocupados-por-costo-de-ayuda-a-inmigrantes\/","title":{"rendered":"Conservadores preocupados por costo de ayuda a inmigrantes"},"content":{"rendered":"<div id=\"attachment_460586\" style=\"width: 570px\" class=\"wp-caption aligncenter\"><a href=\"https:\/\/diarioelpopular.com\/wp-content\/uploads\/2015\/03\/foto-1-breves-14.jpg\"><img loading=\"lazy\" decoding=\"async\" aria-describedby=\"caption-attachment-460586\" class=\"size-large wp-image-460586\" src=\"https:\/\/diarioelpopular.com\/wp-content\/uploads\/2015\/03\/foto-1-breves-14-560x367.jpg\" alt=\"La victoria electoral de los conservadores obedece a los financiamientos de programas para nuevos canadienses.\" width=\"560\" height=\"367\" \/><\/a><p id=\"caption-attachment-460586\" class=\"wp-caption-text\">La victoria electoral de los conservadores obedece a los financiamientos de programas para nuevos canadienses.<\/p><\/div>\n<p><strong><em>OTTAWA.-<\/em><\/strong> Una nota informativa de un diputado conservador sugiere que el gobierno est\u00e1 preocupado en relaci\u00f3n a los gastos en programas de inmigraci\u00f3n.<\/p>\n<p>El comit\u00e9 de inmigraci\u00f3n de la C\u00e1mara de los Comunes est\u00e1 estudiando c\u00f3mo los servicios financiados por el gobierno pueden contribuir a la integraci\u00f3n econ\u00f3mica de los nuevos canadienses.<\/p>\n<p>Costas Menegakis, Secretario Parlamentario para Inmigraci\u00f3n, se\u00f1ala que la base del partido conocer\u00e1 que el gobierno gasta cerca de $ 1 mil millones al a\u00f1o en esos esfuerzos.<\/p>\n<p>La nota plantea otro riesgo en la realizaci\u00f3n de un estudio de este tipo, debido a que la relaci\u00f3n del gobierno con Quebec puede surgir como un problema.<\/p>\n<p>Aunque el estudio comenz\u00f3 en febrero y el comit\u00e9 inici\u00f3 la audici\u00f3n de testigos, la nota tambi\u00e9n establece cinco recomendaciones para su informe final.<\/p>\n<p>El diputado liberal, John McCallum, miembro del comit\u00e9, calific\u00f3 de &#8220;escalofriante&#8221; la referencia a la base del partido en el documento.<\/p>\n<p>&#8220;Se hace referencia a que sus propios partidarios estar\u00edan escandalizados ante la idea de gastar dinero para ayudar a inmigrantes&#8221;, dijo McCallum.<\/p>\n<p>\u201cLos reci\u00e9n llegados deben instalarse r\u00e1pidamente e incorporarse al trabajo, convirti\u00e9ndose en canadienses productivos y no estar recibiendo asistencia social&#8221;.<\/p>\n<p>La victoria electoral de los conservadores, en los \u00faltimos a\u00f1os, obedece a las incursiones que el partido ha hecho entre los nuevos canadienses. Tambi\u00e9n han revisado masivamente el sistema de inmigraci\u00f3n motivado en parte por las preocupaciones planteadas dentro de la comunidad de reci\u00e9n llegados.<\/p>\n","protected":false},"excerpt":{"rendered":"<p>OTTAWA.- Una nota informativa de un diputado conservador sugiere que el gobierno est\u00e1 preocupado en relaci\u00f3n a los gastos en programas de inmigraci\u00f3n. El comit\u00e9&hellip;<\/p>\n","protected":false},"author":5842,"featured_media":0,"comment_status":"open","ping_status":"open","sticky":false,"template":"","format":"standard","meta":{"footnotes":""},"categories":[21],"tags":[],"class_list":["post-460585","post","type-post","status-publish","format-standard","hentry","category-canada"],"_links":{"self":[{"href":"https:\/\/diarioelpopular.com\/index.php\/wp-json\/wp\/v2\/posts\/460585","targetHints":{"allow":["GET"]}}],"collection":[{"href":"https:\/\/diarioelpopular.com\/index.php\/wp-json\/wp\/v2\/posts"}],"about":[{"href":"https:\/\/diarioelpopular.com\/index.php\/wp-json\/wp\/v2\/types\/post"}],"author":[{"embeddable":true,"href":"https:\/\/diarioelpopular.com\/index.php\/wp-json\/wp\/v2\/users\/5842"}],"replies":[{"embeddable":true,"href":"https:\/\/diarioelpopular.com\/index.php\/wp-json\/wp\/v2\/comments?post=460585"}],"version-history":[{"count":1,"href":"https:\/\/diarioelpopular.com\/index.php\/wp-json\/wp\/v2\/posts\/460585\/revisions"}],"predecessor-version":[{"id":460587,"href":"https:\/\/diarioelpopular.com\/index.php\/wp-json\/wp\/v2\/posts\/460585\/revisions\/460587"}],"wp:attachment":[{"href":"https:\/\/diarioelpopular.com\/index.php\/wp-json\/wp\/v2\/media?parent=460585"}],"wp:term":[{"taxonomy":"category","embeddable":true,"href":"https:\/\/diarioelpopular.com\/index.php\/wp-json\/wp\/v2\/categories?post=460585"},{"taxonomy":"post_tag","embeddable":true,"href":"https:\/\/diarioelpopular.com\/index.php\/wp-json\/wp\/v2\/tags?post=460585"}],"curies":[{"name":"wp","href":"https:\/\/api.w.org\/{rel}","templated":true}]}}