{"id":460619,"date":"2015-03-12T17:57:42","date_gmt":"2015-03-12T21:57:42","guid":{"rendered":"http:\/\/diarioelpopular.com\/?p=460619"},"modified":"2015-03-12T17:58:27","modified_gmt":"2015-03-12T21:58:27","slug":"florentino-perez-nos-sentimos-orgullosos-de-ancelotti","status":"publish","type":"post","link":"https:\/\/diarioelpopular.com\/index.php\/2015\/03\/12\/florentino-perez-nos-sentimos-orgullosos-de-ancelotti\/","title":{"rendered":"Florentino P\u00e9rez: \u201cNos sentimos orgullosos de Ancelotti\u201d"},"content":{"rendered":"<div id=\"attachment_460620\" style=\"width: 570px\" class=\"wp-caption aligncenter\"><a href=\"https:\/\/diarioelpopular.com\/wp-content\/uploads\/2015\/03\/1426160657_578095_1426163628_noticia_normal.jpg\"><img loading=\"lazy\" decoding=\"async\" aria-describedby=\"caption-attachment-460620\" class=\"size-full wp-image-460620\" src=\"https:\/\/diarioelpopular.com\/wp-content\/uploads\/2015\/03\/1426160657_578095_1426163628_noticia_normal.jpg\" alt=\"Ancelotti abraza a Florentino P\u00e9rez el d\u00eda de su presentaci\u00f3n.\" width=\"560\" height=\"375\" \/><\/a><p id=\"caption-attachment-460620\" class=\"wp-caption-text\">Ancelotti abraza a Florentino P\u00e9rez el d\u00eda de su presentaci\u00f3n.<\/p><\/div>\n<p>Florentino P\u00e9rez convoc\u00f3 una conferencia de prensa extraordinaria este mediod\u00eda para pedir la unidad de la afici\u00f3n, anunciar que no destituir\u00e1 al entrenador, Carlo Ancelotti, sea cual sea el resultado del pr\u00f3ximo cl\u00e1sico en el Camp Nou, y reivindicar la figura de Gareth Bale. El presidente del Madrid advirti\u00f3 de que no tuvo m\u00e1s alternativa que defender p\u00fablicamente su posici\u00f3n, ya que, denunci\u00f3, existe algo parecido a una conspiraci\u00f3n silenciosa contra su persona y contra el club que gobierna. Apunt\u00f3 a diarios de profunda raigambre madridista como \u2018Marca\u2019 o \u2018As\u2019 como parte esencial del problema. \u201cAlgunos medios han hecho la raz\u00f3n de ser de su vida el ir contra m\u00ed y contra el Madrid\u201d, dijo el mandatario. \u201cComo veo que se ha elevado el nivel de la confusi\u00f3n entre los aficionados, \u00a1pues aqu\u00ed estoy!\u201d.<\/p>\n<p>\u201cSe publican informaciones que nada tienen que ver con la realidad y que contribuyen a crear un clima de gran presi\u00f3n alrededor de nuestro entrenador y nuestros jugadores\u201d, declar\u00f3 el presidente, apuntando a la informaci\u00f3n de \u2018Marca\u2019 en la que se asegura que destituir\u00e1 a Ancelotti si hay una \u201cdebacle\u201d en el Camp Nou. Dotado de excelentes contactos con el club, \u2018Marca\u2019 tambi\u00e9n public\u00f3 que Florentino P\u00e9rez \u201cquiere que el equipo se entrene m\u00e1s\u201d.<\/p>\n<p>El presidente se mostr\u00f3 indignado. \u201cAprovechar el que no estemos pasando por nuestro mejor momento para dar informaciones que no se corresponden con la verdad no me parece aceptable\u201d, dijo. \u201cLos ataques a nuestro entrenador y a nuestros jugadores est\u00e1n siendo absolutamente desproporcionados. Pase lo que pase en los pr\u00f3ximos d\u00edas y en las pr\u00f3ximas semanas, Carlo Ancelotti va a seguir siendo el entrenador del Real Madrid\u201d.<\/p>\n<p>Las apariciones p\u00fablicas de Florentino P\u00e9rez son raras. En el club aseguran que su aprecio por Ancelotti no es, ni mucho menos, manifiesto, y que dos acontecimientos le impulsaron a salir a escena. Primero, el creciente clima de crispaci\u00f3n que percibe en la hinchada del Bernab\u00e9u; y segundo, y fundamental, la eliminaci\u00f3n del Chelsea de Mourinho en Stamford Bridge el martes en los octavos de la Liga de Campeones. El fracaso del entrenador portugu\u00e9s elev\u00f3 la consideraci\u00f3n de Ancelotti como si estuvieran conectados por vasos comunicantes. Mourinho gozaba de una reputaci\u00f3n inmejorable dentro del club, defendido hasta ahora por los ejecutivos m\u00e1s pr\u00f3ximos a P\u00e9rez, convencidos de que el fichaje de Ancelotti supuso un paso atr\u00e1s. La eliminaci\u00f3n de Mourinho de la forma m\u00e1s inopinada, jugando en casa contra diez durante una hora, disipa cualquier reivindicaci\u00f3n.<\/p>\n<p>Florentino P\u00e9rez defendi\u00f3 a Ancelotti limit\u00e1ndose a se\u00f1alar que lo hac\u00eda porque hab\u00eda logrado \u201ccuatro t\u00edtulos en un a\u00f1o\u201d, algo in\u00e9dito en la historia del Madrid. Pero a quien ampar\u00f3 con m\u00e1s \u00e9nfasis fue a Bale, el jugador por el que pag\u00f3 entre 90 y 100 millones de euros, pitado por el p\u00fablico el martes pasado. \u201cYo no creo que Bale est\u00e9 tan se\u00f1alado\u201d, dijo. \u201cFichamos a Bale en verano de 2013. \u00a1Menudo l\u00edo que armamos! Ya se sabe que lo presentamos con una hernia, que yo sab\u00eda que ten\u00eda una hernia, y dije que se presentara.<\/p>\n<p>Despu\u00e9s, cuando no tuvo hernia se lleg\u00f3 a la conclusi\u00f3n de que no era jugador de f\u00fatbol. Y ahora dicen que hay que cambiar de sistema para que no juegue Gareth Bale. Esto es precisamente lo que nos hace mucho da\u00f1o. Querer condicionar la voluntad del entrenador por intereses que cuando no se han conseguido de una manera se intentan de otra. Bale es uno de los mejores jugadores del mundo. No debemos olvidar lo que fue capaz de hacer en la final de la Copa de Europa y en la final de la Copa del Rey\u201d.<\/p>\n<p>\u201cNo es posible que cada verano los que se van sean los mejores y los que vienen sean los cuestionados\u201d, prosigui\u00f3. \u201cPero algunos se empe\u00f1an en que Bale no sea jugador de f\u00fatbol y distorsiona t\u00e1cticamente al Madrid. Cuando todos recordamos que en el mejor partido que yo recuerde de la historia de la Champions, en M\u00fanich, Bale tuvo una gran actuaci\u00f3n. Es uno de los mejores jugadores del mundo\u201d.<\/p>\n","protected":false},"excerpt":{"rendered":"<p>El presidente del Real Madrid desmiente las informaciones que apuntaban al cese del entrenador por el mal juego del equipo. &#8220;Pase lo que pase en las p\u00f3ximas semanas, seguir\u00e1&#8221;, asegura<\/p>\n","protected":false},"author":5842,"featured_media":0,"comment_status":"open","ping_status":"open","sticky":false,"template":"","format":"standard","meta":{"footnotes":""},"categories":[28],"tags":[],"class_list":["post-460619","post","type-post","status-publish","format-standard","hentry","category-deportes"],"_links":{"self":[{"href":"https:\/\/diarioelpopular.com\/index.php\/wp-json\/wp\/v2\/posts\/460619","targetHints":{"allow":["GET"]}}],"collection":[{"href":"https:\/\/diarioelpopular.com\/index.php\/wp-json\/wp\/v2\/posts"}],"about":[{"href":"https:\/\/diarioelpopular.com\/index.php\/wp-json\/wp\/v2\/types\/post"}],"author":[{"embeddable":true,"href":"https:\/\/diarioelpopular.com\/index.php\/wp-json\/wp\/v2\/users\/5842"}],"replies":[{"embeddable":true,"href":"https:\/\/diarioelpopular.com\/index.php\/wp-json\/wp\/v2\/comments?post=460619"}],"version-history":[{"count":1,"href":"https:\/\/diarioelpopular.com\/index.php\/wp-json\/wp\/v2\/posts\/460619\/revisions"}],"predecessor-version":[{"id":460621,"href":"https:\/\/diarioelpopular.com\/index.php\/wp-json\/wp\/v2\/posts\/460619\/revisions\/460621"}],"wp:attachment":[{"href":"https:\/\/diarioelpopular.com\/index.php\/wp-json\/wp\/v2\/media?parent=460619"}],"wp:term":[{"taxonomy":"category","embeddable":true,"href":"https:\/\/diarioelpopular.com\/index.php\/wp-json\/wp\/v2\/categories?post=460619"},{"taxonomy":"post_tag","embeddable":true,"href":"https:\/\/diarioelpopular.com\/index.php\/wp-json\/wp\/v2\/tags?post=460619"}],"curies":[{"name":"wp","href":"https:\/\/api.w.org\/{rel}","templated":true}]}}