{"id":460733,"date":"2015-03-18T22:09:37","date_gmt":"2015-03-19T02:09:37","guid":{"rendered":"http:\/\/diarioelpopular.com\/?p=460733"},"modified":"2015-03-18T22:09:45","modified_gmt":"2015-03-19T02:09:45","slug":"el-asalto-con-rehenes-en-tunez-acaba-con-17-turistas-muertos","status":"publish","type":"post","link":"https:\/\/diarioelpopular.com\/index.php\/2015\/03\/18\/el-asalto-con-rehenes-en-tunez-acaba-con-17-turistas-muertos\/","title":{"rendered":"El asalto con rehenes en T\u00fanez acaba con 17 turistas muertos"},"content":{"rendered":"<p>&nbsp;<\/p>\n<div id=\"attachment_460734\" style=\"width: 570px\" class=\"wp-caption aligncenter\"><a href=\"https:\/\/diarioelpopular.com\/wp-content\/uploads\/2015\/03\/1426680354_220858_1426715667_noticia_normal.jpg\"><img loading=\"lazy\" decoding=\"async\" aria-describedby=\"caption-attachment-460734\" class=\"size-full wp-image-460734\" src=\"https:\/\/diarioelpopular.com\/wp-content\/uploads\/2015\/03\/1426680354_220858_1426715667_noticia_normal.jpg\" alt=\"Polic\u00edas tunecinos liberan a varios rehenes este mi\u00e9rcoles. \" width=\"560\" height=\"315\" \/><\/a><p id=\"caption-attachment-460734\" class=\"wp-caption-text\">Polic\u00edas tunecinos liberan a varios rehenes este mi\u00e9rcoles.<\/p><\/div>\n<p><span style=\"color: #333333\">El coraz\u00f3n tur\u00edstico de la capital de\u00a0<\/span><a style=\"color: #016ca2\" href=\"http:\/\/elpais.com\/tag\/tunez\/a\/\">T\u00fanez,<\/a><span style=\"color: #333333\">\u00a0el \u00fanico pa\u00eds de la regi\u00f3n que ha logrado culminar la transici\u00f3n democr\u00e1tica tras la primavera \u00e1rabe, ha sido este mi\u00e9rcoles escenario de un atentado terrorista. Al menos 19 personas, entre ellas 17 extranjeros, han muerto en un ataque perpetrado junto al\u00a0<\/span><a style=\"color: #016ca2\" href=\"http:\/\/www.bardomuseum.tn\/\" target=\"_blank\">Museo del Bardo<\/a><span style=\"color: #333333\">, una instituci\u00f3n ubicada en el mismo complejo de inmuebles que el Parlamento, seg\u00fan un balance del Gobierno revisado a la baja.\u00a0<\/span><a style=\"color: #016ca2\" href=\"http:\/\/internacional.elpais.com\/internacional\/2015\/03\/18\/actualidad\/1426704159_136130.html\">Entre los turistas fallecidos figura una pareja de jubilados catalanes.<\/a><span style=\"color: #333333\">\u00a0Tambi\u00e9n otros viajeros de nacionalidad italiana, francesa japonesa, polaca, australiana y colombiana, seg\u00fan las autoridades. En el ataque han muerto igualmente un polic\u00eda y un conductor de autob\u00fas tunecinos, mientras que medio centenar de personas han resultado heridas. Dos de los asaltantes fueron abatidos.<\/span><\/p>\n<p style=\"color: #333333\">La matanza, que nadie hab\u00eda asumido este mi\u00e9rcoles, ha ocurrido el d\u00eda en que la C\u00e1mara tunecina debat\u00eda la reforma de la ley antiterrorista y en una jornada de especial afluencia de turistas por el desembarco de cruceros. La compa\u00f1\u00eda Costa Cruceros ha anunciado que varios de los 3.000 pasajeros de uno de sus buques visitaban la ciudad en el momento del atentado.<\/p>\n<p style=\"color: #333333\">Aunque los hechos resultan todav\u00eda confusos y no ha sido precisado el n\u00famero de atacantes, fuentes del Gobierno han apuntado que la guardia de seguridad del Parlamento comprob\u00f3 que tres hombres uniformados intentaban acceder al recinto con armas no reglamentarias. Al pedirles que se detuvieran, se desat\u00f3 un tiroteo y los supuestos asaltantes lograron huir hacia el Museo del Bardo, uno de los m\u00e1s importantes de T\u00fanez. Otras fuentes apuntan que los terroristas pod\u00edan ser cuatro.<\/p>\n<p style=\"color: #333333\">Testigos se\u00f1alan que los atacantes dispararon contra un autob\u00fas de turistas antes de tomar a varios rehenes y atrincherarse en una zona ajardinada que comparte muro con el museo. Las Fuerzas de Seguridad y el Ej\u00e9rcito pusieron en marcha el dispositivo de alerta m\u00e1xima de lucha contra el terrorismo. La zona fue acordonada por agentes de la Guardia Nacional y de la Polic\u00eda Local, y todos los diputados y las personas que se encontraban en el edificio fueron evacuadas.<\/p>\n<p style=\"color: #333333\">En ese momento, estaban reunidas varias comisiones parlamentarias, entre ellas la de Justicia, con el titular del ministerio a la cabeza, informaron fuentes parlamentarias. \u201cGran p\u00e1nico en el Bardo. Un hombre armado en la Asamblea\u201d, tuite\u00f3 la diputada tunecina Sayida Ounissi, presente en la sesi\u00f3n del Parlamento.<\/p>\n<p style=\"color: #333333\">Agentes de seguridad explicaron que uno de los presuntos agresores, un joven estudiante de 22 a\u00f1os, fue arrestado y que el resto fueron rodeados. Tras varias horas de tensi\u00f3n, las fuerzas de seguridad abatieron a dos asaltantes, liberaron a los rehenes y dieron por concluida la operaci\u00f3n.<\/p>\n<p>El primer ministro, Habib Essid, ha admitido este mi\u00e9rcoles que la polic\u00eda busca a varios sospechosos que habr\u00edan apoyado a los autores del ataque y que luego se dieron a la fuga. \u201cNo hemos establecido la identidad de los dos terroristas\u201d, ha reconocido el primer ministro, del partido laico Nida Tunes, que en febrero logr\u00f3 formar un<a style=\"color: #016ca2\" href=\"http:\/\/internacional.elpais.com\/internacional\/2015\/02\/02\/actualidad\/1422879403_832568.html\">Gobierno de unidad nacional que inclu\u00eda a los islamistas de Ennhada.<\/a><\/p>\n<p>El atentado, que golpea con dureza el turismo de T\u00fanez,\u00a0<a style=\"color: #016ca2\" href=\"http:\/\/internacional.elpais.com\/internacional\/2015\/03\/18\/actualidad\/1426694443_006461.html\">uno de los principales pilares econ\u00f3micos del pa\u00eds<\/a>, ocurre, como admiti\u00f3 Essid, \u201cen un momento cr\u00edtico y determinante\u201d para el pa\u00eds, que aprob\u00f3 en 2014 una nueva Constituci\u00f3n y celebr\u00f3, a finales del a\u00f1o pasado, las primeras elecciones libres tras la primavera \u00e1rabe. Mandatarios de todo el mundo han condenado este mi\u00e9rcoles el atentado y han apoyado, en especial los l\u00edderes europeos y norteamericanos, la transici\u00f3n democr\u00e1tica del pa\u00eds.<\/p>\n<p><span style=\"color: #333333\">Aunque nadie ha asumido todav\u00eda la autor\u00eda del atentado, los expertos apuntan a un ataque \u201cplanificado por una organizaci\u00f3n salafista\u201d. \u201cNo es una sorpresa, porque desde hace a\u00f1os organizaciones terroristas han animado a atentar en T\u00fanez\u201d, asegura Moussa Bourekba, experto en la primavera \u00e1rabe. El pasado martes, seg\u00fan explica, un l\u00edder de la organizaci\u00f3n terrorista Ansar al Sharia, Ouanes Fekih, difundi\u00f3 un v\u00eddeo en el que afirmaba que \u201calgunos acontecimientos iban a producirse en estos d\u00edas\u201d. T\u00fanez ha experimentado en los \u00faltimos meses un aumento de la actividad yihadista, especialmente en la frontera con Argelia, y es\u00a0<\/span><a style=\"color: #016ca2\" href=\"http:\/\/internacional.elpais.com\/internacional\/2015\/03\/18\/actualidad\/1426708084_808850.html\">uno de los pa\u00edses con un mayor n\u00famero de combatientes en el Estado Isl\u00e1mico.<\/a><\/p>\n","protected":false},"excerpt":{"rendered":"<p>La polic\u00eda pone fin al secuestro y mata a dos de los atacantes atrincherados en un museo pr\u00f3ximo al Parlamento. Al menos 19 personas, entre ellas 17 extranjeros y dos tunecinos<\/p>\n","protected":false},"author":5842,"featured_media":0,"comment_status":"open","ping_status":"open","sticky":false,"template":"","format":"standard","meta":{"footnotes":""},"categories":[24],"tags":[],"class_list":["post-460733","post","type-post","status-publish","format-standard","hentry","category-mundo"],"_links":{"self":[{"href":"https:\/\/diarioelpopular.com\/index.php\/wp-json\/wp\/v2\/posts\/460733","targetHints":{"allow":["GET"]}}],"collection":[{"href":"https:\/\/diarioelpopular.com\/index.php\/wp-json\/wp\/v2\/posts"}],"about":[{"href":"https:\/\/diarioelpopular.com\/index.php\/wp-json\/wp\/v2\/types\/post"}],"author":[{"embeddable":true,"href":"https:\/\/diarioelpopular.com\/index.php\/wp-json\/wp\/v2\/users\/5842"}],"replies":[{"embeddable":true,"href":"https:\/\/diarioelpopular.com\/index.php\/wp-json\/wp\/v2\/comments?post=460733"}],"version-history":[{"count":1,"href":"https:\/\/diarioelpopular.com\/index.php\/wp-json\/wp\/v2\/posts\/460733\/revisions"}],"predecessor-version":[{"id":460735,"href":"https:\/\/diarioelpopular.com\/index.php\/wp-json\/wp\/v2\/posts\/460733\/revisions\/460735"}],"wp:attachment":[{"href":"https:\/\/diarioelpopular.com\/index.php\/wp-json\/wp\/v2\/media?parent=460733"}],"wp:term":[{"taxonomy":"category","embeddable":true,"href":"https:\/\/diarioelpopular.com\/index.php\/wp-json\/wp\/v2\/categories?post=460733"},{"taxonomy":"post_tag","embeddable":true,"href":"https:\/\/diarioelpopular.com\/index.php\/wp-json\/wp\/v2\/tags?post=460733"}],"curies":[{"name":"wp","href":"https:\/\/api.w.org\/{rel}","templated":true}]}}