{"id":460736,"date":"2015-03-19T13:26:43","date_gmt":"2015-03-19T17:26:43","guid":{"rendered":"http:\/\/diarioelpopular.com\/?p=460736"},"modified":"2015-03-19T13:26:51","modified_gmt":"2015-03-19T17:26:51","slug":"el-estado-islamico-asume-la-autoria-del-atentado-del-museo-de-tunez","status":"publish","type":"post","link":"https:\/\/diarioelpopular.com\/index.php\/2015\/03\/19\/el-estado-islamico-asume-la-autoria-del-atentado-del-museo-de-tunez\/","title":{"rendered":"El Estado Isl\u00e1mico asume la autor\u00eda del atentado del museo de T\u00fanez"},"content":{"rendered":"<div id=\"attachment_460737\" style=\"width: 570px\" class=\"wp-caption aligncenter\"><a href=\"https:\/\/diarioelpopular.com\/wp-content\/uploads\/2015\/03\/1426751583_093581_1426765188_noticia_fotograma.jpg\"><img loading=\"lazy\" decoding=\"async\" aria-describedby=\"caption-attachment-460737\" class=\"size-large wp-image-460737\" src=\"https:\/\/diarioelpopular.com\/wp-content\/uploads\/2015\/03\/1426751583_093581_1426765188_noticia_fotograma-560x308.jpg\" alt=\"Concentraci\u00f3n espont\u00e1nea en el centro de T\u00fanez.\" width=\"560\" height=\"308\" \/><\/a><p id=\"caption-attachment-460737\" class=\"wp-caption-text\">Concentraci\u00f3n espont\u00e1nea en el centro de T\u00fanez.<\/p><\/div>\n<p style=\"color: #333333\">El grupo terrorista Estado Isl\u00e1mico (EI) ha asumido la autor\u00eda del<a style=\"color: #016ca2\" href=\"http:\/\/internacional.elpais.com\/internacional\/2015\/03\/18\/actualidad\/1426680354_220858.html\">atentado del museo del Bardo de T\u00fanez, en el que murieron al menos 23 personas<\/a>, en una grabaci\u00f3n de radio distribuida en Internet. En la grabaci\u00f3n, el grupo yihadista elogia a los dos terroristas abatidos, que el Gobierno tunecino ha identificado como Yassine Abidi y Hatem Jachnaoui, a los que los terroristas llaman &#8220;caballeros del Estado Isl\u00e1mico&#8221;.<\/p>\n<div id=\"sumario_3|despiece\" class=\"izquierda\" style=\"color: #333333\">\n<div class=\"aside estirar\">\n<p style=\"color: #30302b\">El ataque terrorista perpetrado ayer en las inmediaciones del Museo del Bardo, en la capital tunecina, caus\u00f3 23 muertos, de los que 20 son extranjeros. Aunque 24 horas despu\u00e9s la informaci\u00f3n es todav\u00eda confusa, estas son las nacionalidades confirmadas: dos polacos, dos espa\u00f1oles, una brit\u00e1nica, cuatro italianos, dos franceses, un belga, un australiano y un colombiano.<\/p>\n<\/div>\n<\/div>\n<p style=\"color: #333333\">Las fuerzas de seguridad tunecinas han detenido este jueves a nueve personas sospechosas de estar relacionados con el atentado. &#8220;Cuatro personas est\u00e1n directamente vinculadas con la operaci\u00f3n y cinco tienen lazos con la c\u00e9lula&#8221;, han se\u00f1alado fuentes presidenciales sin a\u00f1adir m\u00e1s detalle. En cuanto a los dos terroristas abatidos, el primer ministro tunecino, Habib Essid, ha se\u00f1alado que uno de ellos, Abidi, &#8220;estaba siendo vigilado&#8221;. Los nombres, seg\u00fan ha admitido, parecen tunecinos.<\/p>\n<p class=\"story-body-text\" style=\"color: #333333\">El mi\u00e9rcoles por la noche, un grupo tunecino que se hace llamar el Batall\u00f3n de Uqba ibn Nafi alab\u00f3 el atentado de T\u00fanez en un v\u00eddeo publicado en Internet y difundido por Ifriqiyah Media, un grupo medi\u00e1tico yihadista, seg\u00fan ha publicado la web SITE, especializada en rastrear la actividad de grupos terroristas. Aunque no asumi\u00f3 la autor\u00eda del ataque, lo calific\u00f3 de una \u201csimple operaci\u00f3n\u201d y anim\u00f3 a los musulmanes a atentar contra turistas, especialmente americanos, brit\u00e1nicos, franceses e israel\u00edes.<\/p>\n<p style=\"color: #333333\">Fuentes del ministerio de Salud de T\u00fanez han elevado este jueves de 19 a 23 el n\u00famero de v\u00edctimas mortales en el atentado, de las que 20 son extranjeros -tres m\u00e1s que el mi\u00e9rcoles- y tres son de nacionalidad tunecina. Entre los fallecidos figuran turistas de Espa\u00f1a, Polonia, Jap\u00f3n, Francia, Colombia, Reino Unido y B\u00e9lgica. El grupo Costa Cruceros ha suspendido todas las escalas de sus buques en\u00a0<a style=\"color: #016ca2\" href=\"http:\/\/elpais.com\/tag\/tunez\/a\/\">T\u00fanez<\/a>.<\/p>\n<p style=\"color: #333333\">&#8220;Quiero que el pueblo de T\u00fanez entienda que estamos en una guerra contra el terrorismo, que estas minor\u00edas salvajes no nos asustan&#8221;, ha se\u00f1alado el presidente de T\u00fanez, Beyi Caid Essebsi, de 88 a\u00f1os, en un v\u00eddeo emitido en televisi\u00f3n. &#8220;Lucharemos contra ellos sin misericordia&#8221;, ha a\u00f1adido.<\/p>\n<p style=\"color: #333333\">Mientras tanto, los forenses contin\u00faan este jueves con el proceso de identificaci\u00f3n de los cad\u00e1veres de los 20 turistas asesinados. Entre los fallecidos hay\u00a0<a style=\"color: #016ca2\" href=\"http:\/\/elpais.com\/internacional\/2015\/03\/18\/actualidad\/1426704159_136130.html\">una pareja de jubilados espa\u00f1oles<\/a>. Espa\u00f1a\u00a0<a style=\"color: #016ca2\" href=\"http:\/\/internacional.elpais.com\/internacional\/2015\/03\/19\/actualidad\/1426759568_772041.html\">ha localizado sanos y salvos a otros dos ciudadanos<\/a>\u00a0que no hab\u00edan regresado al barco.<\/p>\n<p style=\"color: #333333\">La matanza se produjo la ma\u00f1ana del martes cuando un joven de unos 20 a\u00f1os y aspecto occidental ametrall\u00f3 un autob\u00fas en el que viajaban cerca de 40 turistas hispanohablantes, viajeros de un crucero en el Mediterr\u00e1neo que hab\u00eda hecho escala en T\u00fanez. En el primer ataque murieron siete personas, seg\u00fan su gu\u00eda, Wasel Busid.<\/p>\n<p style=\"color: #333333\">Minutos despu\u00e9s, al menos otros tres hombres atraparon a un numeroso grupo de rehenes en el interior del museo el Bardo, el m\u00e1s importante de T\u00fanez, y se atrincher\u00f3 en una zona ajardinada entre el museo y el edificio del Parlamento. En la operaci\u00f3n de rescate posterior murieron otras 15 personas, entre ellas los asaltantes, algunos polic\u00edas y una de las trabajadoras de la limpieza del museo.<\/p>\n<p style=\"color: #333333\">El atentado\u00a0<a style=\"color: #016ca2\" href=\"http:\/\/elpais.com\/internacional\/2015\/03\/18\/actualidad\/1426694443_006461.html\">supone un duro golpe para T\u00fanez<\/a>, que confiaba en el turismo y en la estabilidad para impulsar su econom\u00eda, salir de la crisis y consolidar su proceso de transici\u00f3n pol\u00edtica. Seg\u00fan\u00a0<a style=\"color: #016ca2\" href=\"http:\/\/www.wttc.org\/-\/media\/files\/reports\/economic%20impact%20research\/country%20reports\/tunisia2014.pdf\">los datos de una de las consultoras m\u00e1s respetadas del sector<\/a>, el turismo supon\u00eda el 7,3% del PIB directo de T\u00fanez en 2013 y algunos c\u00e1lculos, todav\u00eda provisionales, apuntaban que pod\u00eda haber alcanzado el 9% en 2014. Contando impactos indirectos y sectores inducidos, la industria tur\u00edstica representa m\u00e1s del 15% del PIB.\u00a0 Sin embargo, el turismo a\u00fan no ha recuperado los niveles previos a la revoluci\u00f3n de 2011 y la meta del Gobierno era lograr atraer a unos 6,4 millones de turistas este a\u00f1o, a\u00fan lejos de los 7 millones de 2010.<\/p>\n","protected":false},"excerpt":{"rendered":"<p>Las fuerzas de seguridad detienen a nueve personas relacionadas con el ataque<\/p>\n","protected":false},"author":5842,"featured_media":0,"comment_status":"open","ping_status":"open","sticky":false,"template":"","format":"standard","meta":{"footnotes":""},"categories":[24],"tags":[],"class_list":["post-460736","post","type-post","status-publish","format-standard","hentry","category-mundo"],"_links":{"self":[{"href":"https:\/\/diarioelpopular.com\/index.php\/wp-json\/wp\/v2\/posts\/460736","targetHints":{"allow":["GET"]}}],"collection":[{"href":"https:\/\/diarioelpopular.com\/index.php\/wp-json\/wp\/v2\/posts"}],"about":[{"href":"https:\/\/diarioelpopular.com\/index.php\/wp-json\/wp\/v2\/types\/post"}],"author":[{"embeddable":true,"href":"https:\/\/diarioelpopular.com\/index.php\/wp-json\/wp\/v2\/users\/5842"}],"replies":[{"embeddable":true,"href":"https:\/\/diarioelpopular.com\/index.php\/wp-json\/wp\/v2\/comments?post=460736"}],"version-history":[{"count":1,"href":"https:\/\/diarioelpopular.com\/index.php\/wp-json\/wp\/v2\/posts\/460736\/revisions"}],"predecessor-version":[{"id":460738,"href":"https:\/\/diarioelpopular.com\/index.php\/wp-json\/wp\/v2\/posts\/460736\/revisions\/460738"}],"wp:attachment":[{"href":"https:\/\/diarioelpopular.com\/index.php\/wp-json\/wp\/v2\/media?parent=460736"}],"wp:term":[{"taxonomy":"category","embeddable":true,"href":"https:\/\/diarioelpopular.com\/index.php\/wp-json\/wp\/v2\/categories?post=460736"},{"taxonomy":"post_tag","embeddable":true,"href":"https:\/\/diarioelpopular.com\/index.php\/wp-json\/wp\/v2\/tags?post=460736"}],"curies":[{"name":"wp","href":"https:\/\/api.w.org\/{rel}","templated":true}]}}