{"id":460751,"date":"2015-03-19T21:10:30","date_gmt":"2015-03-20T01:10:30","guid":{"rendered":"http:\/\/diarioelpopular.com\/?p=460751"},"modified":"2015-03-19T21:10:44","modified_gmt":"2015-03-20T01:10:44","slug":"la-caravana-de-familiares-de-los-43-recorre-ee-uu-pidiendo-justicia","status":"publish","type":"post","link":"https:\/\/diarioelpopular.com\/index.php\/2015\/03\/19\/la-caravana-de-familiares-de-los-43-recorre-ee-uu-pidiendo-justicia\/","title":{"rendered":"La caravana de familiares de los 43 recorre EE UU pidiendo justicia"},"content":{"rendered":"<div id=\"attachment_460752\" style=\"width: 428px\" class=\"wp-caption aligncenter\"><a href=\"https:\/\/diarioelpopular.com\/wp-content\/uploads\/2015\/03\/1426810359_530075_1426812166_portada_normal.jpg\"><img loading=\"lazy\" decoding=\"async\" aria-describedby=\"caption-attachment-460752\" class=\"size-full wp-image-460752\" src=\"https:\/\/diarioelpopular.com\/wp-content\/uploads\/2015\/03\/1426810359_530075_1426812166_portada_normal.jpg\" alt=\"Familiares de los desaparecidos, en Nueva York\" width=\"418\" height=\"240\" \/><\/a><p id=\"caption-attachment-460752\" class=\"wp-caption-text\">Familiares de los desaparecidos, en Nueva York<\/p><\/div>\n<p style=\"color: #333333\"><strong><em>NUEVA YORK.-<\/em><\/strong> Anayeli Guerrero necesita unos restos que despedir, velar y llorar. Una prueba evidente de que su hermano Joshivani est\u00e1 muerto. \u201cNecesito algo concreto \u00bfqui\u00e9n no?\u201d se pregunta. Por ahora lo \u00fanico que tiene es silencio. Cuando Guerrero recuerda a su hermano, se le dibuja una sonrisa. \u201cEra muy divertido, le gustaba mucho el rock y cuando llegaba a casa siempre estaba alegre y ten\u00eda la m\u00fasica muy fuerte, le cantaba a mi mam\u00e1 mientras hac\u00eda los quehaceres. Ahora que \u00e9l no est\u00e1, ya no queda nada de eso\u201d, cuenta.<\/p>\n<p style=\"color: #333333\">Guerrero lleg\u00f3 a Houston esta semana junto a Clemente Rodr\u00edguez Moreno, padre del estudiante desaparecido Christian Rodr\u00edguez Telumbre. Ambos representan a la Caravana 43 que recorre Estados Unidos con la intenci\u00f3n de darle un nuevo impulso al caso de los estudiantes normalistas de Ayotzinapa,\u00a0<a style=\"color: #016ca2\" href=\"http:\/\/elpais.com\/tag\/matanza_estudiantes_normalistas_iguala\/a\/\">desaparecidos en septiembre<\/a>. Los familiares est\u00e1n pidiendo a la comunidad internacional que intervenga en la investigaci\u00f3n.<\/p>\n<p style=\"color: #333333\">Mientras el Gobierno de Enrique Pe\u00f1a Nieto concluye que la investigaci\u00f3n est\u00e1 pr\u00e1cticamente cerrada porque hay pruebas de que los estudiantes fueron asesinados y calcinados en un basurero, los familiares de los j\u00f3venes creen que todav\u00eda siguen con vida. Las familias quieren m\u00e1s pruebas de la hip\u00f3tesis que manejan las autoridades. La identificaci\u00f3n de los restos de uno de los 43 en un r\u00edo cercano al basurero de Cocula &#8211;<a style=\"color: #016ca2\" href=\"http:\/\/internacional.elpais.com\/internacional\/2014\/12\/07\/actualidad\/1417913156_675922.html\">Alexander Mora Venancio<\/a>&#8211; no ha sido suficiente.<\/p>\n<p style=\"color: #333333\">El equipo argentino de Antropolog\u00eda Forense que investig\u00f3 el caso asegur\u00f3 en febrero que no existe evidencia cient\u00edfica para establecer que en el basurero fueran asesinados los normalistas. Organizaciones como Human Rights Watch han condenado abiertamente el suceso calific\u00e1ndolo como \u201cel peor caso de derechos humanos que ha enfrentado M\u00e9xico desde la masacre de Tlatelolco en 1968\u201d.<\/p>\n<p style=\"color: #333333\">La Caravana 43 quiere llegar todav\u00eda m\u00e1s lejos y para eso decidieron dividirse en tres grupos y visitar m\u00e1s de 40 ciudades en Estados Unidos, llamando la atenci\u00f3n de organizaciones de derechos civiles, medios de comunicaci\u00f3n y las comunidades de mexicanos residentes en el pa\u00eds.<\/p>\n<p style=\"color: #333333\">A su llegada a Houston los recibieron como h\u00e9roes. Con flores, poes\u00edas y v\u00edtores diversos activistas y el p\u00fablico en general se unieron para demandar justicia. \u201c\u00a1Porque vivos se los llevaron y vivos los queremos!\u201d, gritaban a su llegada a la ciudad.<\/p>\n<p style=\"color: #333333\">Guerrero y Rodr\u00edguez est\u00e1n encargados del \u00e1rea este del pa\u00eds y recorrer\u00e1n ciudades como Nueva Orleans, Birmingham, Atlanta, Durham, Blacksburg, entre otras. Otros dos grupos de familiares que llevan la bandera de Caravana 43 se enfocar\u00e1n en el centro y oeste de Estados Unidos respectivamente.<\/p>\n<p style=\"color: #333333\">La Caravana 43 se quedar\u00e1 cuatro d\u00edas en Houston donde realizar\u00e1n un evento cultural con poes\u00eda y baile, una charla comunitaria, un encuentro informativo y una protesta contra el Plan M\u00e9rida, un tratado de seguridad firmado por Estados Unidos y M\u00e9xico. El pr\u00f3ximo s\u00e1bado 21 de marzo partir\u00e1n a su siguiente destino.<\/p>\n<p style=\"color: #333333\">Hasta ahora est\u00e1n financiando la caravana a trav\u00e9s de aportes privados y de organizaciones de derechos civiles que los han invitado a las diferentes localidades programadas en su agenda en Estados Unidos.<\/p>\n<p style=\"color: #333333\">Aunque les gustar\u00eda tener una reuni\u00f3n con personal del gobierno del<a style=\"color: #016ca2\" href=\"https:\/\/www.barackobama.com\/\">presidente Barack Obama<\/a>, a\u00fan no han conseguido nada. \u201cObama tambi\u00e9n tiene la culpa porque apoya a M\u00e9xico, env\u00eda dinero que est\u00e1 siendo usado para matanzas\u201d, dijo Guerrero.<\/p>\n<p style=\"color: #333333\">Por otra parte, los familiares de los 43 normalistas que siguen en M\u00e9xico continuar\u00e1n la presi\u00f3n. El pr\u00f3ximo 26 de marzo se cumplen seis meses desde la desaparici\u00f3n de los estudiantes y se han organizado diversas protestas en las representaciones diplom\u00e1ticas, adem\u00e1s de una manifestaci\u00f3n en las sedes del Instituto Nacional Electoral.<\/p>\n","protected":false},"excerpt":{"rendered":"<p>Los padres de los estudiantes desaparecidos en M\u00e9xico tratan de dar un nuevo impulso a la investigaci\u00f3n recorriendo el pa\u00eds vecino<\/p>\n","protected":false},"author":5842,"featured_media":0,"comment_status":"open","ping_status":"open","sticky":false,"template":"","format":"standard","meta":{"footnotes":""},"categories":[24],"tags":[],"class_list":["post-460751","post","type-post","status-publish","format-standard","hentry","category-mundo"],"_links":{"self":[{"href":"https:\/\/diarioelpopular.com\/index.php\/wp-json\/wp\/v2\/posts\/460751","targetHints":{"allow":["GET"]}}],"collection":[{"href":"https:\/\/diarioelpopular.com\/index.php\/wp-json\/wp\/v2\/posts"}],"about":[{"href":"https:\/\/diarioelpopular.com\/index.php\/wp-json\/wp\/v2\/types\/post"}],"author":[{"embeddable":true,"href":"https:\/\/diarioelpopular.com\/index.php\/wp-json\/wp\/v2\/users\/5842"}],"replies":[{"embeddable":true,"href":"https:\/\/diarioelpopular.com\/index.php\/wp-json\/wp\/v2\/comments?post=460751"}],"version-history":[{"count":1,"href":"https:\/\/diarioelpopular.com\/index.php\/wp-json\/wp\/v2\/posts\/460751\/revisions"}],"predecessor-version":[{"id":460753,"href":"https:\/\/diarioelpopular.com\/index.php\/wp-json\/wp\/v2\/posts\/460751\/revisions\/460753"}],"wp:attachment":[{"href":"https:\/\/diarioelpopular.com\/index.php\/wp-json\/wp\/v2\/media?parent=460751"}],"wp:term":[{"taxonomy":"category","embeddable":true,"href":"https:\/\/diarioelpopular.com\/index.php\/wp-json\/wp\/v2\/categories?post=460751"},{"taxonomy":"post_tag","embeddable":true,"href":"https:\/\/diarioelpopular.com\/index.php\/wp-json\/wp\/v2\/tags?post=460751"}],"curies":[{"name":"wp","href":"https:\/\/api.w.org\/{rel}","templated":true}]}}