{"id":460772,"date":"2015-03-19T21:30:44","date_gmt":"2015-03-20T01:30:44","guid":{"rendered":"http:\/\/diarioelpopular.com\/?p=460772"},"modified":"2015-03-19T21:30:53","modified_gmt":"2015-03-20T01:30:53","slug":"la-final-del-mundial-de-qatar-2022-sera-el-18-de-diciembre","status":"publish","type":"post","link":"https:\/\/diarioelpopular.com\/index.php\/2015\/03\/19\/la-final-del-mundial-de-qatar-2022-sera-el-18-de-diciembre\/","title":{"rendered":"La final del Mundial de Qatar 2022 ser\u00e1 el 18 de diciembre"},"content":{"rendered":"<div id=\"attachment_460773\" style=\"width: 570px\" class=\"wp-caption aligncenter\"><a href=\"https:\/\/diarioelpopular.com\/wp-content\/uploads\/2015\/03\/1417537998_101578_1417539373_noticia_normal.jpg\"><img loading=\"lazy\" decoding=\"async\" aria-describedby=\"caption-attachment-460773\" class=\"size-full wp-image-460773\" src=\"https:\/\/diarioelpopular.com\/wp-content\/uploads\/2015\/03\/1417537998_101578_1417539373_noticia_normal.jpg\" alt=\"Recreaci\u00f3n del futuro estadio Qatar Foundation.\" width=\"560\" height=\"373\" \/><\/a><p id=\"caption-attachment-460773\" class=\"wp-caption-text\">Recreaci\u00f3n del futuro estadio Qatar Foundation.<\/p><\/div>\n<p style=\"color: #333333\">El Comit\u00e9 Ejecutivo de la\u00a0<a style=\"color: #016ca2\" href=\"http:\/\/elpais.com\/tag\/fifa_federacion_internacional_asociaciones_futbol\/a\/\" target=\"_blank\">FIFA<\/a>, reunido en Z\u00farich, ha confirmado este jueves que la final del\u00a0<a style=\"color: #016ca2\" href=\"http:\/\/elpais.com\/tag\/mundial_2022\/a\/\" target=\"_blank\">Mundial de Qatar 2022<\/a>\u00a0se jugar\u00e1 el 18 de diciembre \u2014d\u00eda nacional de ese pa\u00eds, adem\u00e1s de domingo\u2014,\u00a0y que el torneo durar\u00e1 &#8220;en principio 28 d\u00edas&#8221;, cuatro menos que otras ediciones, seg\u00fan la f\u00f3rmula que se ha aprobado. Ser\u00e1 la primera vez en la historia que se dispute esta competici\u00f3n durante los \u00faltimos meses del oto\u00f1o, m\u00e1s concretamente en noviembre y diciembre. El grupo de trabajo encargado de confeccionar el calendario internacional de partidos\u00a0<a style=\"color: #016ca2\" href=\"http:\/\/deportes.elpais.com\/deportes\/2015\/03\/19\/actualidad\/Qatar%20fractura%20el%20f%C3%BAtbol\" target=\"_blank\">ya propuso hace semanas<\/a>\u00a0que el torneo se disputara entre el 19 de noviembre y el 23 de diciembre y ahora la FIFA matiza esas fechas con la fijaci\u00f3n de la gran final el d\u00eda 18,\u00a0<a style=\"color: #016ca2\" href=\"http:\/\/deportes.elpais.com\/deportes\/2015\/02\/27\/actualidad\/1425055974_979409.html\" target=\"_blank\">como ya hab\u00eda dejado caer el presidente del organismo<\/a>, Joseph Blatter.<\/p>\n<p style=\"color: #333333\">&#8220;En principio necesitaremos 28 d\u00edas para el torneo. En la pr\u00f3xima reuni\u00f3n tendremos conversaciones sobre el calendario de partidos&#8221;, indic\u00f3 Walter de Gregorio, director de Comunicaci\u00f3n de la FIFA, que no pudo concretar la fecha del encuentro inaugural.<\/p>\n<p style=\"color: #333333\">Ser\u00e1, por tanto, la primera vez que la Copa del Mundo se disputar\u00e1 en el oto\u00f1o de las grandes ligas, ya que las elevadas temperaturas del emirato en julio, en torno a los 50\u00baC, impiden que pueda desarrollarse en verano. Las cl\u00e1usulas de la elecci\u00f3n de 2022, no obstante, recog\u00edan que el campeonato deb\u00eda enmarcarse entre junio y julio.<\/p>\n<p style=\"color: #333333\">La celebraci\u00f3n del Mundial en ese periodo obligar\u00e1 a una complej\u00edsima reordenaci\u00f3n del calendario. \u201cPerturbar\u00e1 y causar\u00e1 un gran da\u00f1o al desarrollo normal de las competiciones dom\u00e9sticas\u201d, defiendi\u00f3 la Asociaci\u00f3n de Ligas Europeas, partidaria de que el torneo se disputase en mayo. Por ello, pusieron como condici\u00f3n ser indemnizadas en caso de celebraci\u00f3n mundialista en invierno,<a style=\"color: #016ca2\" href=\"http:\/\/deportes.elpais.com\/deportes\/2015\/02\/25\/actualidad\/1424879575_974253.html\" target=\"_blank\">posibilidad que la FIFA rechaz\u00f3 de plano<\/a>.<\/p>\n<p style=\"color: #333333\">Incluso surgieron propuestas para retrasar un a\u00f1o el Mundial del 2022, pero el Grupo de Trabajo de la FIFA argument\u00f3 que el periodo que va entre finales de noviembre y finales de diciembre era &#8220;la ventana m\u00e1s efectiva&#8221;, ya que &#8220;por razones legales&#8221; el Mundial no pod\u00eda posponerse hasta 2023.<\/p>\n<p style=\"color: #333333\">Los Clubes Europeos \u2014agrupados en la EPFL y ECA\u2014, tambi\u00e9n han mostrado su oposici\u00f3n a la medida, que cuenta, sin embargo,\u00a0<a style=\"color: #016ca2\" href=\"http:\/\/deportes.elpais.com\/deportes\/2015\/02\/24\/actualidad\/1424776395_573269.html\" target=\"_blank\">con el apoyo de la UEFA<\/a>\u00a0\u2014as\u00ed como las otras cinco confederaciones continentales de la FIFA\u2014 y del sindicato internacional de jugadores (FIFPro).<\/p>\n<p style=\"color: #333333\">Esta reuni\u00f3n del Comit\u00e9 Ejecutivo de la FIFA es la pen\u00faltima que presidir\u00e1 Joseph Blatter antes de las elecciones en las que el dirigente suizo buscar\u00e1 su quinto mandato.<\/p>\n<p style=\"color: #333333\">El anuncio termina con m\u00e1s de cuatro a\u00f1os de indecisiones. Qatar fue designada sede de la Copa del Mundo de 2022 en diciembre de 2010 sobre la base de que se realizar\u00eda en el verano, aunque dentro de estadios con aire acondicionado dadas las altas temperaturas. Poco d\u00edas despu\u00e9s de la designaci\u00f3n, Franz Beckenbauer, era miembro del comit\u00e9 ejecutivo de la FIFA en aquel momento, y el presidente de la UEFA, Michel Platini, sugirieron que el Mundial podr\u00eda realizarse en invierno. Fue el comienzo de la pol\u00e9mica, sobre todo con los clubes.<\/p>\n","protected":false},"excerpt":{"rendered":"<p>El Comit\u00e9 Ejecutivo de la FIFA, reunido en Z\u00farich, confirma la decisi\u00f3n adelantada el pasado mes de febrero a pesar de que las grandes ligas europeas se hab\u00edan opuesto<\/p>\n","protected":false},"author":5842,"featured_media":0,"comment_status":"open","ping_status":"open","sticky":false,"template":"","format":"standard","meta":{"footnotes":""},"categories":[28],"tags":[],"class_list":["post-460772","post","type-post","status-publish","format-standard","hentry","category-deportes"],"_links":{"self":[{"href":"https:\/\/diarioelpopular.com\/index.php\/wp-json\/wp\/v2\/posts\/460772","targetHints":{"allow":["GET"]}}],"collection":[{"href":"https:\/\/diarioelpopular.com\/index.php\/wp-json\/wp\/v2\/posts"}],"about":[{"href":"https:\/\/diarioelpopular.com\/index.php\/wp-json\/wp\/v2\/types\/post"}],"author":[{"embeddable":true,"href":"https:\/\/diarioelpopular.com\/index.php\/wp-json\/wp\/v2\/users\/5842"}],"replies":[{"embeddable":true,"href":"https:\/\/diarioelpopular.com\/index.php\/wp-json\/wp\/v2\/comments?post=460772"}],"version-history":[{"count":1,"href":"https:\/\/diarioelpopular.com\/index.php\/wp-json\/wp\/v2\/posts\/460772\/revisions"}],"predecessor-version":[{"id":460774,"href":"https:\/\/diarioelpopular.com\/index.php\/wp-json\/wp\/v2\/posts\/460772\/revisions\/460774"}],"wp:attachment":[{"href":"https:\/\/diarioelpopular.com\/index.php\/wp-json\/wp\/v2\/media?parent=460772"}],"wp:term":[{"taxonomy":"category","embeddable":true,"href":"https:\/\/diarioelpopular.com\/index.php\/wp-json\/wp\/v2\/categories?post=460772"},{"taxonomy":"post_tag","embeddable":true,"href":"https:\/\/diarioelpopular.com\/index.php\/wp-json\/wp\/v2\/tags?post=460772"}],"curies":[{"name":"wp","href":"https:\/\/api.w.org\/{rel}","templated":true}]}}