{"id":460775,"date":"2015-03-21T00:01:03","date_gmt":"2015-03-21T04:01:03","guid":{"rendered":"http:\/\/diarioelpopular.com\/?p=460775"},"modified":"2015-03-20T19:01:00","modified_gmt":"2015-03-20T23:01:00","slug":"reforma-de-salud-propone-creacion-de-super-clinicas","status":"publish","type":"post","link":"https:\/\/diarioelpopular.com\/index.php\/2015\/03\/21\/reforma-de-salud-propone-creacion-de-super-clinicas\/","title":{"rendered":"Reforma de salud propone creaci\u00f3n de \u201csuper cl\u00ednicas\u201d"},"content":{"rendered":"<div id=\"attachment_460776\" style=\"width: 570px\" class=\"wp-caption aligncenter\"><a href=\"https:\/\/diarioelpopular.com\/wp-content\/uploads\/2015\/03\/foto-1-nota-19.jpg\"><img loading=\"lazy\" decoding=\"async\" aria-describedby=\"caption-attachment-460776\" class=\"size-large wp-image-460776\" src=\"https:\/\/diarioelpopular.com\/wp-content\/uploads\/2015\/03\/foto-1-nota-19-560x240.jpg\" alt=\"La federaci\u00f3n propone al gobierno duplicar el n\u00famero de &quot;super cl\u00ednicas&quot;, de 50 a 100.\" width=\"560\" height=\"240\" \/><\/a><p id=\"caption-attachment-460776\" class=\"wp-caption-text\">La federaci\u00f3n propone al gobierno duplicar el n\u00famero de &#8220;super cl\u00ednicas&#8221;, de 50 a 100.<\/p><\/div>\n<p><strong><em>MONTREAL.-<\/em><\/strong> La propuesta alternativa de salud para Quebec contempla el retiro de los m\u00e9dicos de las salas de emergencias e instituciones m\u00e9dicas, como una obligaci\u00f3n establecida por la Federaci\u00f3n de M\u00e9dicos de Familia de Quebec, FMOQ, implica un mayor n\u00famero de \u201csuper cl\u00ednicas\u201d.<\/p>\n<p>La federaci\u00f3n dirigi\u00f3 un mensaje al Ministro de Salud, Ga\u00e9tan Barrette, apuntando que aumentar el acceso del p\u00fablico a los m\u00e9dicos de familia es err\u00f3neo.<\/p>\n<p>El grupo present\u00f3 opciones al Proyecto de Ley 20 ante el Comit\u00e9 de Salud y Servicios Sociales.<\/p>\n<p>La principal solicitud consiste en que el gobierno permita a los m\u00e9dicos trabajar en las emergencias.<\/p>\n<p>Bajo el t\u00e9rmino &#8220;actividades m\u00e9dicas espec\u00edficas,&#8221; los m\u00e9dicos deben dedicar 12 horas a la semana de trabajo\u201d.<\/p>\n<p>El gremio propone una suspensi\u00f3n gradual al trabajo obligatorio en las sala de emergencia para sus 8.800 miembros. Si eso sucede, los m\u00e9dicos podr\u00edan dedicar m\u00e1s tiempo a la atenci\u00f3n de salud de primera l\u00ednea y ver a los pacientes en las cl\u00ednicas.<\/p>\n<p>&#8220;Queremos encontrarnos en una situaci\u00f3n como en el resto de Canad\u00e1, donde los m\u00e9dicos de familia no tienen que vivir con las obligaciones y limitaciones que tenemos en Quebec&#8221;, dijo Louis Godin, m\u00e9dico adscrito a FMOQ.<\/p>\n<p>El llamado Bill 20, es un proyecto de ley de reforma de salud que fija una cuota en el n\u00famero m\u00ednimo de pacientes que el m\u00e9dico debe asumir; requiere a los especialistas ofrecer consultas m\u00e1s all\u00e1 de las salas de emergencia, as\u00ed como aplicaci\u00f3n de medidas en la remuneraci\u00f3n de los m\u00e9dicos que se niegan a cumplir con estas normas.<\/p>\n<p>El proyecto de ley tambi\u00e9n introduce cambios en el programa de fertilizaci\u00f3n in vitro de la provincia.<\/p>\n<p>En un comunicado, la federaci\u00f3n expres\u00f3 su acuerdo con el problema de acceso a la salud en Quebec, pero considera que la ley 20 no es la respuesta.<\/p>\n<p>Godin rechaz\u00f3 el proyecto de ley por la obligaci\u00f3n, la coacci\u00f3n y las sanciones.<\/p>\n<p>El FMOQ tambi\u00e9n est\u00e1 proponiendo que el gobierno duplique el n\u00famero de &#8220;super cl\u00ednicas&#8221;, de 50 a 100, sobre todo en el \u00e1rea metropolitana de Montreal. Godin respondi\u00f3 que costar\u00eda alrededor de $ 250.000 instalar cada una.<\/p>\n<p>Las &#8220;super cl\u00ednicas&#8221; ser\u00e1n atendidas por enfermeras con competencias para la prescripci\u00f3n de medicinas y capacitadas para llevar a cabo determinados ex\u00e1menes.<\/p>\n<p>La organizaci\u00f3n dijo que los cambios de este tipo significar\u00eda un efectivo y r\u00e1pido acceso a los m\u00e9dicos de familia, sin las prolongadas esperas en las salas de emergencias.<\/p>\n<div id=\"attachment_460777\" style=\"width: 555px\" class=\"wp-caption aligncenter\"><a href=\"https:\/\/diarioelpopular.com\/wp-content\/uploads\/2015\/03\/foto-2-nota-16.jpg\"><img loading=\"lazy\" decoding=\"async\" aria-describedby=\"caption-attachment-460777\" class=\"size-full wp-image-460777\" src=\"https:\/\/diarioelpopular.com\/wp-content\/uploads\/2015\/03\/foto-2-nota-16.jpg\" alt=\"La reforma de Barrette no ha sido bien recibida por los m\u00e9dicos de Quebec. \" width=\"545\" height=\"365\" \/><\/a><p id=\"caption-attachment-460777\" class=\"wp-caption-text\">La reforma de Barrette no ha sido bien recibida por los m\u00e9dicos de Quebec.<\/p><\/div>\n","protected":false},"excerpt":{"rendered":"<p>La reforma del sistema de atenci\u00f3n y cuidados al paciente de Quebec, formulada el Ministerio de Salud provincial, ha sido rechazada por los m\u00e9dicos de familia.<\/p>\n","protected":false},"author":5842,"featured_media":0,"comment_status":"open","ping_status":"open","sticky":false,"template":"","format":"standard","meta":{"footnotes":""},"categories":[21],"tags":[],"class_list":["post-460775","post","type-post","status-publish","format-standard","hentry","category-canada"],"_links":{"self":[{"href":"https:\/\/diarioelpopular.com\/index.php\/wp-json\/wp\/v2\/posts\/460775","targetHints":{"allow":["GET"]}}],"collection":[{"href":"https:\/\/diarioelpopular.com\/index.php\/wp-json\/wp\/v2\/posts"}],"about":[{"href":"https:\/\/diarioelpopular.com\/index.php\/wp-json\/wp\/v2\/types\/post"}],"author":[{"embeddable":true,"href":"https:\/\/diarioelpopular.com\/index.php\/wp-json\/wp\/v2\/users\/5842"}],"replies":[{"embeddable":true,"href":"https:\/\/diarioelpopular.com\/index.php\/wp-json\/wp\/v2\/comments?post=460775"}],"version-history":[{"count":1,"href":"https:\/\/diarioelpopular.com\/index.php\/wp-json\/wp\/v2\/posts\/460775\/revisions"}],"predecessor-version":[{"id":460778,"href":"https:\/\/diarioelpopular.com\/index.php\/wp-json\/wp\/v2\/posts\/460775\/revisions\/460778"}],"wp:attachment":[{"href":"https:\/\/diarioelpopular.com\/index.php\/wp-json\/wp\/v2\/media?parent=460775"}],"wp:term":[{"taxonomy":"category","embeddable":true,"href":"https:\/\/diarioelpopular.com\/index.php\/wp-json\/wp\/v2\/categories?post=460775"},{"taxonomy":"post_tag","embeddable":true,"href":"https:\/\/diarioelpopular.com\/index.php\/wp-json\/wp\/v2\/tags?post=460775"}],"curies":[{"name":"wp","href":"https:\/\/api.w.org\/{rel}","templated":true}]}}