{"id":460802,"date":"2015-03-20T18:42:52","date_gmt":"2015-03-20T22:42:52","guid":{"rendered":"http:\/\/diarioelpopular.com\/?p=460802"},"modified":"2015-03-20T18:42:59","modified_gmt":"2015-03-20T22:42:59","slug":"un-ataque-a-dos-mezquitas-chiies-mata-a-142-personas-en-yemen","status":"publish","type":"post","link":"https:\/\/diarioelpopular.com\/index.php\/2015\/03\/20\/un-ataque-a-dos-mezquitas-chiies-mata-a-142-personas-en-yemen\/","title":{"rendered":"Un ataque a dos mezquitas chi\u00edes mata a 142 personas en Yemen"},"content":{"rendered":"<div id=\"cuerpo_noticia\" class=\"cuerpo_noticia\">\n<p><a href=\"https:\/\/diarioelpopular.com\/wp-content\/uploads\/2015\/03\/1426855197_759265_32937600_fotograma_0.jpg\"><img loading=\"lazy\" decoding=\"async\" class=\"aligncenter size-large wp-image-460803\" src=\"https:\/\/diarioelpopular.com\/wp-content\/uploads\/2015\/03\/1426855197_759265_32937600_fotograma_0-560x315.jpg\" alt=\"1426855197_759265_32937600_fotograma_0\" width=\"560\" height=\"315\" \/><\/a>Hasta 142 personas han muerto este viernes en San\u00e1, la capital de <a href=\"http:\/\/elpais.com\/tag\/yemen\/a\/\">Yemen<\/a>, cuando varios suicidas han atacado dos mezquitas chi\u00edes, seg\u00fan fuentes hospitalarias citadas por las agencias de noticias. El objetivo eran sin duda <a href=\"http:\/\/internacional.elpais.com\/internacional\/2015\/01\/23\/actualidad\/1422004631_936553.html\">los rebeldes Huthi<\/a> que desde finales de enero <a href=\"http:\/\/internacional.elpais.com\/internacional\/2015\/01\/22\/actualidad\/1421950287_813690.html\">se hicieron con el poder<\/a> y cuyos seguidores son sobre todo chi\u00edes zayd\u00edes. Su golpe de mano no s\u00f3lo ha abierto una grave crisis pol\u00edtica en el empobrecido pa\u00eds \u00e1rabe, sino que ha azuzado la baza sectaria que Al Qaeda lleva a\u00f1os tratando de explotar y de la que ahora quiere aprovecharse el Estado Isl\u00e1mico, que se ha responsabilizado de los atentados.<\/p>\n<p>Los ataques, con escaso intervalo entre s\u00ed, se han producido durante la plegaria del mediod\u00eda del viernes, justo cuando las aljamas est\u00e1n m\u00e1s concurridas. El primer suicida ha hecho estallar su cintur\u00f3n explosivo en el interior de la mezquita de Badr, en el centro de San\u00e1; pocos minutos despu\u00e9s, un segundo terrorista activaba su bomba entre medio de los fieles que sal\u00edan despavoridos. Casi al mismo tiempo otro individuo (<a href=\"http:\/\/www.sabanews.net\/ar\/news391816.htm\">dos seg\u00fan la agencia yemen\u00ed Saba<\/a>) se reventaba en la mezquita de Al Hashush, al norte de la ciudad. En Saada, al norte del pa\u00eds, la polic\u00eda logr\u00f3 interceptar a otro suicida que pretend\u00eda atacar la mezquita del Imam Hadi.<\/p>\n<p>En la de Badr ha resultado muerto su imam, Murtada al Mohadwari, considerado el l\u00edder espiritual de los Huthi. Entre los 350 heridos de distinta consideraci\u00f3n que ha dejado la m\u00faltiple agresi\u00f3n, se halla Jaled al Madani, un destacado dirigente de ese grupo.<\/p>\n<p><a href=\"https:\/\/news.siteintelgroup.com\/\">\u201cEs s\u00f3lo la punta del iceberg de lo que viene\u201d,<\/a> ha asegurado una desconocida divisi\u00f3n del Estado Isl\u00e1mico (EI) en Yemen a trav\u00e9s de varias cuentas afiliadas en las redes sociales, seg\u00fan recoge la web de seguimiento del terrorismo SITE. Es la primera vez que el EI se responsabiliza de una acci\u00f3n terrorista en Yemen.<\/p>\n<p>\u201cLas huellas son de Al Qaeda\u2026 pero no me sorprender\u00eda saber que el EI est\u00e9 operando ya all\u00ed tambi\u00e9n\u201d, se\u00f1ala a este diario el embajador y analista yemen\u00ed Mustapha Noman, en referencia al caos en el que se ha sumido su pa\u00eds.<\/p>\n<p>Las dos mezquitas atacadas este viernes en San\u00e1 eran lugares habituales de rezo de los simpatizantes de Ansarullah, el grupo pol\u00edtico armado m\u00e1s conocido por el nombre del clan que lo dirige, los Huthi. Se trata de un movimiento al estilo del Hezbol\u00e1 liban\u00e9s que tiene su feudo en las provincias del norte de Yemen fronterizas con Arabia Saud\u00ed. Sin embargo, desde el pasado verano, ha avanzado hasta tomar la capital y trata de extenderse a otras zonas del pa\u00eds con el apoyo de las fuerzas leales <a href=\"http:\/\/internacional.elpais.com\/internacional\/2011\/11\/23\/actualidad\/1322077928_205271.html\">al ex presidente Ali Abdal\u00e1 Saleh<\/a>, quien en 2012 <a href=\"http:\/\/internacional.elpais.com\/internacional\/2014\/03\/04\/actualidad\/1393936126_051520.html\">cedi\u00f3 el poder tras un a\u00f1o de protestas populares<\/a> y ante la presi\u00f3n internacional.<\/p>\n<p>Su espectacular \u00e9xito, apoyado en la lucha contra la corrupci\u00f3n y, seg\u00fan sus cr\u00edticos, con ayuda de Ir\u00e1n, el l\u00edder regional de los chi\u00edes, ha agravado las divisiones pol\u00edticas, tribales y sectarias de Yemen, un pa\u00eds que lleva a\u00f1os al borde del abismo. A la pobreza, la explosi\u00f3n demogr\u00e1fica, la escasez de agua y penuria de alimentos, se superponen el separatismo del sur, la revuelta Huthi del norte, la amenaza de Al Qaeda en la Pen\u00ednsula Ar\u00e1biga (una fusi\u00f3n de las ramas local y saud\u00ed de Al Qaeda que se halla entre su franquicia m\u00e1s activa) y, de confirmarse las reclamaciones de este viernes, ahora el EI.<\/p>\n<p>El descontrol que supuso la toma del poder de los Huthi a finales de enero, y la consecuente <a href=\"http:\/\/internacional.elpais.com\/internacional\/2015\/01\/22\/actualidad\/1421950287_813690.html\">dimisi\u00f3n del presidente Abdrabbo Mansur Hadi<\/a> y el Gobierno en pleno, llev\u00f3 al <a href=\"http:\/\/internacional.elpais.com\/internacional\/2015\/02\/14\/actualidad\/1423923983_240194.html\">cierre temporal de numerosas embajadas extranjeras<\/a>, incluidas las de EEUU y las europeas. Algunas legaciones \u00e1rabes, entre ellas la de Arabia Saud\u00ed, han reanudado sus actividades desde sus consulados en Ad\u00e9n, el gran puerto del sur y segunda ciudad del pa\u00eds, a donde <a href=\"http:\/\/internacional.elpais.com\/internacional\/2015\/02\/21\/actualidad\/1424524768_139043.html\">se traslad\u00f3 Hadi cuando logr\u00f3 escapar<\/a> del arresto domiciliario al que le sometieron los Huthi. Pero incluso all\u00ed, desde donde intenta recuperar la autoridad, fue <a href=\"http:\/\/internacional.elpais.com\/internacional\/2015\/03\/19\/actualidad\/1426783039_543148.html\">objeto de un ataque el jueves<\/a>.<\/p>\n<\/div>\n","protected":false},"excerpt":{"rendered":"<p>Una facci\u00f3n del Estado Isl\u00e1mico se responsabiliza de los atentados<\/p>\n","protected":false},"author":5842,"featured_media":0,"comment_status":"open","ping_status":"open","sticky":false,"template":"","format":"standard","meta":{"footnotes":""},"categories":[24],"tags":[],"class_list":["post-460802","post","type-post","status-publish","format-standard","hentry","category-mundo"],"_links":{"self":[{"href":"https:\/\/diarioelpopular.com\/index.php\/wp-json\/wp\/v2\/posts\/460802","targetHints":{"allow":["GET"]}}],"collection":[{"href":"https:\/\/diarioelpopular.com\/index.php\/wp-json\/wp\/v2\/posts"}],"about":[{"href":"https:\/\/diarioelpopular.com\/index.php\/wp-json\/wp\/v2\/types\/post"}],"author":[{"embeddable":true,"href":"https:\/\/diarioelpopular.com\/index.php\/wp-json\/wp\/v2\/users\/5842"}],"replies":[{"embeddable":true,"href":"https:\/\/diarioelpopular.com\/index.php\/wp-json\/wp\/v2\/comments?post=460802"}],"version-history":[{"count":1,"href":"https:\/\/diarioelpopular.com\/index.php\/wp-json\/wp\/v2\/posts\/460802\/revisions"}],"predecessor-version":[{"id":460804,"href":"https:\/\/diarioelpopular.com\/index.php\/wp-json\/wp\/v2\/posts\/460802\/revisions\/460804"}],"wp:attachment":[{"href":"https:\/\/diarioelpopular.com\/index.php\/wp-json\/wp\/v2\/media?parent=460802"}],"wp:term":[{"taxonomy":"category","embeddable":true,"href":"https:\/\/diarioelpopular.com\/index.php\/wp-json\/wp\/v2\/categories?post=460802"},{"taxonomy":"post_tag","embeddable":true,"href":"https:\/\/diarioelpopular.com\/index.php\/wp-json\/wp\/v2\/tags?post=460802"}],"curies":[{"name":"wp","href":"https:\/\/api.w.org\/{rel}","templated":true}]}}