{"id":460808,"date":"2015-03-20T18:59:47","date_gmt":"2015-03-20T22:59:47","guid":{"rendered":"http:\/\/diarioelpopular.com\/?p=460808"},"modified":"2015-03-21T19:00:21","modified_gmt":"2015-03-21T23:00:21","slug":"el-estado-islamico-reivindica-los-atentados-en-dos-mezquitas-en-yemen","status":"publish","type":"post","link":"https:\/\/diarioelpopular.com\/index.php\/2015\/03\/20\/el-estado-islamico-reivindica-los-atentados-en-dos-mezquitas-en-yemen\/","title":{"rendered":"El Estado Isl\u00e1mico reivindica los atentados en dos mezquitas en Yemen"},"content":{"rendered":"<p><a href=\"https:\/\/diarioelpopular.com\/wp-content\/uploads\/2015\/03\/yemen2.jpg\"><img loading=\"lazy\" decoding=\"async\" class=\"aligncenter size-full wp-image-460809\" src=\"https:\/\/diarioelpopular.com\/wp-content\/uploads\/2015\/03\/yemen2.jpg\" alt=\"yemen2\" width=\"560\" height=\"348\" \/><\/a>El <strong>Estado Isl\u00e1mico<\/strong> ha asumido la <strong>autor\u00eda de los atentados<\/strong> perpetrados este viernes en <strong>dos mezquitas de San\u00e1<\/strong>, la capital de <strong>Yemen<\/strong>, que seg\u00fan fuentes oficiales huthis a CNN, <strong>han dejado ya 120 muertos y m\u00e1s de 300 heridos. <\/strong>En un mensaje de audio difundido por la radio del EI, <em>Al Bayan<\/em>, que emite por Internet, un locutor ley\u00f3 un comunicado del grupo que se\u00f1ala que los ataques forman parte de \u201cuna serie de haza\u00f1as llevadas a cabo diariamente por los soldados del califato contra los enemigos de Al\u00e1 y de su religi\u00f3n\u201d.<\/p>\n<p>\u201cLos hut\u00edes tienen que saber que los soldados del EI no van a estar tranquilos hasta erradicarlos y cortar el brazo del proyecto chi\u00ed en el Yemen\u201d, se\u00f1al\u00f3 el locutor, en alusi\u00f3n a las presiones de los hut\u00edes contra el Gobierno yemen\u00ed, que han sumido al pa\u00eds en una profunda crisis pol\u00edtica y de seguridad en los \u00faltimos meses. Agreg\u00f3 que \u201cesta operaci\u00f3n es <strong>solo el principio de lo que va a venir en el futur<\/strong>o\u201d y que los yihadistas se vengar\u00e1n por la sangre de los musulmanes que fue derramada y por las mezquitas que fueron destruidas\u201d.<\/p>\n<p>Los yihadistas del EI, de confesi\u00f3n sun\u00ed, consideran que los cl\u00e9rigos chi\u00edes son infieles y que sus seguidores son desviados. Se trata del<strong> primer atentado terrorista<\/strong> reivindicado por el EI <strong>en territorio yemen\u00ed<\/strong>, considerado como la base de la organizaci\u00f3n terrorista Al Qaeda en la Pen\u00ednsula Ar\u00e1biga (AQPA).<\/p>\n<p>Las mezquitas atacadas son lugar de reuni\u00f3n de cientos de simpatizantes de los rebeldes houthi, que el pasado mes de febrero consolidaron su toma de poder sobre la capital y expulsaron al presidente Abdo Rabu Mansur Hadi, quien se ha visto obligado a establecer una sede de gobierno en <strong>Ad\u00e9n<\/strong>.<\/p>\n<p>Las dos mezquitas atacadas en San\u00e1, Al Hashush y Badr, ubicadas en el norte y centro de la ciudad respectivamente, son frecuentadas por los dirigentes del grupo chi\u00ed rebelde de los hut\u00edes.<\/p>\n<p>En todos esos atentados, los atacantes repitieron el mismo <strong>modus operandi<\/strong>. Cada mezquita fue atacada por dos suicidas; uno de ellos deton\u00f3 su carga explosiva en el puesto de control establecido fuera de la mezquita mientras el segundo aprovech\u00f3 la situaci\u00f3n para irrumpir en el templo y hacer estallar sus explosivos en medio de la multitud.<\/p>\n<p>Seg\u00fan pudo constatar Efe, camiones y ambulancias evacuaron a las v\u00edctimas del doble atentado de la mezquita de Al Hashush, donde hubo un intervalo de tiempo de media hora entre una explosi\u00f3n y otra.<\/p>\n<p>En el ataque al templo de Badr falleci\u00f3 el im\u00e1n de la mezquita, el destacado l\u00edder religioso chi\u00ed <strong>Mortada al Muhaduari<\/strong>, seg\u00fan dijo una fuente hut\u00ed.<\/p>\n<p>El im\u00e1n de la mezquita Al Hashush, <strong>Taha Ahmed al Mutauakil<\/strong>, que es miembro de la ejecutiva de los hut\u00edes, fue ingresado en un hospital, junto al dirigente del grupo Jaled al Madani, tras resultar heridos graves a causa de la explosi\u00f3n.<\/p>\n<p>Yemen est\u00e1 sumido en un <strong>profundo conflicto pol\u00edtico<\/strong>, agravado desde que el presidente Abdo Rabu Mansur Hadi se retractara el mes pasado desde Ad\u00e9n de su anterior dimisi\u00f3n y anunciara que continuaba siendo el presidente leg\u00edtimo del pa\u00eds, en oposici\u00f3n a lo dictado por los hut\u00edes.<\/p>\n","protected":false},"excerpt":{"rendered":"<p>En el doble ataque han perdido la vida de m\u00e1s de 120 personas y alrededor de 300 han resultado heridas<\/p>\n","protected":false},"author":5842,"featured_media":0,"comment_status":"open","ping_status":"open","sticky":false,"template":"","format":"standard","meta":{"footnotes":""},"categories":[24],"tags":[],"class_list":["post-460808","post","type-post","status-publish","format-standard","hentry","category-mundo"],"_links":{"self":[{"href":"https:\/\/diarioelpopular.com\/index.php\/wp-json\/wp\/v2\/posts\/460808","targetHints":{"allow":["GET"]}}],"collection":[{"href":"https:\/\/diarioelpopular.com\/index.php\/wp-json\/wp\/v2\/posts"}],"about":[{"href":"https:\/\/diarioelpopular.com\/index.php\/wp-json\/wp\/v2\/types\/post"}],"author":[{"embeddable":true,"href":"https:\/\/diarioelpopular.com\/index.php\/wp-json\/wp\/v2\/users\/5842"}],"replies":[{"embeddable":true,"href":"https:\/\/diarioelpopular.com\/index.php\/wp-json\/wp\/v2\/comments?post=460808"}],"version-history":[{"count":1,"href":"https:\/\/diarioelpopular.com\/index.php\/wp-json\/wp\/v2\/posts\/460808\/revisions"}],"predecessor-version":[{"id":460810,"href":"https:\/\/diarioelpopular.com\/index.php\/wp-json\/wp\/v2\/posts\/460808\/revisions\/460810"}],"wp:attachment":[{"href":"https:\/\/diarioelpopular.com\/index.php\/wp-json\/wp\/v2\/media?parent=460808"}],"wp:term":[{"taxonomy":"category","embeddable":true,"href":"https:\/\/diarioelpopular.com\/index.php\/wp-json\/wp\/v2\/categories?post=460808"},{"taxonomy":"post_tag","embeddable":true,"href":"https:\/\/diarioelpopular.com\/index.php\/wp-json\/wp\/v2\/tags?post=460808"}],"curies":[{"name":"wp","href":"https:\/\/api.w.org\/{rel}","templated":true}]}}