{"id":460814,"date":"2015-03-21T18:43:42","date_gmt":"2015-03-21T22:43:42","guid":{"rendered":"http:\/\/diarioelpopular.com\/?p=460814"},"modified":"2015-03-21T18:43:56","modified_gmt":"2015-03-21T22:43:56","slug":"es-muy-preocupante-que-venezuela-acose-a-defensores-de-dd-hh","status":"publish","type":"post","link":"https:\/\/diarioelpopular.com\/index.php\/2015\/03\/21\/es-muy-preocupante-que-venezuela-acose-a-defensores-de-dd-hh\/","title":{"rendered":"\u201cEs muy preocupante que Venezuela acose a defensores de DD HH\u201d"},"content":{"rendered":"<div id=\"cuerpo_noticia\" class=\"cuerpo_noticia\">\n<div id=\"attachment_460815\" style=\"width: 310px\" class=\"wp-caption aligncenter\"><a href=\"https:\/\/diarioelpopular.com\/wp-content\/uploads\/2015\/03\/1426966687_577264_1426971297_noticia_normal.jpg\"><img loading=\"lazy\" decoding=\"async\" aria-describedby=\"caption-attachment-460815\" class=\"size-full wp-image-460815\" src=\"https:\/\/diarioelpopular.com\/wp-content\/uploads\/2015\/03\/1426966687_577264_1426971297_noticia_normal.jpg\" alt=\"\u00c1lvarez Icaza en una foto de archivo\" width=\"300\" height=\"375\" \/><\/a><p id=\"caption-attachment-460815\" class=\"wp-caption-text\">\u00c1lvarez Icaza en una foto de archivo<\/p><\/div>\n<p>WASHINGTON.- El secretario general de la <a href=\"http:\/\/www.oas.org\/es\/cidh\/\">Comisi\u00f3n Interamericana de Derechos Humanos (CIDH)<\/a>, Emilio \u00c1lvarez Icaza, se ha pasado una semana de audiencias en Washington escuchando denuncias sobre todo tipo de abusos e irregularidades en el hemisferio. Cuando se le pregunta cu\u00e1les son los aspectos que m\u00e1s le preocupan, no duda en se\u00f1alar la situaci\u00f3n en Venezuela.<\/p>\n<p>La CIDH acaba de dictar una medida cautelar a favor de Marco Antonio Ponce, director del <a href=\"http:\/\/www.observatoriodeconflictos.org.ve\/\">Observatorio Venezolano de Conflictividad (OVC)<\/a>. \u00c9l es uno de los activistas se\u00f1alados -con fotos- en el programa de televisi\u00f3n <em>Con el mazo dando<\/em> del presidente de la Asamblea Nacional de Venezuela, Diosdado Cabello, como los representantes de la \u201cextrema derecha\u201d que acudieron esta semana a las sesiones de la CIDH. El programa public\u00f3 adem\u00e1s la hora exacta en que los activistas regresaban de su viaje \u201cal Imperio\u201d, este s\u00e1bado, algo que ha provocado la \u201calarma\u201d de la Comisi\u00f3n.<\/p>\n<p><strong>Pregunta. \u00bfPor qu\u00e9 considera la CIDH especialmente grave este hecho?<\/strong><\/p>\n<p><strong>Respuesta<\/strong>. A la Comisi\u00f3n le ha preocupado enormemente la reacci\u00f3n que est\u00e1 presentando Venezuela en contra de las personas que vinieron a denunciar, a conversar o a presentar informaci\u00f3n al sistema interamericano de derechos humanos. Que en el programa del presidente de la Asamblea Nacional se hagan expresiones expl\u00edcitas en contra de quien venga, que se diga qu\u00e9 d\u00eda y a qu\u00e9 hora regresan es muy grave, es una especie de se\u00f1alamiento, de estereotipaci\u00f3n que va en contra de las obligaciones del Estado. Es muy grave que una autoridad de ese nivel, que tambi\u00e9n es autoridad del Estado, haga ese tipo de se\u00f1alamientos, o en medios de comunicaci\u00f3n relacionados con \u00e9l. Es muy preocupante, la Comisi\u00f3n ha emitido una medida cautelar, emiti\u00f3 un comunicado, y no es aceptable bajo ninguna condici\u00f3n que los defensores que acuden a las instancias interamericanas reciban represalias de los pa\u00edses.<\/p>\n<p><strong>P. Otro de los asuntos que han regresado a la CIDH son las denuncias de desapariciones forzadas y otras violaciones de derechos humanos en M\u00e9xico. Parec\u00eda que el tema hab\u00eda remitido, pero de pronto estallaron los casos de Tlatlaya y Ayotzinapa. \u00bfQu\u00e9 ha pasado?<\/strong><\/p>\n<p><strong>R.<\/strong>\u00a0Es la suma de acci\u00f3n y soluciones en materia de fen\u00f3menos no debidamente atendidos: el fen\u00f3meno de las desapariciones no es nuevo, pero ha ido tomando una dimensi\u00f3n cada vez mayor, y los fen\u00f3menos que en su momento se pudieron haber generado para detenerlo, no se hicieron. La diferencia es que la situaci\u00f3n, con el paso del tiempo, no mejora. Eso lo hace peor.<\/p>\n<p><strong>P. \u00bfC\u00f3mo ha actuado el Estado?<\/strong><\/p>\n<p><strong>R<\/strong>. M\u00e9xico ha tenido cambios paradigm\u00e1ticos legislativos, reformas constitucionales y pol\u00edtica p\u00fablica y sinergia con instancias internacionales. Pero el componente cotidiano en materia de justicia, en materia de cambio de la situaci\u00f3n, no est\u00e1 llegando en materia de derechos humanos. Hay una crisis de derechos humanos. Por lo menos en temas como las desapariciones forzadas, la impunidad o los temas pendientes en materia de justicia, hay una crisis no atendida en su justa dimensi\u00f3n. No digo que no se hagan esfuerzos, no desconozco que haya esfuerzos legislativos, de pol\u00edtica p\u00fablica. Pero por ejemplo el mecanismo de defensa de defensores en M\u00e9xico es\u2026 ya no digo simb\u00f3lico, es casi irrisorio, est\u00e1 muy muy lejos de lo que se necesita. Tambi\u00e9n sucede con los mecanismos de b\u00fasqueda de personas, es muy desesperante, y entonces la crisis va subiendo. Los llamados de atenci\u00f3n van subiendo tambi\u00e9n. No veo que sea una realidad aceptable ni normalizable.<\/p>\n<p><strong>P.\u00a0<\/strong><strong>\u00bfC\u00f3mo se puede remediar?<\/strong><\/p>\n<p>R: Yo ubicar\u00eda como uno de los primeros niveles de responsabilidad en los gobiernos estatales. El fen\u00f3meno de la incapacidad de los gobiernos estatales en materia de procuraci\u00f3n y administraci\u00f3n de justicia es cada vez mayor, y eso le carga doble la responsabilidad del gobierno federal. En su momento, la administraci\u00f3n anterior tuvo una pol\u00edtica p\u00fablica que agudiz\u00f3 este tipo de denuncias y problemas, y me parece que el gobierno federal tiene que redoblar esfuerzos de mucha mayor magnitud. Se habla por ejemplo de falta de registros, de falta de equipos y de falta de legislaci\u00f3n, de ausencia de tipificaci\u00f3n de la tortura o las debilidades en materia de tipificaci\u00f3n de las desapariciones forzadas.<\/p>\n<p><strong>P. Los expertos independientes de Iguala coordinados por la CIDH deber\u00e1n hacer tambi\u00e9n recomendaciones estructurales. \u00bfCree que sus conclusiones podr\u00e1n ayudar?<\/strong><\/p>\n<p>R. Mucho. La apuesta tiene que ver no solo con el caso Ayotzinapa, sino a que contribuya a que M\u00e9xico despliegue las capacidades y las condiciones necesarias para evitar este tipo de fen\u00f3menos.<\/p>\n<p><strong>P. \u00bfC\u00f3mo ve la situaci\u00f3n en Cuba? \u00bfAyudar\u00e1 la normalizaci\u00f3n de relaciones con Estados Unidos?<\/strong><\/p>\n<p>R. Veo que se est\u00e1n dando procesos de apertura en Cuba. El a\u00f1o pasado recibimos a actores de derechos humanos de la isla, vinieron directamente aqu\u00ed diversos actores, eso es un fen\u00f3meno de cambio. Son fen\u00f3menos de apertura que celebramos. La relaci\u00f3n con EE UU corre por su cuerda, pero en alg\u00fan momento habr\u00e1 que definir su relaci\u00f3n con la OEA y con la CIDH, me parece que son eventualmente procesos que dialogan entre s\u00ed, pero cada uno tiene su din\u00e1mica propia.<\/p>\n<\/div>\n","protected":false},"excerpt":{"rendered":"\n<p>DICE EMILIO \u00c1LVAREZ ICAZA | SECRETARIO GENERAL DE LA CIDH<\/p>\n","protected":false},"author":5842,"featured_media":0,"comment_status":"open","ping_status":"open","sticky":false,"template":"","format":"standard","meta":{"footnotes":""},"categories":[23],"tags":[],"class_list":["post-460814","post","type-post","status-publish","format-standard","hentry","category-latinoamerica"],"_links":{"self":[{"href":"https:\/\/diarioelpopular.com\/index.php\/wp-json\/wp\/v2\/posts\/460814","targetHints":{"allow":["GET"]}}],"collection":[{"href":"https:\/\/diarioelpopular.com\/index.php\/wp-json\/wp\/v2\/posts"}],"about":[{"href":"https:\/\/diarioelpopular.com\/index.php\/wp-json\/wp\/v2\/types\/post"}],"author":[{"embeddable":true,"href":"https:\/\/diarioelpopular.com\/index.php\/wp-json\/wp\/v2\/users\/5842"}],"replies":[{"embeddable":true,"href":"https:\/\/diarioelpopular.com\/index.php\/wp-json\/wp\/v2\/comments?post=460814"}],"version-history":[{"count":1,"href":"https:\/\/diarioelpopular.com\/index.php\/wp-json\/wp\/v2\/posts\/460814\/revisions"}],"predecessor-version":[{"id":460816,"href":"https:\/\/diarioelpopular.com\/index.php\/wp-json\/wp\/v2\/posts\/460814\/revisions\/460816"}],"wp:attachment":[{"href":"https:\/\/diarioelpopular.com\/index.php\/wp-json\/wp\/v2\/media?parent=460814"}],"wp:term":[{"taxonomy":"category","embeddable":true,"href":"https:\/\/diarioelpopular.com\/index.php\/wp-json\/wp\/v2\/categories?post=460814"},{"taxonomy":"post_tag","embeddable":true,"href":"https:\/\/diarioelpopular.com\/index.php\/wp-json\/wp\/v2\/tags?post=460814"}],"curies":[{"name":"wp","href":"https:\/\/api.w.org\/{rel}","templated":true}]}}