{"id":460820,"date":"2015-03-21T19:06:10","date_gmt":"2015-03-21T23:06:10","guid":{"rendered":"http:\/\/diarioelpopular.com\/?p=460820"},"modified":"2015-03-21T19:06:18","modified_gmt":"2015-03-21T23:06:18","slug":"el-papa-en-napoles-una-sociedad-corrupta-apesta","status":"publish","type":"post","link":"https:\/\/diarioelpopular.com\/index.php\/2015\/03\/21\/el-papa-en-napoles-una-sociedad-corrupta-apesta\/","title":{"rendered":"El Papa en N\u00e1poles: \u201cUna sociedad corrupta apesta\u201d"},"content":{"rendered":"<div id=\"cuerpo_noticia\" class=\"cuerpo_noticia\">\n<div id=\"attachment_460821\" style=\"width: 570px\" class=\"wp-caption aligncenter\"><a href=\"https:\/\/diarioelpopular.com\/wp-content\/uploads\/2015\/03\/1426942763_350412_1426944627_noticia_normal.jpg\"><img loading=\"lazy\" decoding=\"async\" aria-describedby=\"caption-attachment-460821\" class=\"size-full wp-image-460821\" src=\"https:\/\/diarioelpopular.com\/wp-content\/uploads\/2015\/03\/1426942763_350412_1426944627_noticia_normal.jpg\" alt=\" El papa Francisco en una misa en la Plaza del Plebiscito en N\u00e1poles, este s\u00e1bado.\" width=\"560\" height=\"352\" \/><\/a><p id=\"caption-attachment-460821\" class=\"wp-caption-text\"><br \/>El papa Francisco en una misa en la Plaza del Plebiscito en N\u00e1poles, este s\u00e1bado.<\/p><\/div>\n<p><strong><em>NAPOLES.-<\/em><\/strong> En medio de la gente que sufre, Jorge Mario Bergoglio se muestra incapaz de leer sus discursos preparados en fr\u00edo. Le sucedi\u00f3 en Lampedusa ante el drama de la inmigraci\u00f3n \u2014\u201c\u00bfqui\u00e9n ha llorado por las madres que pierden a sus hijos en el mar? Hemos ca\u00eddo en <a href=\"http:\/\/internacional.elpais.com\/internacional\/2013\/07\/08\/actualidad\/1373270412_332935.html\">la globalizaci\u00f3n de la indiferencia<\/a>\u201d\u2014, en Cerde\u00f1a ante las graves secuelas del paro \u2014\u201c<a href=\"http:\/\/sociedad.elpais.com\/sociedad\/2013\/09\/22\/actualidad\/1379852266_972344.html\">el actual sistema econ\u00f3mico<\/a> nos est\u00e1 llevando a la tragedia y robando la dignidad\u201d\u2014 o en Calabria ante los cr\u00edmenes brutales de la <em>Ndrangheta:<\/em> \u201cLa mafia es la adoraci\u00f3n del mal, el desprecio del bien com\u00fan. <a href=\"http:\/\/internacional.elpais.com\/internacional\/2014\/06\/21\/actualidad\/1403341215_680798.html\">Est\u00e1is excomulgados<\/a>\u201d. Tambi\u00e9n este s\u00e1bado, en el barrio napolitano de Scampia, golpeado desde hace d\u00e9cadas por la incapacidad de los gobernantes y la violencia de la Camorra, el Papa ha dej\u00f3 los papeles a un lado y clam\u00f3: \u201cLa corrupci\u00f3n es sucia y la sociedad corrupta apesta. Un ciudadano que deja que le invada la corrupci\u00f3n no es cristiano, \u00a1apesta!\u201d.<\/p>\n<p>Bergoglio quiso entrar en N\u00e1poles por Scampia, la periferia de las periferias, una tierra de nadie donde las distintas familias mafiosas ligadas a la Camorra se aprovechan desde hace d\u00e9cadas de los j\u00f3venes sin futuro para afianzar su poder en el negocio del narcotr\u00e1fico y el crimen organizado. Scampia, a\u00fan <a href=\"http:\/\/elpais.com\/elpais\/2014\/11\/26\/eps\/1417018237_646735.html\">bajo el estigma de Gomorra<\/a>, sigue representando el fracaso absoluto de la pol\u00edtica \u2014la tasa de paro es superior al 57%\u2014 y de ah\u00ed que el Papa quisiese lanzar un toque de atenci\u00f3n a los gobernantes: \u201cLa falta de empleo para los j\u00f3venes es una se\u00f1al de que existe un fallo grave en el sistema. Y cuando no se gana para poder llevar el pan a casa, se pierde la dignidad. La falta de trabajo nos roba la dignidad.<\/p>\n<p>En estos casos, la persona corre el riesgo de ceder a la esclavitud, a la explotaci\u00f3n. S\u00e9 de una persona que gana 600 euros al mes, y en negro, por trabajar 11 horas al d\u00eda. \u00a1Eso no es trabajo, es explotaci\u00f3n, esclavitud! \u00a1Tenemos que recuperar la lucha por la dignidad!\u201d. El papa Francisco a\u00f1adi\u00f3 que cerrar la puerta a los inmigrantes o no ofrecerles un trabajo digno tambi\u00e9n es corrupci\u00f3n: \u201c\u00a1Cu\u00e1nta corrupci\u00f3n hay en el mundo!\u201d.<\/p>\n<p>M\u00e1s tarde, durante la homil\u00eda en la plaza del Plebiscito, pidi\u00f3 de forma expresa a los napolitanos que planten cara a la Camorra: \u201cNo se dejen robar la esperanza, no cedan a la tentaci\u00f3n del dinero f\u00e1cil y de los ingresos deshonestos. No es m\u00e1s que pan para hoy y hambre para ma\u00f1ana. No trae nada bueno.<\/p>\n<p>Tienen que reaccionar con fuerza\u201d. A continuaci\u00f3n, y aunque sin llegar a los dur\u00edsimos t\u00e9rminos que emple\u00f3 en Calabria cuando excomulg\u00f3 a la <em>Ndrangheta<\/em>, Jorge Mario Bergoglio se dirigi\u00f3 a los mafiosos: \u201cA los criminales y a todos sus c\u00f3mplices, hoy, con humildad y como hermano, os pido: convert\u00edos, dejaos invadir por el amor y la justicia (\u2026). Es posible regresar a una vida honesta. Os lo piden tambi\u00e9n las l\u00e1grimas de las madres de N\u00e1poles. \u00a1Que el crimen no desfigure el rostro de esta bella ciudad!\u201d.<\/p>\n<p>Adem\u00e1s de la visita a Scampia, el Papa quiso dejar claro de nuevo su apuesta por las periferias almorzando con los presos de la c\u00e1rcel de Poggioreale \u2013entre los que se encontraba un grupo de transexuales\u2014para asegurarles que conoc\u00eda su \u201csituaci\u00f3n dolorosa\u201d a trav\u00e9s de las cartas que le llegan de los penales de todo el mundo: \u201cDemasiado a menudo, los presos se encuentran en condiciones indignas para la persona humana, y despu\u00e9s no consiguen reinsertarse en la sociedad\u201d. Justo el viernes, el Papa volvi\u00f3 a mostrar su rechazo frontal a la cadena perpetua.<\/p>\n<\/div>\n","protected":false},"excerpt":{"rendered":"<p>Bergoglio arremete contra la pol\u00edtica incapaz de ofrecer un trabajo digno y de cerrar la puerta a los inmigrantes<\/p>\n","protected":false},"author":5842,"featured_media":0,"comment_status":"open","ping_status":"open","sticky":false,"template":"","format":"standard","meta":{"footnotes":""},"categories":[24],"tags":[],"class_list":["post-460820","post","type-post","status-publish","format-standard","hentry","category-mundo"],"_links":{"self":[{"href":"https:\/\/diarioelpopular.com\/index.php\/wp-json\/wp\/v2\/posts\/460820","targetHints":{"allow":["GET"]}}],"collection":[{"href":"https:\/\/diarioelpopular.com\/index.php\/wp-json\/wp\/v2\/posts"}],"about":[{"href":"https:\/\/diarioelpopular.com\/index.php\/wp-json\/wp\/v2\/types\/post"}],"author":[{"embeddable":true,"href":"https:\/\/diarioelpopular.com\/index.php\/wp-json\/wp\/v2\/users\/5842"}],"replies":[{"embeddable":true,"href":"https:\/\/diarioelpopular.com\/index.php\/wp-json\/wp\/v2\/comments?post=460820"}],"version-history":[{"count":1,"href":"https:\/\/diarioelpopular.com\/index.php\/wp-json\/wp\/v2\/posts\/460820\/revisions"}],"predecessor-version":[{"id":460822,"href":"https:\/\/diarioelpopular.com\/index.php\/wp-json\/wp\/v2\/posts\/460820\/revisions\/460822"}],"wp:attachment":[{"href":"https:\/\/diarioelpopular.com\/index.php\/wp-json\/wp\/v2\/media?parent=460820"}],"wp:term":[{"taxonomy":"category","embeddable":true,"href":"https:\/\/diarioelpopular.com\/index.php\/wp-json\/wp\/v2\/categories?post=460820"},{"taxonomy":"post_tag","embeddable":true,"href":"https:\/\/diarioelpopular.com\/index.php\/wp-json\/wp\/v2\/tags?post=460820"}],"curies":[{"name":"wp","href":"https:\/\/api.w.org\/{rel}","templated":true}]}}