{"id":460837,"date":"2015-03-22T19:14:42","date_gmt":"2015-03-22T23:14:42","guid":{"rendered":"http:\/\/diarioelpopular.com\/?p=460837"},"modified":"2015-03-22T19:14:53","modified_gmt":"2015-03-22T23:14:53","slug":"felipe-gonzalez-defendera-a-lideres-opositores-presos-en-venezuela","status":"publish","type":"post","link":"https:\/\/diarioelpopular.com\/index.php\/2015\/03\/22\/felipe-gonzalez-defendera-a-lideres-opositores-presos-en-venezuela\/","title":{"rendered":"Felipe Gonz\u00e1lez defender\u00e1 a l\u00edderes opositores presos en Venezuela"},"content":{"rendered":"<div id=\"cuerpo_noticia\" class=\"cuerpo_noticia\">\n<div id=\"attachment_460838\" style=\"width: 570px\" class=\"wp-caption aligncenter\"><a href=\"https:\/\/diarioelpopular.com\/wp-content\/uploads\/2015\/03\/1427054440_761334_1427055061_noticia_normal.jpg\"><img loading=\"lazy\" decoding=\"async\" aria-describedby=\"caption-attachment-460838\" class=\"size-full wp-image-460838\" src=\"https:\/\/diarioelpopular.com\/wp-content\/uploads\/2015\/03\/1427054440_761334_1427055061_noticia_normal.jpg\" alt=\"Mitzy Capriles con el expresidente espa\u00f1ol Felipe Gonz\u00e1lez.\" width=\"560\" height=\"327\" \/><\/a><p id=\"caption-attachment-460838\" class=\"wp-caption-text\">Mitzy Capriles con el expresidente espa\u00f1ol Felipe Gonz\u00e1lez.<\/p><\/div>\n<p>El expresidente del Gobierno espa\u00f1ol, el socialista <a href=\"http:\/\/elpais.com\/tag\/felipe_gonzalez_marquez\/a\/\" target=\"_blank\">Felipe Gonz\u00e1lez<\/a>, ha aceptado hacerse cargo de la defensa de los dos principales presos pol\u00edticos del r\u00e9gimen chavista a petici\u00f3n de sus familias: el l\u00edder opositor Leopoldo L\u00f3pez, encarcelado desde hace m\u00e1s de un a\u00f1o, y el alcalde de Caracas, Antonio Ledezma, detenido el pasado 20 de febrero por agentes del Servicio Bolivariano de Inteligencia (Sebin). Ambos est\u00e1n acusados de ser los responsables del desenlace violento de las protestas del a\u00f1o pasado contra el Gobierno del presidente Nicol\u00e1s Maduro, que se saldaron con m\u00e1s de 40 muertos en las calles.<\/p>\n<p>La decisi\u00f3n de Felipe Gonz\u00e1lez obedece al creciente deterioro de la <a href=\"http:\/\/politica.elpais.com\/politica\/2015\/03\/14\/actualidad\/1426362541_904439.html\" target=\"_blank\">situaci\u00f3n de los derechos humanos en Venezuela<\/a> y a la ausencia de garant\u00edas jur\u00eddicas de los acusados, presos en la c\u00e1rcel militar de Ramo Verde, a unos 30 kil\u00f3metros de Caracas. La iniciativa del pol\u00edtico espa\u00f1ol, seg\u00fan ha sabido este diario, pretende tambi\u00e9n romper el silencio que han mantenido la mayor\u00eda de los Gobiernos de Am\u00e9rica Latina ante los abusos del r\u00e9gimen chavista.<\/p>\n<p>Instancias internacionales como la Organizaci\u00f3n de Estados Americanos (OEA) y Unasur han fracasado hasta ahora en su <a href=\"http:\/\/internacional.elpais.com\/internacional\/2015\/03\/19\/actualidad\/1426800322_650557.html\" target=\"_blank\">intento de mediar en la crisis pol\u00edtica<\/a> venezolana. Caracas tampoco ha atendido las reclamaciones para que libere a los presos pol\u00edticos formuladas en las \u00faltimas semanas por la ONU, el Parlamento Europeo, los Gobiernos de Estados Unidos, Espa\u00f1a, Canad\u00e1 y Colombia as\u00ed como la Internacional Socialista, Amnist\u00eda Internacional o Human Rights Wacht, entre otros.<\/p>\n<p>El propio Felipe Gonz\u00e1lez, quien mantiene una profunda relaci\u00f3n con Venezuela desde los a\u00f1os ochenta, expresaba el pasado domingo en una entrevista con este peri\u00f3dico su preocupaci\u00f3n por el actual \u201cdescenso en la defensa del funcionamiento de la democracia en Am\u00e9rica Latina\u201d y abogaba por un \u201cdi\u00e1logo serio\u201d entre el Gobierno y la oposici\u00f3n de Venezuela. \u201cY parte del di\u00e1logo es que no se puede detener a los representantes pol\u00edticos. El <a href=\"http:\/\/elpais.com\/tag\/nicolas_maduro\/a\/\" target=\"_blank\">presidente Maduro<\/a> dice que all\u00ed no hay presos pol\u00edticos sino pol\u00edticos presos; yo dir\u00eda que hay pol\u00edticos presos por ser pol\u00edticos\u201d, afirmaba.<\/p>\n<p>Ya en noviembre una treintena de exjefes de Estado y de Gobierno, integrados en el Club de Madrid, suscrib\u00edan un texto datado en Florencia (Italia) en el que calificaban de \u201carbitraria\u201d <a href=\"http:\/\/internacional.elpais.com\/internacional\/2015\/03\/12\/actualidad\/1426192730_647609.html\" target=\"_blank\">la detenci\u00f3n de L\u00f3pez<\/a> y exig\u00edan su puesta en libertad. La declaraci\u00f3n estaba firmada, entre otros, por los expresidentes Fernando Henrique Cardoso (Brasil), Ricardo Lagos (Chile), Alejandro Toledo (Per\u00fa), Luis Alberto Lacalle (Uruguay), \u00d3scar Arias (Costa Rica), Andr\u00e9s Pastrana (Colombia), Jorge Quiroga (Bolivia) y Osvaldo Hurtado (Ecuador).<\/p>\n<p>Desde entonces, la situaci\u00f3n pol\u00edtica, social y econ\u00f3mica de Venezuela no ha dejado de deteriorarse. A la m\u00e1s alta inflaci\u00f3n del mundo, que ronda el 70%, las reiteradas <a href=\"http:\/\/economia.elpais.com\/economia\/2015\/02\/10\/actualidad\/1423600434_287572.html\" target=\"_blank\">devaluaciones del bol\u00edvar<\/a>, la escasez de alimentos b\u00e1sicos y medicinas y el aumento de la inseguridad ciudadana se ha sumado el endurecimiento del Gobierno de Maduro contra la oposici\u00f3n \u2014el Ej\u00e9rcito ha sido autorizado, contraviniendo la Constituci\u00f3n, a disparar contra los manifestantes\u2014 y la prensa independiente.<\/p>\n<p>El alcalde de Caracas, <a href=\"http:\/\/internacional.elpais.com\/internacional\/2015\/02\/20\/actualidad\/1424386802_955983.html\" target=\"_blank\">Antonio Ledezma, fue detenido en su oficina, golpeado y encapuchado<\/a> por una veintena de agentes de la Sebin que tuvieron que realizar varios disparos al aire para dispersar a vecinos y curiosos. Horas despu\u00e9s de su arresto, Maduro lo acus\u00f3 en radio y televisi\u00f3n de estar detr\u00e1s de un supuesto golpe de Estado, que se habr\u00eda activado a partir del manifiesto llamado Acuerdo Nacional de Transici\u00f3n firmado por Ledezma, Leopoldo L\u00f3pez y la diputada <a href=\"http:\/\/elpais.com\/tag\/maria_corina_machado\/a\/\" target=\"_blank\">Mar\u00eda Corina Machado<\/a>. En su alocuci\u00f3n, el sucesor de Hugo Ch\u00e1vez calific\u00f3 a Ledezma de \u201cvampiro\u201d y amenaz\u00f3 a los firmantes con un \u201cpu\u00f1o de hierro chavista\u201d ante la justicia.<\/p>\n<p>La mujer de Ledezma, Mitzy Capriles, que ha hecho a Maduro responsable de la vida de su esposo, visit\u00f3 recientemente el Parlamento Europeo y tambi\u00e9n Madrid, donde <a href=\"http:\/\/politica.elpais.com\/politica\/2015\/03\/13\/actualidad\/1426279583_009885.html\" target=\"_blank\">se entrevist\u00f3 con el presidente Mariano Rajoy<\/a>, los exmandatarios Felipe Gonz\u00e1lez y Jos\u00e9 Mar\u00eda Aznar y el secretario general del PSOE, Pedro S\u00e1nchez, entre otras personalidades. \u201cEl \u00fanico golpe de Estado en Venezuela es el que recibe el ciudadano en el est\u00f3mago cuando no encuentra los alimentos necesarios para subsistir\u201d, coment\u00f3 en conversaci\u00f3n con este diario.<\/p>\n<p><a href=\"http:\/\/internacional.elpais.com\/internacional\/2015\/02\/21\/actualidad\/1424489416_146204.html\" target=\"_blank\">Ledezma comparte penal con Leopoldo L\u00f3pez<\/a>, preso desde que se entreg\u00f3 voluntariamente el 18 de febrero de 2014 y sometido desde entonces a un proceso judicial tan opaco como lleno de incidencias. L\u00f3pez, exalcalde de Chacao y l\u00edder del partido Voluntad Popular, a quien Maduro suele llamar el Monstruo de Ramo Verde, est\u00e1 acusado por la fiscal\u00eda de instigar los incidentes que sacudieron Venezuela entre febrero y mayo del a\u00f1o pasado.<\/p>\n<p>De forma intermitente e imprevisible, L\u00f3pez que estudi\u00f3 Derecho en la Universidad de Harvard, es trasladado desde la c\u00e1rcel al tribunal de Caracas para asistir a las audiencias de su caso. La juez se encarga de que nada de lo que diga L\u00f3pez trascienda a la opini\u00f3n p\u00fablica pese a que se trate de un acto p\u00fablico como es por ley un juicio oral. En la sala no se admiten ni periodistas ni representantes diplom\u00e1ticos ni se pueden tomar notas. Adem\u00e1s, los equipos electr\u00f3nicos son incautados a la entrada.<\/p>\n<p>Mucho peor es su circunstancia en prisi\u00f3n. En una entrevista manuscrita filtrada a trav\u00e9s de la c\u00e1rcel, L\u00f3pez contaba que hab\u00eda pasado los primeros seis meses de encierro en total aislamiento y describ\u00eda as\u00ed su situaci\u00f3n: \u201cLas conversaciones con mi defensa son grabadas. Leen y confiscan mi correspondencia de manera arbitraria, hemos sido v\u00edctimas de requisas violentas por parte de comandos de inteligencia militar, han lanzado excremento humano dentro de nuestras celdas y en todo momento somos grabados directa o clandestinamente\u201d.<\/p>\n<p>La ONG venezolana <a href=\"http:\/\/foropenal.com\/\" target=\"_blank\">Foro Penal<\/a> calcula que en la actualidad hay 102 personas que cumplen condena o est\u00e1n siendo procesadas por casos relacionados con la violencia pol\u00edtica. Tambi\u00e9n denuncia las arbitrariedades judiciales que se llevan a cabo. A la defensa de L\u00f3pez no se le ha permitido hasta el momento presentar a sus testigos.<\/p>\n<p>En el caso de Rodolfo Gonz\u00e1lez, de 64 a\u00f1os, <a href=\"http:\/\/internacional.elpais.com\/internacional\/2015\/03\/13\/actualidad\/1426274492_683809.html\" target=\"_blank\">hallado muerto en su celda<\/a> el pasado d\u00eda 13 y tambi\u00e9n acusado de organizar las protestas de 2014, la \u00fanica prueba en su contra proven\u00eda de un testimonio an\u00f3nimo. El r\u00e9gimen llama a estos delatores \u201cpatriotas cooperantes\u201d.<\/p>\n<\/div>\n","protected":false},"excerpt":{"rendered":"<p>El expresidente espa\u00f1ol asumir\u00e1 la protecci\u00f3n legal de Leopoldo L\u00f3pez y del alcalde de Caracas, Antonio Ledezma, ante la falta de garant\u00edas en ese pa\u00eds<\/p>\n","protected":false},"author":5842,"featured_media":0,"comment_status":"open","ping_status":"open","sticky":false,"template":"","format":"standard","meta":{"footnotes":""},"categories":[23],"tags":[],"class_list":["post-460837","post","type-post","status-publish","format-standard","hentry","category-latinoamerica"],"_links":{"self":[{"href":"https:\/\/diarioelpopular.com\/index.php\/wp-json\/wp\/v2\/posts\/460837","targetHints":{"allow":["GET"]}}],"collection":[{"href":"https:\/\/diarioelpopular.com\/index.php\/wp-json\/wp\/v2\/posts"}],"about":[{"href":"https:\/\/diarioelpopular.com\/index.php\/wp-json\/wp\/v2\/types\/post"}],"author":[{"embeddable":true,"href":"https:\/\/diarioelpopular.com\/index.php\/wp-json\/wp\/v2\/users\/5842"}],"replies":[{"embeddable":true,"href":"https:\/\/diarioelpopular.com\/index.php\/wp-json\/wp\/v2\/comments?post=460837"}],"version-history":[{"count":1,"href":"https:\/\/diarioelpopular.com\/index.php\/wp-json\/wp\/v2\/posts\/460837\/revisions"}],"predecessor-version":[{"id":460839,"href":"https:\/\/diarioelpopular.com\/index.php\/wp-json\/wp\/v2\/posts\/460837\/revisions\/460839"}],"wp:attachment":[{"href":"https:\/\/diarioelpopular.com\/index.php\/wp-json\/wp\/v2\/media?parent=460837"}],"wp:term":[{"taxonomy":"category","embeddable":true,"href":"https:\/\/diarioelpopular.com\/index.php\/wp-json\/wp\/v2\/categories?post=460837"},{"taxonomy":"post_tag","embeddable":true,"href":"https:\/\/diarioelpopular.com\/index.php\/wp-json\/wp\/v2\/tags?post=460837"}],"curies":[{"name":"wp","href":"https:\/\/api.w.org\/{rel}","templated":true}]}}