{"id":460840,"date":"2015-03-22T19:24:05","date_gmt":"2015-03-22T23:24:05","guid":{"rendered":"http:\/\/diarioelpopular.com\/?p=460840"},"modified":"2015-03-22T19:24:12","modified_gmt":"2015-03-22T23:24:12","slug":"el-petroleo-barato-desata-una-revolucion-energetica","status":"publish","type":"post","link":"https:\/\/diarioelpopular.com\/index.php\/2015\/03\/22\/el-petroleo-barato-desata-una-revolucion-energetica\/","title":{"rendered":"El petr\u00f3leo barato desata una revoluci\u00f3n energ\u00e9tica"},"content":{"rendered":"<div id=\"cuerpo_noticia\" class=\"cuerpo_noticia\">\n<div id=\"attachment_460841\" style=\"width: 570px\" class=\"wp-caption aligncenter\"><a href=\"https:\/\/diarioelpopular.com\/wp-content\/uploads\/2015\/03\/1426874140_308827_1426874345_noticia_normal.jpg\"><img loading=\"lazy\" decoding=\"async\" aria-describedby=\"caption-attachment-460841\" class=\"size-full wp-image-460841\" src=\"https:\/\/diarioelpopular.com\/wp-content\/uploads\/2015\/03\/1426874140_308827_1426874345_noticia_normal.jpg\" alt=\"Planta solar de Abengoa en Sanl\u00facar la Mayor (Sevilla). \" width=\"560\" height=\"299\" \/><\/a><p id=\"caption-attachment-460841\" class=\"wp-caption-text\">Planta solar de Abengoa en Sanl\u00facar la Mayor (Sevilla).<\/p><\/div>\n<p>A Espa\u00f1a le ha tocado el <em>gordo<\/em> en la loter\u00eda del petr\u00f3leo: unos 15.000 millones de euros, el equivalente al 1,5% del PIB, que el pa\u00eds se ahorrar\u00e1 al a\u00f1o si el precio del crudo se mantiene en los actuales par\u00e1metros. En el pa\u00eds de la ruina estructural energ\u00e9tica, este es un raro golpe de fortuna para celebrar por partida doble; la <a href=\"http:\/\/economia.elpais.com\/economia\/2015\/01\/13\/actualidad\/1421151240_220750.html\">ca\u00edda del barril de <em>brent<\/em><\/a> \u2014de referencia en Europa\u2014 arrastra al gas. \u201cSupondr\u00e1 un gran alivio para nuestra desequilibrada balanza comercial que debe buena parte de su d\u00e9ficit exterior a los m\u00e1s de 40.000 millones de euros anuales, el 4% del PIB, que nos gastamos en la importaci\u00f3n de combustible\u201d, se felicita Juan Luis L\u00f3pez Cardenete, profesor de la <a href=\"http:\/\/www.iese.edu\/es\/\" target=\"_blank\">IESE Business School<\/a> y ex director general de <a href=\"http:\/\/www.gasnaturalfenosa.es\/es\/1285340339971\/hogar.html\" target=\"_blank\">Uni\u00f3n Fenosa<\/a>. Un petr\u00f3leo barato dar\u00e1 un respiro a las rentas familiares y a las cuentas de resultados empresariales. Tambi\u00e9n contribuir\u00e1 al aumento de la recaudaci\u00f3n del IVA y del impuesto de sociedades. \u00bfCu\u00e1nto nos durar\u00e1 la racha?<\/p>\n<p>Ahora que el Gobierno considera la reindustrializaci\u00f3n objetivo prioritario, \u00bfno deber\u00edamos aprovechar para sumarnos a la revoluci\u00f3n tecnol\u00f3gica e industrial generada en torno a la energ\u00eda e implicarnos en la denominada <a href=\"http:\/\/elpais.com\/elpais\/2014\/08\/27\/opinion\/1409162803_125872.html\">transici\u00f3n energ\u00e9tica<\/a>: la progresiva sustituci\u00f3n de los combustibles f\u00f3siles por las energ\u00edas renovables? Porque si hay un pa\u00eds dependiente de la importaci\u00f3n de los combustibles f\u00f3siles, ese es Espa\u00f1a. Nuestro grado de dependencia exterior en petr\u00f3leo, gas y carb\u00f3n es del 70,5%, frente al 53,2% de media de la UE y del 25% de EE\u00a0UU. \u201cAsistimos a una catarsis energ\u00e9tica y a movimientos geoestrat\u00e9gicos en torno al petr\u00f3leo que no proceden del mercado, sino de intereses ocultos. Nada ser\u00e1 igual a lo que fue\u201d, apunta Jos\u00e9 Luis Mart\u00ednez Mar\u00edn, fundador del <a href=\"http:\/\/www.enerclub.es\/es\/enerclubHome.do?action=viewCategory&amp;idCategoryToShow=10000\" target=\"_blank\">Club Espa\u00f1ol de la Energ\u00eda<\/a>.<\/p>\n<p>La factura energ\u00e9tica retomar\u00e1 forzosamente su escalada \u2014un a\u00f1o es el plazo por el que apuestan algunos entendidos\u2014, por mucho que la aplicaci\u00f3n de las discutidas t\u00e9cnicas de fractura hidr\u00e1ulica del subsuelo, el <a href=\"http:\/\/elpais.com\/tag\/fracking\/a\/\"><em>fracking<\/em><\/a> \u2014no competitivas, temporalmente, tras el desplome de precios\u2014, posibilite la extracci\u00f3n masiva de hidrocarburos y aleje en el tiempo el catastr\u00f3fico escenario te\u00f3rico del <em>crash<\/em> energ\u00e9tico global. Gracias a la \u201csilenciosa revoluci\u00f3n energ\u00e9tica\u201d que emprendieron a\u00f1os atr\u00e1s, Estados Unidos y Canad\u00e1 han obtenido una notable ventaja competitiva sobre los pa\u00edses europeos.<\/p>\n<p>El objetivo primero sigue siendo asegurarse el suministro energ\u00e9tico para las pr\u00f3ximas d\u00e9cadas, aun a riesgo de contaminar acu\u00edferos y de desencadenar la sismicidad inducida. Pero eso no significa que las primeras potencias renuncien a desarrollar las energ\u00edas renovables. <a href=\"http:\/\/internacional.elpais.com\/internacional\/2014\/12\/09\/actualidad\/1418080730_334934.html\">No lo hace China<\/a>, el monstruo contaminante que puede arrastrar a la humanidad al desastre medioambiental, y tampoco EE\u00a0UU, el otro gran contaminador que roza la autosuficiencia en hidrocarburos.<\/p>\n<div id=\"sumario_4|foto\" class=\"izquierda\"><a name=\"sumario_4\"><\/a><\/p>\n<div class=\"media\">\n<div class=\"foto figure\"><a class=\"posicionador\" title=\"ampliar foto\"> <img loading=\"lazy\" decoding=\"async\" title=\"\" src=\"http:\/\/ep01.epimg.net\/economia\/imagenes\/2015\/03\/20\/actualidad\/1426874140_308827_1426889740_sumario_normal.png\" alt=\"\" width=\"300\" height=\"223\" \/> <span id=\"capaAmpliarFotoReposo_p3\" class=\"ampliar_foto reposo\"><\/span> <\/a><\/p>\n<p class=\"figcaption estirar\">El mercado mundial de crudo<\/p>\n<\/div>\n<\/div>\n<\/div>\n<p>\u00bfQu\u00e9 pasa en Espa\u00f1a, la otrora campeona mundial de las renovables que hace seis a\u00f1os atra\u00eda inversiones de medio mundo al calor de las primas establecidas por el Ejecutivo anterior? La transici\u00f3n energ\u00e9tica encuentra a nuestro pa\u00eds con el paso cambiado, las arcas p\u00fablicas vac\u00edas y el Gobierno ocupado en deshacer entuertos heredados.<\/p>\n<p>Las <a href=\"http:\/\/economia.elpais.com\/economia\/2015\/01\/09\/actualidad\/1420798977_736179.html\">demandas de los inversores<\/a> que se sienten perjudicados por los recortes aplicados a la retribuci\u00f3n de las renovables forman ya una avalancha, mientras las industrias de alto consumo energ\u00e9tico denuncian que la elevada tarifa el\u00e9ctrica espa\u00f1ola les hace poco competitivas.<\/p>\n<p>La amenaza, <a href=\"http:\/\/economia.elpais.com\/economia\/2014\/12\/23\/actualidad\/1419355000_093155.html\">luego levantada<\/a>, de la multinacional del aluminio Alcoa de cerrar sus plantas de Avil\u00e9s y A Coru\u00f1a por \u201cla imposibilidad de acceder a una energ\u00eda a precios competitivos\u201d es sintom\u00e1tica. \u201cEspa\u00f1a <a href=\"http:\/\/economia.elpais.com\/economia\/2015\/02\/02\/actualidad\/1422897729_049460.html\">tiene una de las tarifas el\u00e9ctricas m\u00e1s caras de Europa<\/a> y eso sin tener en cuenta el enorme d\u00e9ficit tarifario\u201d, destaca Natalia Fabra, profesora de Econom\u00eda en la <a href=\"http:\/\/www.uc3m.es\/Inicio\">Universidad Carlos III<\/a>.<\/p>\n<p>El Gobierno da por cumplido el objetivo de congelar la escalada de precios de la electricidad, que entre 2002 y 2012 tuvo un incremento del 5,9% anual. Seg\u00fan el ministro de Industria y Energ\u00eda, <a href=\"http:\/\/elpais.com\/tag\/jose_manuel_soria\/a\/\">Jos\u00e9 Manuel Soria<\/a>, la nueva regulaci\u00f3n del sector el\u00e9ctrico ha conseguido que el d\u00e9ficit tarifario correspondiente a 2013 haya quedado reducido a 3.500 millones de euros \u2014frente a los 10.500 previstos\u2014. Tambi\u00e9n, dejar en cero el de 2014. Es un alivio, desde luego, que el monstruo de los 25.000 millones de d\u00e9ficit neto acumulado haya dejado de crecer.<\/p>\n<p>Vista con perspectiva, la gesti\u00f3n pol\u00edtica de las <a href=\"http:\/\/economia.elpais.com\/economia\/2014\/04\/07\/actualidad\/1396888065_742601.html\">primas a las renovables<\/a> se revela como un desastre may\u00fasculo que obligar\u00eda a preguntarse por las causas y responsabilidades. \u201cAl contrario que en la solar, en la e\u00f3lica se acert\u00f3 bastante, se aprovech\u00f3 el conocimiento de la <a href=\"http:\/\/elpais.com\/tag\/team_vestas_wind\/a\/\">danesa Vestas<\/a> para desarrollar una tecnolog\u00eda y unas industrias propias mod\u00e9licas. Las primas fueron generosas, pero la cosa funcion\u00f3.<\/p>\n<p>Hoy la producci\u00f3n e\u00f3lica es superior a la fotovoltaica y, sin embargo, se pagan m\u00e1s primas por las fotovoltaicas que por las e\u00f3licas\u201d, se\u00f1ala Jos\u00e9 Ignacio P\u00e9rez Arriaga, profesor de Regulaci\u00f3n Energ\u00e9tica en el <a href=\"http:\/\/web.mit.edu\/\" target=\"_blank\">MIT (Massachusetts Institute of Technology)<\/a>.<\/p>\n<p>\u201cM\u00e1s que en las primas, efectivamente muy generosas, el problema con las renovables es que no hubo disciplina y se permiti\u00f3 la producci\u00f3n de mucha m\u00e1s potencia de la que estaba prevista y era necesaria para cubrir la curva de aprendizaje\u201d, explica el director del <a href=\"http:\/\/www.ciemat.es\/\" target=\"_blank\">Centro de Investigaciones Energ\u00e9ticas, Medioambientales y Tecnol\u00f3gicas (CIEMAT)<\/a>, Cayetano L\u00f3pez Mart\u00ednez. \u201cLo que deb\u00eda ser un incentivo para la experimentaci\u00f3n y desarrollo de las nuevas energ\u00edas pas\u00f3 a convertirse\u201d, subraya, \u201cen un producto de inversi\u00f3n m\u00e1s y una operaci\u00f3n ruinosa para el erario p\u00fablico\u201d. Vistas <a href=\"http:\/\/economia.elpais.com\/economia\/2014\/12\/26\/actualidad\/1419621261_174042.html\">las demandas que presentan ahora contra Espa\u00f1a<\/a> los propios consorcios energ\u00e9ticos internacionales que tambi\u00e9n invirtieron en nuestras renovables, no puede decirse que hayan agradecido el esfuerzo de financiar con cargo a los consumidores pasados y futuros la \u201ccurva de aprendizaje\u201d.<\/p>\n<p>\u201cLa cuesti\u00f3n no est\u00e1 en llegar el primero a clase, sino en sacar la mejor nota. Nos precipitamos: lo que deb\u00eda haberse hecho en quince a\u00f1os se hizo en dos\u201d, alecciona Mariano Marzo, catedr\u00e1tico de Recursos Energ\u00e9ticos de la <a href=\"http:\/\/www.ub.edu\/web\/ub\/ca\/\" target=\"_blank\">Universidad de Barcelona<\/a>.<\/p>\n<p>Al igual que otros expertos, tambi\u00e9n \u00e9l cree que este es el momento propicio para promover las renovables \u2014producir un vatio fotovoltaico cuesta siete veces menos que antes\u2014, aunque especifica: \u201cSin subvenciones ni ayudas y solo las que ya son competitivas y maduras: la e\u00f3lica, la solar fotovoltaica\u2026\u201d.<\/p>\n<p>Pero el Gobierno parece volcar todos sus esfuerzos en tratar de sacar los pies del charco legal y soslayar aquellos compromisos de primas firmados para 20-25 a\u00f1os que pesan como una losa sobre el erario p\u00fablico. La pregunta es si lo conseguir\u00e1 y el problema es la inseguridad jur\u00eddica y la merma de la reputaci\u00f3n que implican los bruscos cambios de criterios de la Administraci\u00f3n espa\u00f1ola.<\/p>\n<p>\u201cEn esta materia, hay pocos pa\u00edses con tan alto grado de inseguridad jur\u00eddica; de ah\u00ed que las inversiones en e\u00f3lica y solar est\u00e9n paralizadas. Si no hubiera esa incertidumbre, estoy seguro de que esas dos renovables habr\u00edan despegado porque cada vez ser\u00e1n m\u00e1s fundamentales. Y como no tenemos un plan estrat\u00e9gico como pa\u00eds, una visi\u00f3n a largo plazo, no podemos aplicar una pol\u00edtica de transici\u00f3n energ\u00e9tica. Menos mal que estamos en la UE y al menos Bruselas nos va marcando un camino\u201d, apunta Jos\u00e9 Ignacio P\u00e9rez Arriaga.<\/p>\n<p>Nadie, entre los expertos, critica el empe\u00f1o en impedir que la espiral del d\u00e9ficit tarifario siga creciendo, pero s\u00ed la paralizaci\u00f3n y abandono de todo lo renovable. A decir de estos entendidos, la \u00fanica energ\u00eda que no necesitamos importar ha pasado a convertirse en tab\u00fa. Hay un coro de voces con experiencia y conocimiento que sostiene que, fieles a nuestra peor tradici\u00f3n, nos hemos ido de un extremo a otro, sin considerar que hay industrias de \u00e9xito y con futuro.<\/p>\n<p>En las discusiones del Plan de Energ\u00eda Estrat\u00e9gica para Europa (SEP Plan) en las que se fijan las prioridades de desarrollo tecnol\u00f3gico industrial, algunos representantes espa\u00f1oles han mostrado desinter\u00e9s en los proyectos asociados a las renovables. Y eso que, como apunta Cayetano L\u00f3pez, ha empezado a crearse un potente sector industrial. \u201cLa mayor\u00eda de las empresas de fabricaci\u00f3n de paneles fotovoltaicos han ca\u00eddo en manos chinas, pero en la solar de concentraci\u00f3n somos los mejores del mundo, y en el campo e\u00f3lico, Gamesa, Acciona o Iberdrola son empresas muy potentes\u201d, indica.<\/p>\n<p><a class=\"posicionador\" title=\"ampliar foto\"><img loading=\"lazy\" decoding=\"async\" title=\"\" src=\"http:\/\/ep01.epimg.net\/economia\/imagenes\/2015\/03\/20\/actualidad\/1426874140_308827_1426877924_sumario_normal.jpg\" alt=\"\" width=\"300\" height=\"200\" \/><\/a><\/p>\n<div id=\"sumario_3|foto\" class=\"izquierda\">\n<div class=\"media\">\n<div class=\"foto figure\">\n<p class=\"figcaption estirar\">Un trabajador controla un cami\u00f3n durante las operaciones de carga en un pozo petrol\u00edfero en Montana (EE UU). \/ <span class=\"firma\">Daniel Acker\u00a0(Bloomberg)<\/span><\/p>\n<p class=\"figcaption estirar\">\n<\/div>\n<\/div>\n<\/div>\n<p>Es un lugar com\u00fan entre los especialistas que en Espa\u00f1a no ha habido, ni hay, una pol\u00edtica energ\u00e9tica que merezca tal nombre. He aqu\u00ed un somero muestrario de opiniones: \u201cSomos uno de los pocos pa\u00edses de la OCDE que no tiene una prospecci\u00f3n a 2040, nos limitamos a ir a remolque de la estrategia europea del 20\/20\/20\/ (20% de reducci\u00f3n de los gases de efecto invernadero; aumento hasta el 20% del peso de las renovables en la energ\u00eda total; mejora en un 20% de la eficiencia energ\u00e9tica) establecida para el a\u00f1o 2020 y que dif\u00edcilmente vamos a cumplir\u201d (\u2026) \u201cLo alucinante es que la pol\u00edtica energ\u00e9tica no est\u00e1 dise\u00f1ada para la reducci\u00f3n del coste de la factura de abastecimiento, de la dependencia y de las emisiones\u201d (\u2026) \u201cNadie sabe qu\u00e9 <em>mix<\/em> energ\u00e9tico (combinaci\u00f3n de energ\u00edas) pretende nuestro pa\u00eds\u201d (\u2026) \u201cPol\u00edtica energ\u00e9tica es pensar en el transporte de mercanc\u00edas y en las viviendas, y resulta que en los \u00faltimos tiempos hemos construido cinco millones de viviendas sin el adecuado aislamiento t\u00e9rmico\u201d (\u2026) \u201cEl transporte se lleva el 31% del consumo energ\u00e9tico y el 70% del combustible se quema en la ciudad. \u00bfQu\u00e9 pasa con la peatonalizaci\u00f3n, la bici, el coche el\u00e9ctrico? En Alemania, el ferrocarril se usa tres veces m\u00e1s que en Espa\u00f1a\u201d (\u2026)<\/p>\n<p>\u201cHay que disminuir la dependencia del petr\u00f3leo, ir a la electrificaci\u00f3n de ferrocarriles, trenes y autobuses y decidir qu\u00e9 hacer con las nucleares porque, si vamos a seguir contando con ellas, habr\u00eda que invertir ya en su renovaci\u00f3n. No vaya a ocurrirnos como a Alemania, que ha cerrado sus nucleares y tiene que volver al carb\u00f3n, con toda su carga contaminante\u201d.<\/p>\n<p>Plantear un pacto de Estado sobre la energ\u00eda sigue siendo un brindis al sol, pese a que la catarsis que est\u00e1 teniendo lugar dejar\u00e1 poco margen de decisi\u00f3n sobre cuestiones como las prospecciones marinas de yacimientos de petr\u00f3leo y gas y la aplicaci\u00f3n del <em>fracking<\/em> que enfrentan hoy a los dos grandes partidos pol\u00edticos. En el libro blanco sobre pol\u00edtica energ\u00e9tica que elabor\u00f3 por encargo gubernamental, en 2005, Jos\u00e9 Ignacio P\u00e9rez Arriaga pon\u00eda el \u00e9nfasis en la necesidad de que la pol\u00edtica energ\u00e9tica fuera consensuada.<\/p>\n<p>\u201cLas inversiones en energ\u00eda son costosas y para muchos a\u00f1os. No puede ser que un Gobierno apueste por lo nuclear o se comprometa a pagar por las renovables y el siguiente no. Les recomend\u00e9 que la pol\u00edtica energ\u00e9tica estuviera en manos de expertos y no de simpatizantes o militantes del partido en el poder de turno, pero no me hicieron caso. Los Gobiernos de distinto signo no han hecho nada para evitar que el d\u00e9ficit tarifario crezca y crezca. Optaron por echarse las culpas unos a otros y solo han reaccionado cuando se han visto en la boca del lobo\u201d, afirma.<\/p>\n<p>Por coyuntural que resulte, el desplome del precio del barril de <em>brent<\/em> acarrear\u00e1, previsiblemente, un aumento del consumo de los hidrocarburos, y cabe preguntarse si el Gobierno no deber\u00eda aumentar los impuestos sobre la gasolina para reducir el incremento del consumo e invertir ese dinero en la transici\u00f3n energ\u00e9tica. Natalia Fabra cree que s\u00ed. \u201cLos precios del petr\u00f3leo son vol\u00e1tiles e imprevisibles.<\/p>\n<p>Hay que liberar a la tarifa el\u00e9ctrica de las excesivas retribuciones a las nucleares y las hidroel\u00e9ctricas, aumentar el peso de las renovables en el <em>mix<\/em> energ\u00e9tico, buscar la eficiencia y dotarse de una estrategia como la que tienen Alemania, Francia, Reino Unido\u2026\u201d. A eso, el catedr\u00e1tico Mariano Marzo le a\u00f1ade un punto de pedagog\u00eda general.<\/p>\n<p>\u201cLa gente tiene que entender que la energ\u00eda no es solo una cuesti\u00f3n de dinero, ni una mercanc\u00eda m\u00e1s; tiene que comprender que es un bien escaso y de importancia capital, que es poder y la base misma de la sociedad del bienestar\u201d, enfatiza. Dice que volveremos a los tiempos del \u201cni\u00f1o, apaga la luz\u201d y que tener coche o segunda residencia ser\u00e1 un lujo.<\/p>\n<p>\u201cO Espa\u00f1a elabora su propia pol\u00edtica o se la impondr\u00e1n desde fuera\u201d, asegura Emiliano L\u00f3pez Atxurra, presidente de la c\u00e1tedra de energ\u00eda del <a href=\"http:\/\/www.orkestra.deusto.es\/index.php\/es\/\" target=\"_blank\">Instituto Vasco de Competitividad<\/a>. \u201cPol\u00edtica energ\u00e9tica\u201d, subraya, \u201ces integrarse en el proyecto del eje franco-alem\u00e1n que busca el renacimiento tecnol\u00f3gico e industrial europeo sobre la base de la innovaci\u00f3n y la eficiencia energ\u00e9tica.<\/p>\n<p>Hay que considerar a la energ\u00eda como motor industrial y tecnol\u00f3gico. Si Europa no quiere perder el paso, deber\u00e1 refundarse sobre una pol\u00edtica energ\u00e9tica y hacer que sus empresas de bienes el\u00e9ctricos vayan a procesos de integraci\u00f3n y adquieran m\u00fasculo\u201d. L\u00f3pez Atxurra piensa que el foco de lo imprescindible se desplaza a lo tecnol\u00f3gico industrial, como lo demostrar\u00eda la sustituci\u00f3n de directivos financieros por industriales en las c\u00fapulas de los grandes consorcios energ\u00e9ticos. \u201cLos centros tecnol\u00f3gicos y las industrias energ\u00e9ticas tienen que ir de la mano\u201d, sostiene.<\/p>\n<p>La otra buena noticia es que Europa va a apoyar los esfuerzos espa\u00f1oles para dejar de ser una isla energ\u00e9tica y reforzar sus interconexiones de electricidad y gas con el continente. Eso le permitir\u00e1 comercializar sus excedentes de producci\u00f3n el\u00e9ctrica y aprovechar sus poderosas instalaciones de ciclos combinados de gas. Precisamente, en febrero pasado <a href=\"http:\/\/www.google.es\/url?sa=t&amp;rct=j&amp;q=&amp;esrc=s&amp;source=web&amp;cd=3&amp;ved=0CC4QFjAC&amp;url=http%3A%2F%2Feconomia.elpais.com%2Feconomia%2F2015%2F02%2F06%2Factualidad%2F1423255623_131343.html&amp;ei=kmsMVdOUEMfiU_SKhIAL&amp;usg=AFQjCNGZtLAlp_473ZOGU_2t193DaJQoAQ&amp;sig2=0Uqc5MiucD5tDxiTAIw__g&amp;bvm=bv.88528373,d.d24\">se inaugur\u00f3 una nueva conexi\u00f3n el\u00e9ctrica con Francia<\/a>, que estar\u00e1 en periodo de pruebas hasta junio. Esta permitir\u00e1 duplicar la capacidad de intercambio entre ambos pa\u00edses, de 1.400 a 2.800 megavatios (MW), o, lo que es lo mismo, del 3% actual de la demanda al 6%.<\/p>\n<p>Con sus fortalezas y miserias, Espa\u00f1a no puede desconectarse del proceso de transici\u00f3n energ\u00e9tica que cambiar\u00e1 nuestras vidas.<\/p>\n<\/div>\n","protected":false},"excerpt":{"rendered":"<p>La ca\u00edda del crudo obliga a replantear los equilibrios geoestrat\u00e9gicos mundiales y abre la puerta a reducir la dependencia de los combustibles f\u00f3siles.<\/p>\n","protected":false},"author":5842,"featured_media":0,"comment_status":"open","ping_status":"open","sticky":false,"template":"","format":"standard","meta":{"footnotes":""},"categories":[24],"tags":[],"class_list":["post-460840","post","type-post","status-publish","format-standard","hentry","category-mundo"],"_links":{"self":[{"href":"https:\/\/diarioelpopular.com\/index.php\/wp-json\/wp\/v2\/posts\/460840","targetHints":{"allow":["GET"]}}],"collection":[{"href":"https:\/\/diarioelpopular.com\/index.php\/wp-json\/wp\/v2\/posts"}],"about":[{"href":"https:\/\/diarioelpopular.com\/index.php\/wp-json\/wp\/v2\/types\/post"}],"author":[{"embeddable":true,"href":"https:\/\/diarioelpopular.com\/index.php\/wp-json\/wp\/v2\/users\/5842"}],"replies":[{"embeddable":true,"href":"https:\/\/diarioelpopular.com\/index.php\/wp-json\/wp\/v2\/comments?post=460840"}],"version-history":[{"count":1,"href":"https:\/\/diarioelpopular.com\/index.php\/wp-json\/wp\/v2\/posts\/460840\/revisions"}],"predecessor-version":[{"id":460842,"href":"https:\/\/diarioelpopular.com\/index.php\/wp-json\/wp\/v2\/posts\/460840\/revisions\/460842"}],"wp:attachment":[{"href":"https:\/\/diarioelpopular.com\/index.php\/wp-json\/wp\/v2\/media?parent=460840"}],"wp:term":[{"taxonomy":"category","embeddable":true,"href":"https:\/\/diarioelpopular.com\/index.php\/wp-json\/wp\/v2\/categories?post=460840"},{"taxonomy":"post_tag","embeddable":true,"href":"https:\/\/diarioelpopular.com\/index.php\/wp-json\/wp\/v2\/tags?post=460840"}],"curies":[{"name":"wp","href":"https:\/\/api.w.org\/{rel}","templated":true}]}}