{"id":460857,"date":"2015-03-23T18:54:16","date_gmt":"2015-03-23T22:54:16","guid":{"rendered":"http:\/\/diarioelpopular.com\/?p=460857"},"modified":"2015-03-23T18:54:24","modified_gmt":"2015-03-23T22:54:24","slug":"simeone-amplia-su-contrato-con-el-atletico-de-madrid-hasta-2020","status":"publish","type":"post","link":"https:\/\/diarioelpopular.com\/index.php\/2015\/03\/23\/simeone-amplia-su-contrato-con-el-atletico-de-madrid-hasta-2020\/","title":{"rendered":"Simeone ampl\u00eda su contrato con el Atl\u00e9tico de Madrid hasta 2020"},"content":{"rendered":"<div id=\"attachment_460858\" style=\"width: 570px\" class=\"wp-caption aligncenter\"><a href=\"https:\/\/diarioelpopular.com\/wp-content\/uploads\/2015\/03\/1427150766_737088_1427150881_noticia_normal.jpg\"><img loading=\"lazy\" decoding=\"async\" aria-describedby=\"caption-attachment-460858\" class=\"size-full wp-image-460858\" src=\"https:\/\/diarioelpopular.com\/wp-content\/uploads\/2015\/03\/1427150766_737088_1427150881_noticia_normal.jpg\" alt=\"Simeone, en un partido con el Atl\u00e9tico.\" width=\"560\" height=\"387\" \/><\/a><p id=\"caption-attachment-460858\" class=\"wp-caption-text\">Simeone, en un partido con el Atl\u00e9tico.<\/p><\/div>\n<p style=\"color: #333333\">Diego Pablo Simeone firmar\u00e1 el martes la ampliaci\u00f3n de contrato que le unir\u00e1 al Atl\u00e9tico de Madrid hasta 2020. El t\u00e9cnico argentino ten\u00eda firmado hasta 2017, pero el haberse convertido en el mejor entrenador de la historia del club en los casi cuatros que lleva ya al frente han propiciado esta prolongaci\u00f3n.<\/p>\n<p style=\"color: #333333\">Natalia Simeone, hermana del entrenador rojiblanco, lleva negociando con el m\u00e1ximo accionista del club, Miguel \u00c1ngel Gil, desde hace varias semanas. El acuerdo qued\u00f3 perfilado en la noche del lunes y\u00a0 Simeone ver\u00e1 incrementado sus emolumentos de siete millones de euros brutos a cerca de once. La mejora de contrato tambi\u00e9n incluye a todo su cuerpo t\u00e9cnico con Germ\u00e1n Burgos y el preparador f\u00edsico \u00d3scar Ortega a la cabeza.<\/p>\n<p style=\"color: #333333\">La intenci\u00f3n del club es anunciar el martes de manera oficial el acuerdo y presentarlo con Simeone en el Vicente Calder\u00f3n antes de que el t\u00e9cnico viaje a Argentina para pasar unos d\u00edas aprovechando el par\u00f3n por los partidos internacionales de selecciones.<\/p>\n","protected":false},"excerpt":{"rendered":"<p>El club colchonero anunciar\u00e1 este martes a las 13.00 el acuerdo<\/p>\n","protected":false},"author":5842,"featured_media":0,"comment_status":"open","ping_status":"open","sticky":false,"template":"","format":"standard","meta":{"footnotes":""},"categories":[28],"tags":[],"class_list":["post-460857","post","type-post","status-publish","format-standard","hentry","category-deportes"],"_links":{"self":[{"href":"https:\/\/diarioelpopular.com\/index.php\/wp-json\/wp\/v2\/posts\/460857","targetHints":{"allow":["GET"]}}],"collection":[{"href":"https:\/\/diarioelpopular.com\/index.php\/wp-json\/wp\/v2\/posts"}],"about":[{"href":"https:\/\/diarioelpopular.com\/index.php\/wp-json\/wp\/v2\/types\/post"}],"author":[{"embeddable":true,"href":"https:\/\/diarioelpopular.com\/index.php\/wp-json\/wp\/v2\/users\/5842"}],"replies":[{"embeddable":true,"href":"https:\/\/diarioelpopular.com\/index.php\/wp-json\/wp\/v2\/comments?post=460857"}],"version-history":[{"count":1,"href":"https:\/\/diarioelpopular.com\/index.php\/wp-json\/wp\/v2\/posts\/460857\/revisions"}],"predecessor-version":[{"id":460859,"href":"https:\/\/diarioelpopular.com\/index.php\/wp-json\/wp\/v2\/posts\/460857\/revisions\/460859"}],"wp:attachment":[{"href":"https:\/\/diarioelpopular.com\/index.php\/wp-json\/wp\/v2\/media?parent=460857"}],"wp:term":[{"taxonomy":"category","embeddable":true,"href":"https:\/\/diarioelpopular.com\/index.php\/wp-json\/wp\/v2\/categories?post=460857"},{"taxonomy":"post_tag","embeddable":true,"href":"https:\/\/diarioelpopular.com\/index.php\/wp-json\/wp\/v2\/tags?post=460857"}],"curies":[{"name":"wp","href":"https:\/\/api.w.org\/{rel}","templated":true}]}}