{"id":460860,"date":"2015-03-23T18:58:15","date_gmt":"2015-03-23T22:58:15","guid":{"rendered":"http:\/\/diarioelpopular.com\/?p=460860"},"modified":"2015-03-23T18:58:21","modified_gmt":"2015-03-23T22:58:21","slug":"el-fiscal-pide-carcel-para-bartomeu-y-rosell-por-el-caso-neymar","status":"publish","type":"post","link":"https:\/\/diarioelpopular.com\/index.php\/2015\/03\/23\/el-fiscal-pide-carcel-para-bartomeu-y-rosell-por-el-caso-neymar\/","title":{"rendered":"El fiscal pide c\u00e1rcel para Bartomeu y Rosell por el \u2018caso Neymar\u2019"},"content":{"rendered":"<div id=\"attachment_460861\" style=\"width: 570px\" class=\"wp-caption aligncenter\"><a href=\"https:\/\/diarioelpopular.com\/wp-content\/uploads\/2015\/03\/1427110331_607225_1427139523_noticia_normal.jpg\"><img loading=\"lazy\" decoding=\"async\" aria-describedby=\"caption-attachment-460861\" class=\"size-full wp-image-460861\" src=\"https:\/\/diarioelpopular.com\/wp-content\/uploads\/2015\/03\/1427110331_607225_1427139523_noticia_normal.jpg\" alt=\"El presidente del Barcelona, Josep Maria Bartomeu, en una comparecencia p\u00fablica el 7 de enero.\" width=\"560\" height=\"373\" \/><\/a><p id=\"caption-attachment-460861\" class=\"wp-caption-text\">El presidente del Barcelona, Josep Maria Bartomeu, en una comparecencia p\u00fablica el 7 de enero.<\/p><\/div>\n<p style=\"color: #333333\">El fiscal de la Audiencia Nacional Jos\u00e9 Perals ha solicitado hoy dos a\u00f1os y tres meses de prisi\u00f3n y 3,83 millones de euros de multa para el actual presidente del FC Barcelona, Josep Maria Bartomeu, y m\u00e1s de siete a\u00f1os de c\u00e1rcel y 25,15 millones de sanci\u00f3n para su antecesor, Sandro Rosell,\u00a0<a style=\"color: #016ca2\" href=\"http:\/\/elpais.com\/tag\/caso_neymar\/a\/\">por delitos fiscales y societarios en la contrataci\u00f3n del jugador Neymar<\/a>. Tambi\u00e9n una multa de 22,2 millones de euros para la entidad blaugrana, imputada como persona jur\u00eddica. Adem\u00e1s, como responsabilidad civil, el ministerio p\u00fablico reclama 9,55 millones de euros para Rosell y el club solidariamente y 1,9 para Bartomeu y la entidad conjuntamente, seg\u00fan el escrito de acusaci\u00f3n. Entre multas e indemnizaciones, los dirigentes y el club l\u00edder de la Liga se enfrentan a tener que abonar un total de 62,66 millones de euros. El coste del futbolista, impuestos incluidos, fue de 94,8 millones.<\/p>\n<p style=\"color: #333333\">El fiscal relata en su escrito los mismos hechos que expuso el juez Pablo Ruz en el auto del pasado 13 de marzo por el que\u00a0<a style=\"color: #016ca2\" href=\"http:\/\/deportes.elpais.com\/deportes\/2015\/03\/13\/actualidad\/1426244967_459588.html\">abr\u00eda juicio oral a Bartomeu, Rosell y al propio club como persona jur\u00eddica<\/a>. El escrito describe y desgrana el entramado de contratos que ambos directivos construyeron\u00a0<a style=\"color: #016ca2\" href=\"http:\/\/deportes.elpais.com\/deportes\/2013\/05\/25\/actualidad\/1369506693_485570.html\">para fichar a Neymar<\/a>\u00a0y presentarlo ante los socios en 2013 por un coste por debajo del real.\u00a0El auto de Ruz cerraba la investigaci\u00f3n abierta en diciembre de 2013 tras la denuncia del socio Jordi Cases y sigue las diligencias por los tr\u00e1mites del \u201cprocedimiento abreviado\u201d. Este paso judicial es equivalente al auto de procesamiento. La actuaci\u00f3n afecta tambi\u00e9n al propio FC Barcelona, que sigue imputado en la causa como persona jur\u00eddica.<\/p>\n<p style=\"color: #333333\">El magistrado instructor, tras recibir informes de la Agencia Tributaria y estudiar los 13 contratos de 2011 y 2013 que ligan al delantero brasile\u00f1o con el Bar\u00e7a, entiende que hay indicios para juzgar a Rosell y Bartomeu por defraudar al fisco cerca de 13 millones de euros. Ruz cifra en 83,37 millones de euros el coste real del jugador, antes de impuestos, frente a los 57,1 que declar\u00f3 Rosell a la Asamblea de socios en octubre de 2013, 40 en concepto de ficha y el resto en pago al Santos, club de procedencia del jugador, por el traspaso.<\/p>\n<p style=\"color: #333333\">Los 13\u00a0<a style=\"color: #016ca2\" href=\"http:\/\/deportes.elpais.com\/deportes\/2015\/02\/13\/actualidad\/1423819844_378977.html\">contratos celebrados entre el Bar\u00e7a, el Santos y la empresa del padre y representante del jugador<\/a>\u00a0\u2014por conceptos tales como ojeo de jugadores, partidos amistosos o incluso \u201cpr\u00e9stamos\u201d al jugador\u2014 esconden, seg\u00fan el juez y tambi\u00e9n seg\u00fan el fiscal, el montante de la contrataci\u00f3n de Neymar. Y, por lo tanto, se trata de ingresos laborales del jugador sujetos a retenci\u00f3n fiscal que debi\u00f3 practicar y no practic\u00f3 el club.<\/p>\n<p style=\"color: #333333\">Las principales defraudaciones, en t\u00e9rminos cuantitativos, se produjeron en 2011 \u2014en total 2,4 millones de euros\u2014 y en 2013 \u20146,78 millones\u2014. En esta \u00e9poca el club estaba presidido por Rosell. El 30 de enero de 2014, una semana despu\u00e9s de que\u00a0<a style=\"color: #016ca2\" href=\"http:\/\/deportes.elpais.com\/deportes\/2014\/01\/23\/actualidad\/1390482030_022243.html\">Rosell dimitiera<\/a>\u00a0y Bartomeu asumiera el cargo, algunos de los contratos firmados en la \u00e9poca anterior cobraron vigencia y provocaron un fraude fiscal de 3,84 millones.En el caso de Bartomeu, el fiscal pide menos pena de prisi\u00f3n al entender que existe una atenuante de reparaci\u00f3n del da\u00f1o por la declaraci\u00f3n tributaria extempor\u00e1nea que el club realiz\u00f3 en septiembre de 2014 y por la que abon\u00f3 10,3 millones por la cuota no ingresada en 2013 y 3,198 millones en otros conceptos que no especific\u00f3.<\/p>\n<p style=\"color: #333333\">En su escrito, el fiscal pide que se requiera a la auditora Deloitte para que &#8220;identifique a los profesionales que trabajaron en las auditor\u00edas contables del FC Barcelona&#8221; entre las temporadas 2011 y 2013 para que &#8220;sean citados como testigos en el juicio oral&#8221;.<\/p>\n<h2 style=\"color: #30302b\">Los hitos del caso<\/h2>\n<p style=\"color: #30302b\"><strong>3 de junio de 2013<\/strong>. El Barcelona presenta oficialmente a Neymar.<\/p>\n<p style=\"color: #30302b\"><strong>18 de diciembre de 2013<\/strong>. La Audiencia Nacional comienza a investigar el fichaje del brasile\u00f1o.<\/p>\n<p style=\"color: #30302b\"><strong>23 de enero de 2014<\/strong>. Sandro Rosell dimite como presidente. Le sustituye Josep Maria Bartomeu.<\/p>\n<p style=\"color: #30302b\"><strong>13 de marzo de 2015<\/strong>. El juez Ruz decide procesar a Rosell y Bartomeu en su auto.<\/p>\n<h2>\u201cUna gran injusticia\u201d<\/h2>\n<p class=\"autor\" style=\"font-weight: bold\">JUAN I. IRIGOYEN<\/p>\n<div class=\"izquierda\" style=\"color: #333333\">\n<div class=\"media\">\n<div class=\"foto figure\"><a class=\"posicionador\" style=\"color: #016ca2\" title=\"ampliar foto\"><img loading=\"lazy\" decoding=\"async\" title=\"\" src=\"http:\/\/ep01.epimg.net\/deportes\/imagenes\/2015\/03\/23\/actualidad\/1427110331_607225_1427142469_sumario_normal.jpg\" alt=\"\" width=\"300\" height=\"169\" \/><span id=\"capaAmpliarFotoReposo_pultimo\" class=\"ampliar_foto reposo\"><\/span><\/a><\/p>\n<p class=\"figcaption estirar\" style=\"color: #888888\">Ramon Cierco.<\/p>\n<p class=\"figcaption estirar\" style=\"color: #888888\">\n<\/div>\n<\/div>\n<\/div>\n<p>Aunque se preve\u00edan duras, las peticiones formuladas por el fiscal de la Audiencia Nacional se consideran \u201cdesproporcionadas\u201d en el Barcelona. La directiva, reunida ayer, emiti\u00f3 un comunicado para reiterar su desacuerdo con Jos\u00e9 Perals. \u201cTanto el club como su presidente reiteran su total inocencia\u201d en un \u201casunto \u00fanicamente tributario y no penal, cuyas discrepancias jur\u00eddicas se deben dirimir en la sede administrativa, no en la Audiencia\u201d, se lee en la nota. El comunicado cita tambi\u00e9n a fuentes jur\u00eddicas para considerar el proceso como \u201cimpropio\u201d y de \u201cuna gran injusticia\u201d.<\/p>\n<p>El consejo azulgrana se siente impotente en su intento de reconducir un contencioso que ha provocado mucho desgaste institucional \u2014incluso tuvo su incidencia en la dimisi\u00f3n de Sandro Rosell\u2014 y que en contrapartida empieza a generar en algunos sectores barcelonistas un movimiento de solidaridad con el presidente Josep Maria Bartomeu.<\/p>\n<p>\u201cTodo va muy r\u00e1pido en la Audiencia\u201d, afirm\u00f3 el presidente, despu\u00e9s del cl\u00e1sico, sin saber todav\u00eda el escrito de la acusaci\u00f3n, cuando fue preguntado por el\u00a0<em>caso Neymar:<\/em>\u00a0\u201cNunca se hab\u00eda visto tanta celeridad\u201d. Bartomeu, de todas maneras, mantiene su intenci\u00f3n de presentarse a las elecciones todav\u00eda no convocadas para el pr\u00f3ximo verano.<\/p>\n<p>Alg\u00fan directivo expres\u00f3 tambi\u00e9n su contrariedad porque las noticias procedentes de la Audiencia llegan \u201ccon puntualidad\u201d despu\u00e9s de \u201ccada victoria importante\u201d del Bar\u00e7a. \u201cLos errores que se hayan podido cometer, que los hay\u201d, comentaron las mismas fuentes \u201cno justifican para nada la petici\u00f3n del fiscal que me parece excesiva y grave\u201d.<\/p>\n<p>La junta tambi\u00e9n trat\u00f3 en su reuni\u00f3n de ayer la situaci\u00f3n del directivo Ramon Cierco, uno de los propietarios destituidos de la Banca Privada de Andorra. Cierco ha renunciado temporalmente y a trav\u00e9s de una carta a sus responsabilidades en el f\u00fatbol base y en la Fundaci\u00f3n mientras dure el proceso abierto. El consejo le ha liberado de sus funciones y le mantiene como vocal, un caso que tambi\u00e9n se da en Toni Freixa, exsecretario y exportavoz, que aspira a presentarse en las pr\u00f3ximas elecciones.<\/p>\n<p>Bartomeu no ha podido mantener la unidad que tuvo el consejo durante el mandato de Rosell. Aunque ambos son muy amigos, su manera de proceder es distinta, cosa que se ha constatado en el nuevo organigrama del club despu\u00e9s de la salida del director general, Antoni Rossich y del director deportivo Andoni Zubizarreta.<\/p>\n<p>Al club, por otra parte, se le ha abierto un nuevo frente despu\u00e9s de que el entrenador del equipo cadete de La Floresta denunciara ayer en Catalunya R\u00e0dio a Jordi Roura, responsable del f\u00fatbol base del Bar\u00e7a. El t\u00e9cnico asegura que Roura llam\u00f3 \u201cpayaso\u201d e \u201cimpresentable\u201d al portero suplente de La Floresta, acusaciones que el denunciado neg\u00f3 de forma oficiosa.<\/p>\n<p>El Bar\u00e7a reiter\u00f3 adem\u00e1s su petici\u00f3n de que la final de la Copa del Rey se dispute en el Bernab\u00e9u.<\/p>\n","protected":false},"excerpt":{"rendered":"<p>El ministerio p\u00fablico reclama dos a\u00f1os y tres meses de prisi\u00f3n para el presidente del Barcelona y siete a\u00f1os y medio para su antecesor por delitos fiscales y societarios<\/p>\n","protected":false},"author":5842,"featured_media":0,"comment_status":"open","ping_status":"open","sticky":false,"template":"","format":"standard","meta":{"footnotes":""},"categories":[28],"tags":[],"class_list":["post-460860","post","type-post","status-publish","format-standard","hentry","category-deportes"],"_links":{"self":[{"href":"https:\/\/diarioelpopular.com\/index.php\/wp-json\/wp\/v2\/posts\/460860","targetHints":{"allow":["GET"]}}],"collection":[{"href":"https:\/\/diarioelpopular.com\/index.php\/wp-json\/wp\/v2\/posts"}],"about":[{"href":"https:\/\/diarioelpopular.com\/index.php\/wp-json\/wp\/v2\/types\/post"}],"author":[{"embeddable":true,"href":"https:\/\/diarioelpopular.com\/index.php\/wp-json\/wp\/v2\/users\/5842"}],"replies":[{"embeddable":true,"href":"https:\/\/diarioelpopular.com\/index.php\/wp-json\/wp\/v2\/comments?post=460860"}],"version-history":[{"count":1,"href":"https:\/\/diarioelpopular.com\/index.php\/wp-json\/wp\/v2\/posts\/460860\/revisions"}],"predecessor-version":[{"id":460862,"href":"https:\/\/diarioelpopular.com\/index.php\/wp-json\/wp\/v2\/posts\/460860\/revisions\/460862"}],"wp:attachment":[{"href":"https:\/\/diarioelpopular.com\/index.php\/wp-json\/wp\/v2\/media?parent=460860"}],"wp:term":[{"taxonomy":"category","embeddable":true,"href":"https:\/\/diarioelpopular.com\/index.php\/wp-json\/wp\/v2\/categories?post=460860"},{"taxonomy":"post_tag","embeddable":true,"href":"https:\/\/diarioelpopular.com\/index.php\/wp-json\/wp\/v2\/tags?post=460860"}],"curies":[{"name":"wp","href":"https:\/\/api.w.org\/{rel}","templated":true}]}}