{"id":460863,"date":"2015-03-23T19:01:13","date_gmt":"2015-03-23T23:01:13","guid":{"rendered":"http:\/\/diarioelpopular.com\/?p=460863"},"modified":"2015-03-23T19:01:18","modified_gmt":"2015-03-23T23:01:18","slug":"la-oposicion-venezolana-aplaude-la-intervencion-de-felipe-gonzalez","status":"publish","type":"post","link":"https:\/\/diarioelpopular.com\/index.php\/2015\/03\/23\/la-oposicion-venezolana-aplaude-la-intervencion-de-felipe-gonzalez\/","title":{"rendered":"La oposici\u00f3n venezolana aplaude la intervenci\u00f3n de Felipe Gonz\u00e1lez"},"content":{"rendered":"<div id=\"attachment_460865\" style=\"width: 570px\" class=\"wp-caption aligncenter\"><a href=\"https:\/\/diarioelpopular.com\/wp-content\/uploads\/2015\/03\/1427142043_854891_1427142948_noticia_normal.jpg\"><img loading=\"lazy\" decoding=\"async\" aria-describedby=\"caption-attachment-460865\" class=\"size-full wp-image-460865\" src=\"https:\/\/diarioelpopular.com\/wp-content\/uploads\/2015\/03\/1427142043_854891_1427142948_noticia_normal.jpg\" alt=\"Mar\u00eda Corina Machado, en una conferencia de prensa en diciembre. \" width=\"560\" height=\"373\" \/><\/a><p id=\"caption-attachment-460865\" class=\"wp-caption-text\">Mar\u00eda Corina Machado, en una conferencia de prensa en diciembre.<\/p><\/div>\n<p style=\"color: #333333\"><strong><em>CARACAS.-<\/em><\/strong> La oposici\u00f3n venezolana salud\u00f3 este lunes con entusiasmo el anuncio de que el expresidente espa\u00f1ol Felipe Gonz\u00e1lez se apresta a<a style=\"color: #016ca2\" href=\"http:\/\/internacional.elpais.com\/internacional\/2015\/03\/22\/actualidad\/1427054440_761334.html\" target=\"_blank\">participar en la defensa de Leopoldo L\u00f3pez y Antonio Ledezma<\/a>, dos de sus l\u00edderes, que permanecen en prisi\u00f3n. Los principales portavoces de la oposici\u00f3n calificaron la decisi\u00f3n de Gonz\u00e1lez como un indicio del renovado inter\u00e9s de la comunidad internacional por la crisis del pa\u00eds sudamericano, que este lunes vivi\u00f3 un nuevo episodio. Una de las hijas de Ledezma fue retenida en el aeropuerto internacional de Maiquetia por un registro antidroga. Pese a la confusi\u00f3n inicial, y aunque se le quit\u00f3 el pasaporte, finalmente se le devolvi\u00f3 y fue liberada una hora despu\u00e9s.<\/p>\n<p style=\"color: #333333\">Para Lilian Tintori, la esposa de\u00a0<a style=\"color: #016ca2\" href=\"http:\/\/elpais.com\/tag\/leopoldo_lopez_mendoza\/a\/\" target=\"_blank\">Leopoldo L\u00f3pez<\/a>, preso desde hace m\u00e1s de un a\u00f1o en la c\u00e1rcel militar de Ramo Verde, es \u201cun honor contar con una figura de escala internacional como el expresidente<a style=\"color: #016ca2\" href=\"http:\/\/elpais.com\/tag\/felipe_gonzalez_marquez\/a\/\" target=\"_blank\">Felipe Gonz\u00e1lez<\/a>\u201d. \u201cEstamos a su espera\u201d, coment\u00f3. M\u00e1s all\u00e1, el coordinador de la Mesa de la Unidad Democr\u00e1tica, que aglutina a los distintos partidos opositores, Jes\u00fas Torrealba, considera que la decisi\u00f3n de Gonz\u00e1lez conlleva que \u201cel mundo est\u00e1 apreciando que la situaci\u00f3n en Venezuela es insostenible\u201d.<\/p>\n<p style=\"color: #333333\">El gobernador del estado de Miranda (centro de Venezuela) y dos veces candidato presidencial,\u00a0<a style=\"color: #016ca2\" href=\"http:\/\/elpais.com\/tag\/henrique_capriles\/a\/\">Henrique Capriles Radonski<\/a>, se congratul\u00f3 por la decisi\u00f3n de Gonz\u00e1lez con quien tiene, dice, &#8220;una buena amistad&#8221;. Asegura que desde hace tiempo le estaba insistiendo al expresidente, &#8220;a quien nadie puede tildar de conservador o reaccionario, para que hiciera valer sus relaciones con otras figuras importantes del escenario mundial como el expresidente Lula o el expresidente chileno Ricardo Lagos, y as\u00ed alertar sobre la situaci\u00f3n venezolana&#8221;. Capriles s\u00ed ha precisado que el rol de Gonz\u00e1lez, en todo caso, no significa que el exmandatario espa\u00f1ol vaya a ejercer la defensa de L\u00f3pez y Ledezma en un tribunal, &#8220;sino que llevar\u00e1 el caso a todas las instancias y servir\u00e1 de portavoz para la causa&#8221;.<\/p>\n<p style=\"color: #333333\">Por su parte, la exdiputada Mar\u00eda Corina Machado asegur\u00f3 que el hecho de que Felipe Gonz\u00e1lez haya asumido la causa \u201cdemuestra hasta qu\u00e9 punto est\u00e1 cambiando la percepci\u00f3n de la crisis en la comunidad internacional\u201d. \u201cHoy somos conscientes de que contamos con los dem\u00f3cratas espa\u00f1oles. Leopoldo L\u00f3pez,\u00a0<a style=\"color: #016ca2\" href=\"http:\/\/elpais.com\/tag\/antonio_ledezma\/a\/\" target=\"_blank\">Antonio Ledezma<\/a>, Daniel Ceballos y todos los presos pol\u00edticos no representan solo a una parte de la sociedad, sino a las luchas de un pueblo que est\u00e1 enfrentando una dictadura con nexos con el crimen organizado. Nuestro m\u00e1s profundo agradecimiento hacia \u00e9l\u201d, a\u00f1adi\u00f3 Machado.<\/p>\n<p style=\"color: #333333\">\u201cEl significado de la figura de Felipe Gonz\u00e1lez para Venezuela no es menor. Conocemos su larga relaci\u00f3n y estrecha amistad con los dem\u00f3cratas de este pa\u00eds y su papel crucial en la transici\u00f3n espa\u00f1ola, sus luchas por los derechos humanos y la democracia\u201d, continu\u00f3.<\/p>\n<p style=\"color: #333333\">La decisi\u00f3n de Gonz\u00e1lez recibi\u00f3 el respaldo de diversos l\u00edderes latinoamericanos. \u201cApoyo por completo\u00a0<a style=\"color: #016ca2\" href=\"http:\/\/politica.elpais.com\/politica\/2015\/03\/23\/actualidad\/1427112645_130675.html\" target=\"_blank\">la iniciativa de Felipe Gonz\u00e1lez<\/a>\u00a0de asumir la defensa de Leopoldo L\u00f3pez y del alcalde Ledezma\u201d, asegur\u00f3 el expresidente brasile\u00f1o Fernando Henrique Cardoso: \u201cYa ha llegado el tiempo para que las voces democr\u00e1ticas y especialmente los Gobiernos democr\u00e1ticos de Am\u00e9rica Latina protesten contra los abusos practicados por el Gobierno de Venezuela.<\/p>\n<p style=\"color: #333333\">La falta de respeto a los derechos humanos de las v\u00edctimas constituye una afrenta pol\u00edtica para todos\u201d, a\u00f1adi\u00f3. Cardoso recalc\u00f3 que los l\u00edderes presos son \u201cluchadores pac\u00edficos en pro de lo que ellos consideran lo mejor para su pa\u00eds, con el agravante de que uno ha sido elegido por el voto del pueblo y el otro es el l\u00edder nacional de su partido. Los que amamos las libertades democr\u00e1ticas no podemos callar. Es hora de que se haga justicia en\u00a0<a style=\"color: #016ca2\" href=\"http:\/\/elpais.com\/tag\/venezuela\/a\/\" target=\"_blank\">Venezuela<\/a>\u00a0con la liberaci\u00f3n de L\u00f3pez y de Ledezma, as\u00ed como la de las otras v\u00edctimas de la intolerancia antidemocr\u00e1tica\u201d, concluy\u00f3&#8221;.<\/p>\n<p style=\"color: #333333\">El exmandatario chileno\u00a0<a style=\"color: #016ca2\" href=\"http:\/\/elpais.com\/tag\/ricardo_lagos\/a\/\" target=\"_blank\">Ricardo Lagos<\/a>\u00a0tambi\u00e9n aplaudi\u00f3 la decisi\u00f3n de Felipe Gonz\u00e1lez. \u201cVa en la l\u00ednea y en consecuencia con lo que ha sido su vida hace ya muchos a\u00f1os\u201d, enfatiz\u00f3 Lagos, miembro del Club de Madrid, quien record\u00f3: \u201cEn 1977 Felipe Gonz\u00e1lez lleg\u00f3 a Chile para interceder por dos presos pol\u00edticos de\u00a0<a style=\"color: #016ca2\" href=\"http:\/\/elpais.com\/tag\/augusto_pinochet\/a\/\" target=\"_blank\">Augusto Pinochet<\/a>, Erick Schnake y Carlos Lazo. Fue una visita exitosa. Ahora, tantos a\u00f1os despu\u00e9s, ante una situaci\u00f3n compleja y dif\u00edcil como la de Venezuela, donde la soluci\u00f3n tiene que ser pol\u00edtica, Felipe Gonz\u00e1lez de nuevo emprende el camino. Le deseamos \u00e9xito\u201d, a\u00f1adi\u00f3 Lagos.<\/p>\n<p style=\"color: #333333\">Tambi\u00e9n se pronunci\u00f3 el secretario general saliente de la<a style=\"color: #016ca2\" href=\"http:\/\/elpais.com\/tag\/oea_organizacion_estados_americanos\/a\/\" target=\"_blank\">Organizaci\u00f3n de Estados Americanos<\/a>\u00a0(OEA), el chileno Jos\u00e9 Miguel Insulza: \u201cCreo que ser\u00eda bueno para el di\u00e1logo y la reconciliaci\u00f3n en Venezuela que L\u00f3pez y otros detenidos sean juzgados en libertad\u201d, coment\u00f3, en l\u00ednea con el Departamento de Estado del Gobierno de Estados Unidos, que record\u00f3 que ha pedido al venezolano que proporcione a todos los detenidos, \u201cincluidos L\u00f3pez y Ledezma, las protecciones legales y juicios justos a los que tienen derecho\u201d.<\/p>\n<p style=\"color: #333333\">El tambi\u00e9n expresidente chileno\u00a0<a style=\"color: #016ca2\" href=\"http:\/\/elpais.com\/tag\/sebastian_pinera\/a\/\" target=\"_blank\">Sebasti\u00e1n Pi\u00f1era<\/a>\u00a0celebr\u00f3 la noticia: \u201cFelipe Gonz\u00e1lez va a contribuir a prender la luz para que el mundo pueda enterarse de la grave y profunda crisis que enfrenta Venezuela. Adem\u00e1s, su participaci\u00f3n ser\u00e1 un incentivo para que este silencio, indiferencia o complicidad con que muchos Gobiernos han enfrentado la crisis de Venezuela, empiece a terminar\u201d. Pi\u00f1era junto al expresidente de Colombia\u00a0<a style=\"color: #016ca2\" href=\"http:\/\/elpais.com\/tag\/andres_pastrana\/a\/\" target=\"_blank\">Andr\u00e9s Pastrana<\/a>\u00a0viaj\u00f3 en enero a Caracas para visitar en la c\u00e1rcel al l\u00edder opositor Leopoldo L\u00f3pez, pero la polic\u00eda de Venezuela les prohibi\u00f3 el ingreso. Maduro critic\u00f3 el viaje de los expresidentes, que lograron reunirse con v\u00edctimas de violaciones a los derechos humanos, periodistas y participaron en un seminario sobre la\u00a0<a style=\"color: #016ca2\" href=\"http:\/\/internacional.elpais.com\/internacional\/2015\/03\/19\/actualidad\/1426800322_650557.html\" target=\"_blank\">democracia y el futuro del pa\u00eds<\/a>.<\/p>\n<p style=\"color: #333333\">&#8220;Pudimos observar con nuestros propios ojos lo que est\u00e1 ocurriendo para expresar con fuerza y claridad nuestra opini\u00f3n&#8221;, se\u00f1ala el exmandatario chileno. Adem\u00e1s de ofrecer toda la colaboraci\u00f3n a Gonz\u00e1lez, Pi\u00f1era se\u00f1ala que la protecci\u00f3n legal que le brindar\u00e1 a L\u00f3pez y Ledezma se trata de un gesto importante: \u201cEl hecho de que un expresidente del Gobierno espa\u00f1ol y exl\u00edder del PSOE asuma la defensa de dos presos pol\u00edticos de Venezuela es un s\u00edmbolo potente\u201d, destac\u00f3. Para Pi\u00f1era, &#8220;todos los gobiernos de Am\u00e9rica Latina debieran alzar su voz de manera fuerte y clara. No estamos hablando de pol\u00edtica ni apoyando a un r\u00e9gimen de izquierda ni derecha, sino defendiendo la democracia, la libertad, los derechos humanos, que son valores que no reconocen fronteras&#8221;.<\/p>\n<p style=\"color: #333333\">A las felicitaciones se uni\u00f3 el expresidente de Per\u00fa\u00a0<a style=\"color: #016ca2\" href=\"http:\/\/elpais.com\/tag\/alejandro_toledo\/a\/\" target=\"_blank\">Alejandro Toledo<\/a>: \u201cTiene nuestro apoyo\u201d, asegur\u00f3 el exmandatario, quien, sobre la situaci\u00f3n de Venezuela, apostill\u00f3: \u201cNo es suficiente con ser elegido democr\u00e1ticamente con los votos, es indispensable gobernar democr\u00e1ticamente\u201d.<\/p>\n<p style=\"color: #333333\">\u201cLa situaci\u00f3n de Venezuela se est\u00e1 agudizando, en gran parte, porque los jefes de Estado en ejercicio y tambi\u00e9n algunos exmandatarios mantiene su silencio y entran a ser c\u00f3mplices de las atrocidades del se\u00f1or [Nicol\u00e1s] Maduro, violando los principios b\u00e1sicos de la democracia: la libertad de expresi\u00f3n, los derechos humanos, la independencia de los poderes, la represi\u00f3n masiva a los j\u00f3venes\u201d.<\/p>\n<p style=\"color: #333333\">Este peri\u00f3dico trat\u00f3 de recabar, en vano, una valoraci\u00f3n oficial en Caracas y se puso en contacto con la Embajada de Venezuela en Espa\u00f1a, que remiti\u00f3 a una rueda de prensa con diputados chavistas convocada para hoy en Madrid.<\/p>\n","protected":false},"excerpt":{"rendered":"<p>El antichavismo considera que la intervenci\u00f3n del expresidente espa\u00f1ol en la defensa de los l\u00edderes presos contribuir\u00e1 a internacionalizar el conflicto pol\u00edtico del pa\u00eds sudamericano<\/p>\n","protected":false},"author":5842,"featured_media":0,"comment_status":"open","ping_status":"open","sticky":false,"template":"","format":"standard","meta":{"footnotes":""},"categories":[23],"tags":[],"class_list":["post-460863","post","type-post","status-publish","format-standard","hentry","category-latinoamerica"],"_links":{"self":[{"href":"https:\/\/diarioelpopular.com\/index.php\/wp-json\/wp\/v2\/posts\/460863","targetHints":{"allow":["GET"]}}],"collection":[{"href":"https:\/\/diarioelpopular.com\/index.php\/wp-json\/wp\/v2\/posts"}],"about":[{"href":"https:\/\/diarioelpopular.com\/index.php\/wp-json\/wp\/v2\/types\/post"}],"author":[{"embeddable":true,"href":"https:\/\/diarioelpopular.com\/index.php\/wp-json\/wp\/v2\/users\/5842"}],"replies":[{"embeddable":true,"href":"https:\/\/diarioelpopular.com\/index.php\/wp-json\/wp\/v2\/comments?post=460863"}],"version-history":[{"count":2,"href":"https:\/\/diarioelpopular.com\/index.php\/wp-json\/wp\/v2\/posts\/460863\/revisions"}],"predecessor-version":[{"id":460866,"href":"https:\/\/diarioelpopular.com\/index.php\/wp-json\/wp\/v2\/posts\/460863\/revisions\/460866"}],"wp:attachment":[{"href":"https:\/\/diarioelpopular.com\/index.php\/wp-json\/wp\/v2\/media?parent=460863"}],"wp:term":[{"taxonomy":"category","embeddable":true,"href":"https:\/\/diarioelpopular.com\/index.php\/wp-json\/wp\/v2\/categories?post=460863"},{"taxonomy":"post_tag","embeddable":true,"href":"https:\/\/diarioelpopular.com\/index.php\/wp-json\/wp\/v2\/tags?post=460863"}],"curies":[{"name":"wp","href":"https:\/\/api.w.org\/{rel}","templated":true}]}}