{"id":460906,"date":"2015-03-24T17:34:46","date_gmt":"2015-03-24T21:34:46","guid":{"rendered":"http:\/\/diarioelpopular.com\/?p=460906"},"modified":"2015-03-24T17:34:53","modified_gmt":"2015-03-24T21:34:53","slug":"el-accidente-aereo-se-ha-producido-en-una-zona-remota-y-montanosa","status":"publish","type":"post","link":"https:\/\/diarioelpopular.com\/index.php\/2015\/03\/24\/el-accidente-aereo-se-ha-producido-en-una-zona-remota-y-montanosa\/","title":{"rendered":"El accidente a\u00e9reo se ha producido en una zona remota y monta\u00f1osa"},"content":{"rendered":"<div id=\"attachment_460907\" style=\"width: 570px\" class=\"wp-caption aligncenter\"><a href=\"https:\/\/diarioelpopular.com\/wp-content\/uploads\/2015\/03\/1427200426_880828_1427206100_noticia_normal.jpg\"><img loading=\"lazy\" decoding=\"async\" aria-describedby=\"caption-attachment-460907\" class=\"size-full wp-image-460907\" src=\"https:\/\/diarioelpopular.com\/wp-content\/uploads\/2015\/03\/1427200426_880828_1427206100_noticia_normal.jpg\" alt=\"Un helic\u00f3ptero de Protecci\u00f3n Civil francesa sobrevuela la zona.\" width=\"560\" height=\"323\" \/><\/a><p id=\"caption-attachment-460907\" class=\"wp-caption-text\">Un helic\u00f3ptero de Protecci\u00f3n Civil francesa sobrevuela la zona.<\/p><\/div>\n<p style=\"color: #333333\">El\u00a0<a style=\"color: #016ca2\" href=\"http:\/\/elpais.com\/tag\/vuelo_gwi9525\/a\/\">vuelo GWI9525 de la compa\u00f1\u00eda Germanwings<\/a>\u00a0se ha estrellado este martes en una de las zonas m\u00e1s remotas y aisladas de Francia. \u201cEstamos en plenos Alpes, es un relieve dif\u00edcilmente accesible\u201d, explica Gilles Gravier, jefe de la Oficina de Turismo de la estaci\u00f3n de esqu\u00ed de Val D\u2019Allos, cerca de donde\u00a0<a style=\"color: #016ca2\" href=\"http:\/\/politica.elpais.com\/politica\/2015\/03\/24\/actualidad\/1427193661_204978.html\">se ha producido el accidente<\/a>. En esa zona, en la que apenas hay pueblos ni carreteras, los picos alcanzan los 3.000 metros.<\/p>\n<p style=\"color: #333333\">Seg\u00fan el relato del Ayuntamiento de Prads-Haute-Bl\u00e9one, un municipio cercano al lugar del desastre, el Airbus se estrell\u00f3 contra el macizo del Estrop, que se eleva a 2.981 metros. El teniente de alcalde de este municipio, Alain Liardet, que cuenta con s\u00f3lo 232 habitantes, explic\u00f3 por tel\u00e9fono, mientras interrump\u00eda constantemente la conversaci\u00f3n porque entraban otras llamadas, que &#8220;el problema est\u00e1 en que los servicios de socorro s\u00f3lo pueden llegar por helic\u00f3ptero o a trav\u00e9s de la monta\u00f1a&#8221;.<\/p>\n<p style=\"color: #333333\">Liardet se\u00f1al\u00f3 que un pelot\u00f3n formado por unos diez hombres de la Gendarmer\u00eda de Alta Monta\u00f1a est\u00e1 tratando de llegar a los restos del avi\u00f3n. La altitud m\u00e1s baja en las comunas afectadas ronda los 1.000 metros y hab\u00eda mucha nieve en toda la regi\u00f3n.<\/p>\n<p style=\"color: #333333\">Este grupo de militares ha salido del municipio de M\u00e9olans-Revel, tan remoto y deshabitado como el anterior (tiene un total de 337 habitantes), y en cuyo t\u00e9rmino municipal podr\u00edan encontrarse los restos del avi\u00f3n. &#8220;Creemos que el accidente se ha producido justo entre los dos municipios&#8221;, se\u00f1al\u00f3\u00a0Alain Liardet. &#8220;Aqu\u00ed no hay nadie, solo la nieve&#8221;, explica un habitante de M\u00e9olans-Revel, que pide no ser citado por su nombre. &#8220;Son los Alpes del sur, es una zona monta\u00f1osa perdida&#8221;.<\/p>\n<p style=\"color: #333333\">El punto habitado m\u00e1s cercano al lugar del accidente, situado a unos diez kil\u00f3metros a vuelo de p\u00e1jaro, es el municipio de Seyne-les-Alpes, con 1.460 habitantes y que se encuentra a 1.260 metros de altura.<\/p>\n<p style=\"color: #333333\">Las primeras im\u00e1genes del lugar del accidente, ofrecidas en su p\u00e1gina por el diario\u00a0<a style=\"color: #016ca2\" href=\"http:\/\/www.ledauphine.com\/\" target=\"_blank\"><em>Le Dauphine Liber\u00e9<\/em><\/a>, muestra una zona de lata monta\u00f1a, muy escarpada, con poca nieve.<\/p>\n<p style=\"color: #333333\">El lugar del accidente est\u00e1 situado en el departamento franc\u00e9s des Alpes de Haute-Provence, al norte de Niza, y se trata de unas monta\u00f1as que se precipitan hacia el mar. El Macizo de los Trois Ev\u00each\u00e9s, al pie de las pistas de la estaci\u00f3n de esqu\u00ed de Val d\u2019Allos, es el nombre general de toda esa zona monta\u00f1osa donde se localiza el pico del Estrop. \u201cAqu\u00ed es donde nacen los Alpes\u201d, explica un portavoz del Ayuntamiento de la ciudad cercana de Barcelonnette, que se mostraba \u201cprofundamente impresionada\u201d por la noticia. La capital del departamento, cuyo c\u00f3digo es 04, es Digne-les-Bains, un lugar donde arranca una de las novelas m\u00e1s famosas de la literatura francesa,\u00a0<em>Los miserables<\/em>, de V\u00edctor Hugo.<\/p>\n<p style=\"color: #333333\">En el momento del peor accidente de aviaci\u00f3n en suelo franc\u00e9s en 40 a\u00f1os, el tiempo estaba despejado por la ma\u00f1ana, seg\u00fan MeteoFrance. Sin embargo, y eso puede dificultar mucho las labores de rescate, el cielo est\u00e1 actualmente cubierto y podr\u00edan producirse algunas precipitaciones por la tarde. El lugar del accidente se encuentra en el l\u00edmite del parque nacional de Mercantour.<\/p>\n<p style=\"color: #333333\">Christophe Castaner, diputado socialista del departamento de Alpes de Haute-Provence, ha descrito\u00a0<a style=\"color: #016ca2\" href=\"https:\/\/twitter.com\/CCastaner\" target=\"_blank\">en su cuenta de Twitter<\/a>\u00a0las primeras escenas con las que se han encontrado los servicios de socorro que han sobrevolado la zona del impacto: &#8220;Im\u00e1genes espantosas en este paisaje de monta\u00f1a. No queda nada, m\u00e1s que restos del aparato y cuerpos&#8221;.<\/p>\n<p style=\"color: #333333\">Movilizaci\u00f3n general<\/p>\n<div id=\"sumario_3|despiece\" class=\"centro\" style=\"color: #333333\">\n<div class=\"aside estirar\">\n<p style=\"color: #30302b\">El Gobierno franc\u00e9s ha movilizado a todos los efectivos disponibles de diferentes cuerpos de seguridad, bomberos e incluso militares. S\u00f3lo la Gendarmer\u00eda (un cuerpo similar a la Guardia Civil espa\u00f1ola) est\u00e1 utilizando nueve helic\u00f3pteros y tiene previsto movilizar en las pr\u00f3ximas horas hasta 500 miembros de diferentes cuerpos. Un pelot\u00f3n compuesto por unos diez hombres del cuerpo especial de alta monta\u00f1a fueron los primeros que salieron para tratar de alcanzar por tierra el lugar donde se estrell\u00f3 el Airbus. Tambi\u00e9n se ha enviado un equipo especial de investigaci\u00f3n criminal.<\/p>\n<p style=\"color: #30302b\">Las fuerzas de seguridad francesas han acordonado una zona muy amplia y prohibido el sobrevuelo. Muchas carreteras de monta\u00f1a se encuentran cortadas. Han establecido un campamento base bastante cerca del lugar del impacto y un cuartel general en la localidad m\u00e1s cercana, Seyne-les-Alpes, donde tambi\u00e9n se encontrar\u00e1 la capilla ardiente de las v\u00edctimas y el centro de operaciones.<\/p>\n<\/div>\n<\/div>\n","protected":false},"excerpt":{"rendered":"<p>&#8220;Aqu\u00ed no hay nadie. S\u00f3lo la nieve. Son los Alpes del sur, es una zona monta\u00f1osa perdida&#8221;, explica un habitante de la regi\u00f3n<\/p>\n","protected":false},"author":5842,"featured_media":0,"comment_status":"open","ping_status":"open","sticky":false,"template":"","format":"standard","meta":{"footnotes":""},"categories":[24],"tags":[],"class_list":["post-460906","post","type-post","status-publish","format-standard","hentry","category-mundo"],"_links":{"self":[{"href":"https:\/\/diarioelpopular.com\/index.php\/wp-json\/wp\/v2\/posts\/460906","targetHints":{"allow":["GET"]}}],"collection":[{"href":"https:\/\/diarioelpopular.com\/index.php\/wp-json\/wp\/v2\/posts"}],"about":[{"href":"https:\/\/diarioelpopular.com\/index.php\/wp-json\/wp\/v2\/types\/post"}],"author":[{"embeddable":true,"href":"https:\/\/diarioelpopular.com\/index.php\/wp-json\/wp\/v2\/users\/5842"}],"replies":[{"embeddable":true,"href":"https:\/\/diarioelpopular.com\/index.php\/wp-json\/wp\/v2\/comments?post=460906"}],"version-history":[{"count":1,"href":"https:\/\/diarioelpopular.com\/index.php\/wp-json\/wp\/v2\/posts\/460906\/revisions"}],"predecessor-version":[{"id":460908,"href":"https:\/\/diarioelpopular.com\/index.php\/wp-json\/wp\/v2\/posts\/460906\/revisions\/460908"}],"wp:attachment":[{"href":"https:\/\/diarioelpopular.com\/index.php\/wp-json\/wp\/v2\/media?parent=460906"}],"wp:term":[{"taxonomy":"category","embeddable":true,"href":"https:\/\/diarioelpopular.com\/index.php\/wp-json\/wp\/v2\/categories?post=460906"},{"taxonomy":"post_tag","embeddable":true,"href":"https:\/\/diarioelpopular.com\/index.php\/wp-json\/wp\/v2\/tags?post=460906"}],"curies":[{"name":"wp","href":"https:\/\/api.w.org\/{rel}","templated":true}]}}