{"id":460948,"date":"2015-03-25T21:07:44","date_gmt":"2015-03-26T01:07:44","guid":{"rendered":"http:\/\/diarioelpopular.com\/?p=460948"},"modified":"2015-03-25T21:07:51","modified_gmt":"2015-03-26T01:07:51","slug":"un-temporal-en-el-norte-de-chile-deja-una-decena-de-desaparecidos","status":"publish","type":"post","link":"https:\/\/diarioelpopular.com\/index.php\/2015\/03\/25\/un-temporal-en-el-norte-de-chile-deja-una-decena-de-desaparecidos\/","title":{"rendered":"Un temporal en el norte de Chile deja una decena de desaparecidos"},"content":{"rendered":"<div id=\"attachment_460949\" style=\"width: 570px\" class=\"wp-caption aligncenter\"><a href=\"https:\/\/diarioelpopular.com\/wp-content\/uploads\/2015\/03\/1427329818_263707_1427329890_noticia_normal.jpg\"><img loading=\"lazy\" decoding=\"async\" aria-describedby=\"caption-attachment-460949\" class=\"size-full wp-image-460949\" src=\"https:\/\/diarioelpopular.com\/wp-content\/uploads\/2015\/03\/1427329818_263707_1427329890_noticia_normal.jpg\" alt=\"Vecinos observan el desbordamiento del r\u00edo en Copiap\u00f3, Chile.\" width=\"560\" height=\"340\" \/><\/a><p id=\"caption-attachment-460949\" class=\"wp-caption-text\">Vecinos observan el desbordamiento del r\u00edo en Copiap\u00f3, Chile.<\/p><\/div>\n<p style=\"color: #333333\"><strong><em>SANTIAGO.-<\/em> <\/strong>Entre seis y 10 personas han desaparecido en la localidad de Cha\u00f1aral, a unos seiscientos kil\u00f3metros al norte de Santiago, a causa del temporal que desde este lunes azota la regi\u00f3n chilena de Atacama, una zona con un clima des\u00e9rtico donde las lluvias de mucha intensidad son inusuales.<\/p>\n<p style=\"color: #333333\">La informaci\u00f3n la ha proporcionado la propia presidenta\u00a0<a style=\"color: #016ca2\" href=\"http:\/\/elpais.com\/tag\/michelle_bachelet\/a\/\" target=\"_blank\">Michelle Bachelet<\/a>, que ha viajado esta noche a Copiap\u00f3, la capital regional que se encuentra aislada, para inspeccionar en terreno las inundaciones, cortes de camino, cierre de aeropuertos, evacuaciones de la poblaci\u00f3n y desborde de r\u00edos tanto de esa ciudad como de las zonas cercanas. \u201cSon las peores lluvias en 18 a\u00f1os\u201d, ha dicho el alcalde de Copiap\u00f3, Maglio Cicardini.<\/p>\n<p style=\"color: #333333\">La peque\u00f1a localidad minera El Salado, cerca de Cha\u00f1aral, ha sido una de las m\u00e1s golpeadas de la zona: hace algunas horas se produjo un aluvi\u00f3n que provoc\u00f3 serios da\u00f1os en el pueblo. \u201cEl r\u00edo pas\u00f3 por el medio de El Salado\u201d, relat\u00f3 el alcalde de Cha\u00f1aral, V\u00edctor Volta.<\/p>\n<p style=\"color: #333333\">\u201cSe llev\u00f3 casas, jardines infantiles (guarder\u00edas)\u201d, indic\u00f3 a Radio B\u00edo B\u00edo. Adem\u00e1s, solicit\u00f3 al Gobierno central que enviara asistencias a\u00e9rea para rescatar a las personas que quedaron aisladas en los techos de las viviendas. En la comuna de Altos del Carmen, una familia de siete personas, entre ellos varios ni\u00f1os, pas\u00f3 la noche subida a un \u00e1rbol despu\u00e9s de que se desbordara el r\u00edo Copiap\u00f3, lo que se ha repetido en diferentes zonas.<\/p>\n<p style=\"color: #333333\">En la regi\u00f3n de Antofagasta, todav\u00eda m\u00e1s al norte de Santiago, el intendente Valent\u00edn Volta ha anunciado que cerca de\u00a0<a style=\"color: #016ca2\" href=\"http:\/\/www.emol.com\/noticias\/nacional\/2015\/03\/25\/709631\/minuto-a-minuto-temporal.html\" target=\"_blank\">30.000 personas deber\u00e1n ser evacuadas<\/a>\u00a0preventivamente en las pr\u00f3ximas horas, porque habitan en zonas de quebradas de alto riesgo. Tanto en la regi\u00f3n de Atacama como de Antofagasta, el Ejecutivo ha decretado el estado de excepci\u00f3n constitucional, para facilitar las labores de rescate y el control de orden p\u00fablico por parte de las Fuerzas Armadas y de Orden.<\/p>\n<p style=\"color: #333333\">Las im\u00e1genes son impactantes, sobre todo en Copiap\u00f3 y sus alrededores, donde existe gente que, casi ahog\u00e1ndose, ha tenido que ser rescatada con helic\u00f3pteros. Las autoridades del Ministerio del Interior realizan a esta hora una reuni\u00f3n de emergencia con los dirigentes locales en la capital regional. Aunque en algunas zonas se hab\u00edan detenido las lluvias, los pron\u00f3sticos indican que por la noche caer\u00e1n entre 15 y 30 mil\u00edmetros, por lo que se prev\u00e9 que la situaci\u00f3n se complicar\u00e1 y reci\u00e9n ma\u00f1ana se podr\u00e1 tener una real magnitud de lo que ha sucedido en las \u00faltimas horas.<\/p>\n","protected":false},"excerpt":{"rendered":"<p>El Gobierno de Michelle Bachelet decreta el estado de excepci\u00f3n en las regiones de Atacama y Antofagasta<\/p>\n","protected":false},"author":5842,"featured_media":0,"comment_status":"open","ping_status":"open","sticky":false,"template":"","format":"standard","meta":{"footnotes":""},"categories":[11191],"tags":[],"class_list":["post-460948","post","type-post","status-publish","format-standard","hentry","category-top-news"],"_links":{"self":[{"href":"https:\/\/diarioelpopular.com\/index.php\/wp-json\/wp\/v2\/posts\/460948","targetHints":{"allow":["GET"]}}],"collection":[{"href":"https:\/\/diarioelpopular.com\/index.php\/wp-json\/wp\/v2\/posts"}],"about":[{"href":"https:\/\/diarioelpopular.com\/index.php\/wp-json\/wp\/v2\/types\/post"}],"author":[{"embeddable":true,"href":"https:\/\/diarioelpopular.com\/index.php\/wp-json\/wp\/v2\/users\/5842"}],"replies":[{"embeddable":true,"href":"https:\/\/diarioelpopular.com\/index.php\/wp-json\/wp\/v2\/comments?post=460948"}],"version-history":[{"count":1,"href":"https:\/\/diarioelpopular.com\/index.php\/wp-json\/wp\/v2\/posts\/460948\/revisions"}],"predecessor-version":[{"id":460950,"href":"https:\/\/diarioelpopular.com\/index.php\/wp-json\/wp\/v2\/posts\/460948\/revisions\/460950"}],"wp:attachment":[{"href":"https:\/\/diarioelpopular.com\/index.php\/wp-json\/wp\/v2\/media?parent=460948"}],"wp:term":[{"taxonomy":"category","embeddable":true,"href":"https:\/\/diarioelpopular.com\/index.php\/wp-json\/wp\/v2\/categories?post=460948"},{"taxonomy":"post_tag","embeddable":true,"href":"https:\/\/diarioelpopular.com\/index.php\/wp-json\/wp\/v2\/tags?post=460948"}],"curies":[{"name":"wp","href":"https:\/\/api.w.org\/{rel}","templated":true}]}}