{"id":460963,"date":"2015-03-26T19:54:54","date_gmt":"2015-03-26T23:54:54","guid":{"rendered":"http:\/\/diarioelpopular.com\/?p=460963"},"modified":"2015-03-26T19:55:01","modified_gmt":"2015-03-26T23:55:01","slug":"oficial-de-alto-rango-de-fuerzas-canadienses-acusado-de-cargos-criminales","status":"publish","type":"post","link":"https:\/\/diarioelpopular.com\/index.php\/2015\/03\/26\/oficial-de-alto-rango-de-fuerzas-canadienses-acusado-de-cargos-criminales\/","title":{"rendered":"Oficial de alto rango de Fuerzas Canadienses acusado de cargos criminales"},"content":{"rendered":"<div id=\"attachment_460964\" style=\"width: 570px\" class=\"wp-caption aligncenter\"><a href=\"https:\/\/diarioelpopular.com\/wp-content\/uploads\/2015\/03\/foto-1-breves-112.jpg\"><img loading=\"lazy\" decoding=\"async\" aria-describedby=\"caption-attachment-460964\" class=\"size-large wp-image-460964\" src=\"https:\/\/diarioelpopular.com\/wp-content\/uploads\/2015\/03\/foto-1-breves-112-560x315.jpg\" alt=\"El oficial pertenec\u00eda al Centro de Formaci\u00f3n en la Base Valcartier en Quebec.\" width=\"560\" height=\"315\" \/><\/a><p id=\"caption-attachment-460964\" class=\"wp-caption-text\">El oficial pertenec\u00eda al Centro de Formaci\u00f3n en la Base Valcartier en Quebec.<\/p><\/div>\n<p><strong><em>MONTREAL.-<\/em> <\/strong>Un teniente coronel de las Fuerzas Canadienses enfrenta dos cargos de asalto sexual y dos por acoso.<\/p>\n<p>Martin Bernier pertenec\u00eda al Centro de Formaci\u00f3n en la Base Valcartier en Quebec, como ex comandante de la segunda divisi\u00f3n canadiense.<\/p>\n<p>El ej\u00e9rcito no ofreci\u00f3 m\u00e1s detalles sobre el caso.<\/p>\n<p>Sin embargo, el comandante del Servicio Nacional de Investigaci\u00f3n de las Fuerzas Canadienses, teniente-comandante, Mike Amirault, a trav\u00e9s de un comunicado inform\u00f3 que los cargos son &#8220;significativos&#8221;.<\/p>\n<p>Apunt\u00f3 que \u201cno hay lugar para la mala conducta sexual dentro de las Fuerzas Armadas Canadienses\u201d.<\/p>\n","protected":false},"excerpt":{"rendered":"<p>Un teniente coronel de las Fuerzas Canadienses enfrenta dos cargos de asalto sexual y dos por acoso.<\/p>\n","protected":false},"author":5842,"featured_media":0,"comment_status":"open","ping_status":"open","sticky":false,"template":"","format":"standard","meta":{"footnotes":""},"categories":[21],"tags":[],"class_list":["post-460963","post","type-post","status-publish","format-standard","hentry","category-canada"],"_links":{"self":[{"href":"https:\/\/diarioelpopular.com\/index.php\/wp-json\/wp\/v2\/posts\/460963","targetHints":{"allow":["GET"]}}],"collection":[{"href":"https:\/\/diarioelpopular.com\/index.php\/wp-json\/wp\/v2\/posts"}],"about":[{"href":"https:\/\/diarioelpopular.com\/index.php\/wp-json\/wp\/v2\/types\/post"}],"author":[{"embeddable":true,"href":"https:\/\/diarioelpopular.com\/index.php\/wp-json\/wp\/v2\/users\/5842"}],"replies":[{"embeddable":true,"href":"https:\/\/diarioelpopular.com\/index.php\/wp-json\/wp\/v2\/comments?post=460963"}],"version-history":[{"count":1,"href":"https:\/\/diarioelpopular.com\/index.php\/wp-json\/wp\/v2\/posts\/460963\/revisions"}],"predecessor-version":[{"id":460965,"href":"https:\/\/diarioelpopular.com\/index.php\/wp-json\/wp\/v2\/posts\/460963\/revisions\/460965"}],"wp:attachment":[{"href":"https:\/\/diarioelpopular.com\/index.php\/wp-json\/wp\/v2\/media?parent=460963"}],"wp:term":[{"taxonomy":"category","embeddable":true,"href":"https:\/\/diarioelpopular.com\/index.php\/wp-json\/wp\/v2\/categories?post=460963"},{"taxonomy":"post_tag","embeddable":true,"href":"https:\/\/diarioelpopular.com\/index.php\/wp-json\/wp\/v2\/tags?post=460963"}],"curies":[{"name":"wp","href":"https:\/\/api.w.org\/{rel}","templated":true}]}}