{"id":460998,"date":"2015-03-29T00:01:58","date_gmt":"2015-03-29T04:01:58","guid":{"rendered":"http:\/\/diarioelpopular.com\/?p=460998"},"modified":"2015-04-02T22:38:20","modified_gmt":"2015-04-03T02:38:20","slug":"grupo-europeo-anti-islam-y-anti-inmigracion-debuta-en-montreal","status":"publish","type":"post","link":"https:\/\/diarioelpopular.com\/index.php\/2015\/03\/29\/grupo-europeo-anti-islam-y-anti-inmigracion-debuta-en-montreal\/","title":{"rendered":"Grupo europeo anti-Islam y anti-inmigraci\u00f3n debuta en Montreal"},"content":{"rendered":"<div id=\"attachment_460999\" style=\"width: 570px\" class=\"wp-caption aligncenter\"><a href=\"https:\/\/diarioelpopular.com\/wp-content\/uploads\/2015\/03\/foto-1-nota-212.jpg\"><img loading=\"lazy\" decoding=\"async\" aria-describedby=\"caption-attachment-460999\" class=\"size-large wp-image-460999\" src=\"https:\/\/diarioelpopular.com\/wp-content\/uploads\/2015\/03\/foto-1-nota-212-560x315.jpg\" alt=\"Polic\u00edas se protegen de los manifestantes que muestran una pancarta \u201cNo al extremismo\u201d, durante una manifestaci\u00f3n de PEGIDA en Alemania. Foto Cortes\u00eda The Associated Press. \" width=\"560\" height=\"315\" \/><\/a><p id=\"caption-attachment-460999\" class=\"wp-caption-text\">Polic\u00edas se protegen de los manifestantes que muestran una pancarta \u201cNo al extremismo\u201d, durante una manifestaci\u00f3n de PEGIDA en Alemania. Foto Cortes\u00eda The Associated Press.<\/p><\/div>\n<p><strong><em>MONTREAL.-<\/em> <\/strong>Un grupo anti-inmigraci\u00f3n llamado PEGIDA est\u00e1 haciendo su debut en la provincia de Quebec, donde los pol\u00edticos locales y miembros de la comunidad han expresado que sus puntos de vista no son bienvenidos ni compartidos, debido a que el mismo est\u00e1 basado en la Europa anti-Islam.<\/p>\n<p>Los miembros de PEGIDA Quebec, presentados como europeos patri\u00f3ticos contra la islamizaci\u00f3n de occidente, est\u00e1n planeando un movimiento anti-Islam en las afueras del barrio de Little Magreb, una comunidad musulmana en su mayor\u00eda del norte de \u00c1frica, en Villeray-Saint-Michel-Parc-Extension, Montreal.<\/p>\n<p>&#8220;Se van a tener que mudarse de Montreal. Sin duda, este no es un lugar para ellos y le pido a la gente de Montreal no unirse ese movimiento y no dejarse enga\u00f1ar por el discurso de PEGIDA&#8221;, dijo Guillaume Lavoie de Projet Montr\u00e9al.<\/p>\n<p>El MP de Qu\u00e9bec Solidaire, Fran\u00e7oise David, ha manifestado su oposici\u00f3n a PEGIDA.<\/p>\n<p>Una protesta anti-PEGIDA tendr\u00e1 lugar en la misma fecha y lugar en que PEGIDA anuncia su lanzamiento este s\u00e1bado a las 16:00.<\/p>\n<p>PEGIDA es un acr\u00f3nimo alem\u00e1n para los europeos patri\u00f3ticos contra la islamizaci\u00f3n de Occidente.<\/p>\n<p>El nuevo grupo comenz\u00f3 en Dresden, Alemania, el pasado octubre y utiliza Facebook como medio para la organizaci\u00f3n.<\/p>\n<p>La referida agrupaci\u00f3n es muy popular entre los neonazis y otros nacionalistas. A menudo es mencionada con opiniones favorables en foros como Stormfront y el Frente Nacional.<\/p>\n<p>PEGIDA ha sido denunciada por la canciller alemana, Angela Merkel, Lavoie, as\u00ed como por otros pol\u00edticos de Montreal que solicitan al Alcalde Denis Coderre, pronunciarse al respecto.<\/p>\n<p>El cap\u00edtulo de PEGIDA de Quebec cuenta con m\u00e1s de 1.000 seguidores en Facebook.<\/p>\n<p>Bilal Tartraf, representante de la Comunidad Centro FATH, dijo que la escogencia de la ubicaci\u00f3n de PEGIDA no es casual.<\/p>\n<p>&#8220;Obviamente, esto se trata de una provocaci\u00f3n&#8221;, dijo Tartraf.<\/p>\n<p>&#8220;Estoy segura de que este movimiento es bastante limitado, en Montreal, Quebec y Canad\u00e1. Su \u00fanica manera de crear impacto es provocando\u201d.<\/p>\n<p>&#8220;Este es un pa\u00eds de ley y de orden. Si estas personas quieren hacer una protesta, una demostraci\u00f3n. Este es un pa\u00eds libre. Lo \u00fanico que espero es que se queden tranquilos y respeten la ley&#8221;.<\/p>\n","protected":false},"excerpt":{"rendered":"<p>La organizaci\u00f3n es conocida por su orientaci\u00f3n neo-nazi, por su simpat\u00eda con el Frente Nacional de Quebec.<\/p>\n","protected":false},"author":5842,"featured_media":0,"comment_status":"open","ping_status":"open","sticky":false,"template":"","format":"standard","meta":{"footnotes":""},"categories":[21],"tags":[],"class_list":["post-460998","post","type-post","status-publish","format-standard","hentry","category-canada"],"_links":{"self":[{"href":"https:\/\/diarioelpopular.com\/index.php\/wp-json\/wp\/v2\/posts\/460998","targetHints":{"allow":["GET"]}}],"collection":[{"href":"https:\/\/diarioelpopular.com\/index.php\/wp-json\/wp\/v2\/posts"}],"about":[{"href":"https:\/\/diarioelpopular.com\/index.php\/wp-json\/wp\/v2\/types\/post"}],"author":[{"embeddable":true,"href":"https:\/\/diarioelpopular.com\/index.php\/wp-json\/wp\/v2\/users\/5842"}],"replies":[{"embeddable":true,"href":"https:\/\/diarioelpopular.com\/index.php\/wp-json\/wp\/v2\/comments?post=460998"}],"version-history":[{"count":1,"href":"https:\/\/diarioelpopular.com\/index.php\/wp-json\/wp\/v2\/posts\/460998\/revisions"}],"predecessor-version":[{"id":461000,"href":"https:\/\/diarioelpopular.com\/index.php\/wp-json\/wp\/v2\/posts\/460998\/revisions\/461000"}],"wp:attachment":[{"href":"https:\/\/diarioelpopular.com\/index.php\/wp-json\/wp\/v2\/media?parent=460998"}],"wp:term":[{"taxonomy":"category","embeddable":true,"href":"https:\/\/diarioelpopular.com\/index.php\/wp-json\/wp\/v2\/categories?post=460998"},{"taxonomy":"post_tag","embeddable":true,"href":"https:\/\/diarioelpopular.com\/index.php\/wp-json\/wp\/v2\/tags?post=460998"}],"curies":[{"name":"wp","href":"https:\/\/api.w.org\/{rel}","templated":true}]}}