{"id":461002,"date":"2015-03-27T17:47:27","date_gmt":"2015-03-27T21:47:27","guid":{"rendered":"http:\/\/diarioelpopular.com\/?p=461002"},"modified":"2015-03-27T17:47:36","modified_gmt":"2015-03-27T21:47:36","slug":"cuba-y-estados-unidos-se-preparan-para-hablar-de-derechos-humanos","status":"publish","type":"post","link":"https:\/\/diarioelpopular.com\/index.php\/2015\/03\/27\/cuba-y-estados-unidos-se-preparan-para-hablar-de-derechos-humanos\/","title":{"rendered":"Cuba y Estados Unidos se preparan para hablar de derechos humanos"},"content":{"rendered":"<div id=\"attachment_461003\" style=\"width: 570px\" class=\"wp-caption aligncenter\"><a href=\"https:\/\/diarioelpopular.com\/wp-content\/uploads\/2015\/03\/1421945783_321410_1421945914_noticia_normal.jpg\"><img loading=\"lazy\" decoding=\"async\" aria-describedby=\"caption-attachment-461003\" class=\"size-full wp-image-461003\" src=\"https:\/\/diarioelpopular.com\/wp-content\/uploads\/2015\/03\/1421945783_321410_1421945914_noticia_normal.jpg\" alt=\"La secretaria de Estado de EE UU para Latinoam\u00e9rica, Roberta Jacobson, durante la reuni\u00f3n. \" width=\"560\" height=\"350\" \/><\/a><p id=\"caption-attachment-461003\" class=\"wp-caption-text\">La secretaria de Estado de EE UU para Latinoam\u00e9rica, Roberta Jacobson, durante la reuni\u00f3n.<\/p><\/div>\n<p style=\"color: #333333\">La cita para hablar sobre derechos humanos\u00a0<a style=\"color: #016ca2\" href=\"http:\/\/elpais.com\/tag\/c\/1e0d487015d1a4f9ac350aa4839a9bf6\">entre Cuba y Estados Unidos<\/a>\u00a0empieza a tomar forma, aunque no tan precisa como parec\u00eda desear La Habana. Un alto funcionario cubano anunci\u00f3 el jueves que la isla propon\u00eda empezar a hablar del tema que tantas diferencias ha provocado en una reuni\u00f3n \u2014diferente de los encuentros para normalizar relaciones\u2014 que tuviera lugar el pr\u00f3ximo martes en Washington. Pero fuentes oficiales estadounidenses han precisado a EL PA\u00cdS que dicha cita solo ser\u00e1 un &#8220;encuentro de planificaci\u00f3n para discutir la metodolog\u00eda y estructura de futuras conversaciones sobre derechos humanos&#8221;.<\/p>\n<p style=\"color: #333333\">El tema de\u00a0<a style=\"color: #016ca2\" href=\"http:\/\/elpais.com\/elpais\/2015\/03\/24\/eps\/1427222230_521927.html\">los derechos humanos<\/a>\u00a0es el &#8220;m\u00e1s dif\u00edcil, pero el m\u00e1s importante&#8221; en el proceso de acercamiento tras m\u00e1s de medio siglo de tensiones, seg\u00fan ha reconocido en varias ocasiones la jefa de la delegaci\u00f3n negociadora estadounidense, Roberta Jacobson.<\/p>\n<p style=\"color: #333333\">Ese es el punto en el que, desde que comenzaron las conversaciones para normalizar relaciones en enero en La Habana, se han constatado una y otra vez\u00a0<a style=\"color: #016ca2\" href=\"http:\/\/internacional.elpais.com\/internacional\/2015\/03\/04\/actualidad\/1425487869_689631.html\">&#8220;profundas diferencias&#8221;<\/a>, como lo califica Jacobson. Su contraparte cubana, Josefina Vidal, prefiere hablar de &#8220;diferentes concepciones&#8221; sobre lo que son derechos humanos.<\/p>\n<p style=\"color: #333333\">Estados Unidos ha declarado una y otra vez que su decisi\u00f3n de normalizar relaciones con Cuba no implica un cambio de objetivo final, que es ver una transici\u00f3n hacia la democracia en la isla y, por ende, un mayor respeto a los derechos humanos \u2014especialmente la libertad de expresi\u00f3n y de reuni\u00f3n\u2014 de todos los cubanos,\u00a0<a style=\"color: #016ca2\" href=\"http:\/\/elpais.com\/elpais\/2015\/03\/24\/eps\/1427222230_521927.html\">incluidos los disidentes<\/a>.<\/p>\n<p style=\"color: #333333\">La Habana \u2014que llevaba proponiendo un di\u00e1logo diferenciado sobre el tema desde julio del a\u00f1o pasado\u2014 sostiene en que en esa conversaci\u00f3n deben entrar tambi\u00e9n temas como el acceso a la\u00a0<a style=\"color: #016ca2\" href=\"http:\/\/politica.elpais.com\/politica\/2015\/01\/16\/actualidad\/1421425436_045391.html\">salud o la educaci\u00f3n<\/a>, aspectos en los que la isla se jacta de un alto \u00e9xito.<\/p>\n<p style=\"color: #333333\">&#8220;Cuba expondr\u00e1 sus logros en la promoci\u00f3n y protecci\u00f3n de todos los derechos humanos, no solo de su pueblo, sino tambi\u00e9n de pueblos de numerosas naciones del mundo con las que ha cooperado en esferas como la salud y la educaci\u00f3n&#8221;, hab\u00eda adelantado el jueves el subdirector general de Asuntos Multilaterales y Derecho Internacional del Ministerio de Relaciones Exteriores cubano, Pedro Luis Pedroso, al anunciar en La Habana que Cuba hab\u00eda propuesto una fecha para tratar el tema.<\/p>\n<p style=\"color: #333333\">Y, puestos a hablar de derechos humanos, Cuba tambi\u00e9n quiere &#8220;abordar las preocupaciones sobre la situaci\u00f3n de los derechos humanos en los EE UU y en otros lugares en los que ese pa\u00eds tiene una incidencia directa&#8221;, agreg\u00f3 Pedroso. Entre otros, la isla ha citado con anterioridad su &#8220;preocupaci\u00f3n&#8221; por la &#8220;persistente ilegalidad de l<a style=\"color: #016ca2\" href=\"http:\/\/elpais.com\/tag\/base_guantanamo\/a\/\">as detenciones en Guant\u00e1namo<\/a>\u00a0y los reconocidos actos de tortura que all\u00ed se cometen&#8221; o el racismo, desigualdad salarial y otras &#8220;limitaciones&#8221; sociales de las que la isla acusa al pa\u00eds norteamericano.<\/p>\n<p style=\"color: #333333\">M\u00e1s all\u00e1 de las diferencias sobre el concepto o alcance de los derechos humanos, e incluso sobre la existencia de m\u00e1s de un modelo de democracia, como defiende la isla, la cita propuesta por La Habana constituye, seg\u00fan Pedroso, &#8220;una muestra de la disposici\u00f3n de Cuba a abordar con EE UU cualquier tema, a pesar de nuestras diferencias, sobre bases de igualdad y reciprocidad&#8221;.<\/p>\n<p style=\"color: #333333\">Washington por su parte asevera que la &#8220;reuni\u00f3n preliminar&#8221; del martes &#8220;refleja nuestro continuado inter\u00e9s en derechos humanos y principios democr\u00e1ticos en Cuba&#8221;, se\u00f1al\u00f3 la fuente consultada.<\/p>\n<p style=\"color: #333333\">El designado para dirigir las conversaciones por parte de Washington es el secretario de Estado adjunto para Democracia, Derechos Humanos y Laborales, Tom Malinowski, tal como hab\u00eda adelantado Jacobson en febrero, cuando mostr\u00f3 su disposici\u00f3n a este formato diferenciado.<\/p>\n<p style=\"color: #333333\">El di\u00e1logo sobre uno de los puntos m\u00e1s sensibles de la agenda bilateral confirma tambi\u00e9n la voluntad de las dos partes de\u00a0<a style=\"color: #016ca2\" href=\"http:\/\/internacional.elpais.com\/internacional\/2015\/01\/22\/actualidad\/1421945783_321410.html\">continuar un acercamiento<\/a>\u00a0que se espera redunde, como primer paso concreto, en la reapertura de las embajadas. Washington ha manifestado su esperanza de que esto pueda suceder a tiempo para la Cumbre de las Am\u00e9ricas en Panam\u00e1 el 10 y 11 de abril.<\/p>\n<p style=\"color: #333333\">Ser\u00e1 la primera vez que Cuba acude invitada a estas reuniones trienales de los jefes de Estado o de gobierno de todos los pa\u00edses del hemisferio y la foto m\u00e1s buscada ser\u00e1 la del encuentro entre\u00a0<a style=\"color: #016ca2\" href=\"http:\/\/elpais.com\/elpais\/2014\/12\/20\/opinion\/1419088002_606624.html\">Ra\u00fal Castro y Barack Obama<\/a>. Cuba ha dejado claro por su parte que espera que, en el marco del proceso de normalizaci\u00f3n, Washington anuncie al mismo tiempo su decisi\u00f3n de eliminar a la isla de la lista de Estados patrocinadores del terrorismo, una demanda constante de La Habana.<\/p>\n","protected":false},"excerpt":{"rendered":"<p>Las dos partes celebrar\u00e1n una &#8220;reuni\u00f3n preliminar&#8221; el martes pr\u00f3ximo en Washington para empezar a tratar tema m\u00e1s espinoso<\/p>\n","protected":false},"author":5842,"featured_media":0,"comment_status":"open","ping_status":"open","sticky":false,"template":"","format":"standard","meta":{"footnotes":""},"categories":[23,24],"tags":[],"class_list":["post-461002","post","type-post","status-publish","format-standard","hentry","category-latinoamerica","category-mundo"],"_links":{"self":[{"href":"https:\/\/diarioelpopular.com\/index.php\/wp-json\/wp\/v2\/posts\/461002","targetHints":{"allow":["GET"]}}],"collection":[{"href":"https:\/\/diarioelpopular.com\/index.php\/wp-json\/wp\/v2\/posts"}],"about":[{"href":"https:\/\/diarioelpopular.com\/index.php\/wp-json\/wp\/v2\/types\/post"}],"author":[{"embeddable":true,"href":"https:\/\/diarioelpopular.com\/index.php\/wp-json\/wp\/v2\/users\/5842"}],"replies":[{"embeddable":true,"href":"https:\/\/diarioelpopular.com\/index.php\/wp-json\/wp\/v2\/comments?post=461002"}],"version-history":[{"count":1,"href":"https:\/\/diarioelpopular.com\/index.php\/wp-json\/wp\/v2\/posts\/461002\/revisions"}],"predecessor-version":[{"id":461004,"href":"https:\/\/diarioelpopular.com\/index.php\/wp-json\/wp\/v2\/posts\/461002\/revisions\/461004"}],"wp:attachment":[{"href":"https:\/\/diarioelpopular.com\/index.php\/wp-json\/wp\/v2\/media?parent=461002"}],"wp:term":[{"taxonomy":"category","embeddable":true,"href":"https:\/\/diarioelpopular.com\/index.php\/wp-json\/wp\/v2\/categories?post=461002"},{"taxonomy":"post_tag","embeddable":true,"href":"https:\/\/diarioelpopular.com\/index.php\/wp-json\/wp\/v2\/tags?post=461002"}],"curies":[{"name":"wp","href":"https:\/\/api.w.org\/{rel}","templated":true}]}}