{"id":461045,"date":"2015-03-31T17:52:23","date_gmt":"2015-03-31T21:52:23","guid":{"rendered":"http:\/\/diarioelpopular.com\/?p=461045"},"modified":"2015-03-31T17:52:30","modified_gmt":"2015-03-31T21:52:30","slug":"selena-20-anos-de-su-muerte","status":"publish","type":"post","link":"https:\/\/diarioelpopular.com\/index.php\/2015\/03\/31\/selena-20-anos-de-su-muerte\/","title":{"rendered":"Selena, 20 a\u00f1os de su muerte"},"content":{"rendered":"<div id=\"attachment_461046\" style=\"width: 310px\" class=\"wp-caption aligncenter\"><a href=\"https:\/\/diarioelpopular.com\/wp-content\/uploads\/2015\/03\/1427801967_571300_1427802007_noticia_normal.jpg\"><img loading=\"lazy\" decoding=\"async\" aria-describedby=\"caption-attachment-461046\" class=\"size-full wp-image-461046\" src=\"https:\/\/diarioelpopular.com\/wp-content\/uploads\/2015\/03\/1427801967_571300_1427802007_noticia_normal.jpg\" alt=\"Selena en un concierto en 1993 \" width=\"300\" height=\"461\" \/><\/a><p id=\"caption-attachment-461046\" class=\"wp-caption-text\">Selena en un concierto en 1993<\/p><\/div>\n<p style=\"color: #333333\">La tarde del 31 de marzo de 1995 los noticieros de Estados Unidos y Latinoam\u00e9rica interrump\u00edan su programaci\u00f3n. Una tragedia se apoderaba de los titulares. La noticia:\u00a0<a style=\"color: #016ca2\" href=\"http:\/\/elpais.com\/diario\/1995\/04\/02\/cultura\/796773607_850215.html\" target=\"_blank\">Selena Quintanilla hab\u00eda sido asesinada<\/a>. Los \u00faltimos minutos de su vida superaban cualquier<em>thriller.<\/em>\u00a0Su amiga, m\u00e1nager, presidenta del club de fans y mano derecha apret\u00f3 el gatillo que puso fin a una ascendente carrera musical. Esa tarde\u00a0<a style=\"color: #016ca2\" href=\"http:\/\/elpais.com\/diario\/1995\/10\/18\/cultura\/813970807_850215.html\" target=\"_blank\">Yolanda Sald\u00edvar (Texas, 1960)<\/a>\u00a0pas\u00f3 a ser la mujer m\u00e1s odiada del mundo del\u00a0<em>tex-mex.<\/em><\/p>\n<p style=\"color: #333333\">Selena naci\u00f3 en la localidad de Lake Jackson, el 16 de abril de 1971. Comenz\u00f3 su carrera musical a los 12 a\u00f1os pero no fue hasta 1989 cuando logr\u00f3 firmar su primer gran contrato con la casa de discos EMI. En 1992 el \u00e9xito llam\u00f3 a su puerta. El tema\u00a0<em>Como la flor<\/em>\u00a0del \u00e1lbum\u00a0<em>Entre a mi mundo<\/em>\u00a0llegaba al puesto n\u00famero uno de la lista\u00a0<a style=\"color: #016ca2\" href=\"http:\/\/www.billboard.com\/charts\/regional-mexican-songs\" target=\"_blank\"><em>Billboard&#8217;<\/em><\/a><em><a style=\"color: #016ca2\" href=\"http:\/\/www.billboard.com\/charts\/regional-mexican-songs\" target=\"_blank\">s Latin Regional Mexican Airplay<\/a>.<\/em>\u00a0Su estilo musical la encumbr\u00f3 como la reina del\u00a0<em>tex-mex<\/em>, aunque tambi\u00e9n cantaba cumbias y pop.<\/p>\n<p style=\"color: #333333\">Era una mujer emprendedora y visionaria. Fue una de las primeras estrellas que supo rentabilizar su fama, que poco a poco empezaba a conquistar el sur del continente. En 1994 abri\u00f3 Selena Etc, su primera\u00a0<em>boutique<\/em>\u00a0en Corpus Christi (Texas). En la tienda la cantante vend\u00eda accesorios tan representativos de ella como un\u00a0<em>bustier<\/em>\u00a0(sost\u00e9n con piedras y lentejuelas).<\/p>\n<p style=\"color: #333333\">Una vez conquistado el territorio latino en Estados Unidos, la chica de cabello negro azabache, prominentes caderas, carism\u00e1tica y en\u00e9rgica fue a por Latinoam\u00e9rica. El \u00e1lbum\u00a0<em>Amor prohibido<\/em>\u00a0se convirti\u00f3 en uno de los discos de mayor venta en M\u00e9xico de todos los tiempos, seg\u00fan la revista\u00a0<em>People<\/em>\u00a0en Espa\u00f1ol. Y a\u00fan despu\u00e9s de su muerte, Selena sigue siendo considerada una de las figuras m\u00e1s relevantes del\u00a0<em>tex-mex<\/em>\u00a0y una gran exponente de la m\u00fasica latina con ventas superiores a los 60 millones de discos a nivel mundial, lo que la convierte en la tercera latina con m\u00e1s discos vendidos solo despu\u00e9s de Gloria Estefan y Shakira.<\/p>\n<div id=\"sumario_3|foto\" class=\"centro\" style=\"color: #333333\"><a style=\"color: #016ca2\" name=\"sumario_3\"><\/a><\/p>\n<div class=\"media\">\n<div class=\"foto figure\"><a class=\"posicionador\" style=\"color: #016ca2\" title=\"ampliar foto\"><img loading=\"lazy\" decoding=\"async\" title=\"Jennifer L\u00f3pez caracterizada de Selena\" src=\"http:\/\/ep01.epimg.net\/elpais\/imagenes\/2015\/03\/31\/estilo\/1427801967_571300_1427803979_sumario_normal.jpg\" alt=\"Jennifer L\u00f3pez caracterizada de Selena\" width=\"560\" height=\"331\" \/><span id=\"capaAmpliarFotoReposo_p4\" class=\"ampliar_foto reposo\"><\/span><\/a><\/p>\n<p class=\"figcaption estirar\" style=\"color: #888888\">Jennifer Lopez, caracterizada de Selena. \/\u00a0<span class=\"firma\" style=\"color: #999999\">JOE GIRON\u00a0(CORBIS JOE GIRON)<\/span><\/p>\n<p class=\"figcaption estirar\" style=\"color: #888888\">\n<\/div>\n<\/div>\n<\/div>\n<p style=\"color: #333333\">Todo parec\u00eda perfecto con una carrera\u00a0<em>in crescendo<\/em>. Las listas de \u00e9xitos musicales estaban a sus pies, su\u00a0<em>Bidi Bidi<\/em>\u00a0<em>Bom Bom<\/em>retumbando en todas las fiestas, felizmente casada y a punto de expandir su marca de accesorios. Pero, cual drama de telenovela, su vida terminaba de manera inesperada con tan solo 23 a\u00f1os<em>.<\/em>\u00a0Hoy 20 a\u00f1os despu\u00e9s de que\u00a0<a style=\"color: #016ca2\" href=\"http:\/\/elpais.com\/diario\/1995\/10\/27\/cultura\/814748411_850215.html\" target=\"_blank\">Yolanda Sald\u00edvar \u2014condenada a cadena perpetua\u2014<\/a>\u00a0la asesinara dispar\u00e1ndole por la espalda en un motel de Corpus Christi, sus fan\u00e1ticos le siguen rindiendo homenaje.<\/p>\n<p style=\"color: #333333\">Pero ir\u00f3nicamente muchos de sus seguidores no la conocieron hasta que en 1997, una poco conocida\u00a0<a style=\"color: #016ca2\" href=\"http:\/\/elpais.com\/diario\/1997\/03\/25\/cultura\/859244410_850215.html\" target=\"_blank\">Jennifer Lopez se pon\u00eda en la piel de la reina del\u00a0<em>tex-mex<\/em><\/a>\u00a0y narraba la vida de Quintanilla en la cinta<em>Selena.<\/em>\u00a0\u201cSiempre la tengo dentro de m\u00ed [a Selena], no solo por la oportunidad como actriz que me dio sino por todo lo que aprend\u00ed al estudiarla a ella como persona, como ser humano. Adem\u00e1s aprend\u00ed c\u00f3mo manejaba y actuaba en este negocio [el de la m\u00fasica], que no es f\u00e1cil, y ella lo hizo con mucho coraz\u00f3n\u201d, confes\u00f3 Lopez en una entrevista en M\u00e9xico.<\/p>\n<p style=\"color: #333333\">La tragedia que conmocion\u00f3 a sus admiradores sirvi\u00f3 tambi\u00e9n para que su m\u00fasica traspasara fronteras volvi\u00e9ndola una figura central en la d\u00e9cada de 1990. Y 20 a\u00f1os despu\u00e9s ser\u00e1 recordada con conciertos, festivales, concursos de imitadoras y bailes. Su familia, sin embargo, vive los festejos entre el dolor y el orgullo. \u201cClaro que me pone feliz saber que el mundo recuerda a Selena hoy m\u00e1s que nunca&#8221;, dijo Abraham Quintanilla, su padre, a la agencia AP. \u201cNosotros nos acordamos de mi hija todos los d\u00edas, no necesitamos un d\u00eda especial para recordarla\u201d, a\u00f1adi\u00f3.<\/p>\n<p style=\"color: #333333\">En Corpus Christi se realizar\u00e1 el Festival de la Flor el 17 y 18 de abril. La actividad contar\u00e1 con la presencia de su hermano, el tambi\u00e9n cantante, A.B. Quintanilla, y los Kumbia King All Starz o Chris P\u00e9rez (viudo de Selena), entre otros. El festival ser\u00e1 un d\u00eda despu\u00e9s del cumplea\u00f1os de la cantante, que naci\u00f3 el 16 de abril. Pero las conmemoraciones no paran ah\u00ed. Desde el 26 de febrero hasta el 18 de abril, el Museo Hist\u00f3rico de Lake Jackson exhibir\u00e1 im\u00e1genes de la artista tomadas por el fot\u00f3grafo Frank Herring. Mientras que en San Antonio se organizar\u00e1 la carrera de\u00a0<em>Bidi Bidi Fun Run<\/em>\u00a0(en alusi\u00f3n al \u00e9xito de Selena\u00a0<em>Bidi Bidi Bom Bom<\/em>), cuyos fondos recaudados ser\u00e1n para la Fundaci\u00f3n Selena. Estados como California, Nueva York y Colorado har\u00e1n una serie de conciertos con imitadoras de la cantante.<\/p>\n<p style=\"color: #333333\">El legado musical de la &#8220;Madonna mexicana&#8221;, como la llam\u00f3 el periodista de la cadena NBC Tom Brokaw, sigue vivo. \u201cCon su ingreso a M\u00e9xico abri\u00f3 brecha a otras int\u00e9rpretes de la onda grupera. Ella les marc\u00f3 el punto de partida, hay un antes y un despu\u00e9s en la m\u00fasica de ese estilo con Selena\u201d, explica la agente musical Lidia Salazar.<\/p>\n","protected":false},"excerpt":{"rendered":"<p>El mundo del &#8216;tex-mex&#8217; conmemora la vida de la cantante asesinada a manos de su agente<br \/>\nSus \u00e9xitos siguen sonando en las emisoras de Estados Unidos y Latinoam\u00e9rica<\/p>\n","protected":false},"author":5842,"featured_media":0,"comment_status":"open","ping_status":"open","sticky":false,"template":"","format":"standard","meta":{"footnotes":""},"categories":[23],"tags":[],"class_list":["post-461045","post","type-post","status-publish","format-standard","hentry","category-latinoamerica"],"_links":{"self":[{"href":"https:\/\/diarioelpopular.com\/index.php\/wp-json\/wp\/v2\/posts\/461045","targetHints":{"allow":["GET"]}}],"collection":[{"href":"https:\/\/diarioelpopular.com\/index.php\/wp-json\/wp\/v2\/posts"}],"about":[{"href":"https:\/\/diarioelpopular.com\/index.php\/wp-json\/wp\/v2\/types\/post"}],"author":[{"embeddable":true,"href":"https:\/\/diarioelpopular.com\/index.php\/wp-json\/wp\/v2\/users\/5842"}],"replies":[{"embeddable":true,"href":"https:\/\/diarioelpopular.com\/index.php\/wp-json\/wp\/v2\/comments?post=461045"}],"version-history":[{"count":1,"href":"https:\/\/diarioelpopular.com\/index.php\/wp-json\/wp\/v2\/posts\/461045\/revisions"}],"predecessor-version":[{"id":461047,"href":"https:\/\/diarioelpopular.com\/index.php\/wp-json\/wp\/v2\/posts\/461045\/revisions\/461047"}],"wp:attachment":[{"href":"https:\/\/diarioelpopular.com\/index.php\/wp-json\/wp\/v2\/media?parent=461045"}],"wp:term":[{"taxonomy":"category","embeddable":true,"href":"https:\/\/diarioelpopular.com\/index.php\/wp-json\/wp\/v2\/categories?post=461045"},{"taxonomy":"post_tag","embeddable":true,"href":"https:\/\/diarioelpopular.com\/index.php\/wp-json\/wp\/v2\/tags?post=461045"}],"curies":[{"name":"wp","href":"https:\/\/api.w.org\/{rel}","templated":true}]}}