{"id":461051,"date":"2015-03-31T17:56:17","date_gmt":"2015-03-31T21:56:17","guid":{"rendered":"http:\/\/diarioelpopular.com\/?p=461051"},"modified":"2015-03-31T17:56:24","modified_gmt":"2015-03-31T21:56:24","slug":"la-cifra-de-fallecidos-por-el-temporal-en-chile-asciende-a-18","status":"publish","type":"post","link":"https:\/\/diarioelpopular.com\/index.php\/2015\/03\/31\/la-cifra-de-fallecidos-por-el-temporal-en-chile-asciende-a-18\/","title":{"rendered":"La cifra de fallecidos por el temporal en Chile asciende a 18"},"content":{"rendered":"<div id=\"attachment_461052\" style=\"width: 570px\" class=\"wp-caption aligncenter\"><a href=\"https:\/\/diarioelpopular.com\/wp-content\/uploads\/2015\/03\/1427584337_295762_1427584941_noticia_normal.jpg\"><img loading=\"lazy\" decoding=\"async\" aria-describedby=\"caption-attachment-461052\" class=\"size-full wp-image-461052\" src=\"https:\/\/diarioelpopular.com\/wp-content\/uploads\/2015\/03\/1427584337_295762_1427584941_noticia_normal.jpg\" alt=\"La presidenta de Chile Michelle Bachelet\" width=\"560\" height=\"392\" \/><\/a><p id=\"caption-attachment-461052\" class=\"wp-caption-text\">La presidenta de Chile Michelle Bachelet<\/p><\/div>\n<p style=\"color: #333333\">SANTIAGO.-\u00a0<a style=\"color: #016ca2\" href=\"http:\/\/elpais.com\/elpais\/2015\/03\/26\/album\/1427332491_186415.html#1427332491_186415_1427333049\" target=\"_blank\">Las intensas lluvias<\/a>\u00a0que esta semana azotaron a tres regiones des\u00e9rticas del norte de\u00a0<a style=\"color: #016ca2\" href=\"http:\/\/elpais.com\/tag\/chile\/a\/\" target=\"_blank\">Chile<\/a>\u00a0han provocado hasta este lunes al menos 18 muertos, otros 49 desaparecidos, 27.413 damnificados, 3.490 albergados y unas 14.000 viviendas afectadas solamente en la regi\u00f3n de\u00a0<a style=\"color: #016ca2\" href=\"http:\/\/elpais.com\/elpais\/2015\/03\/26\/album\/1427332491_186415.html#1427332491_186415_1427333049\" target=\"_blank\">Atacama<\/a>, donde se presentaron los mayores desastres, informa Efe. El n\u00famero de v\u00edctimasaumenta con el paso de las horas, tal y como vaticin\u00f3 el s\u00e1bado la presidenta\u00a0<a style=\"color: #016ca2\" href=\"http:\/\/elpais.com\/tag\/michelle_bachelet\/a\/\" target=\"_blank\">Michelle Bachelet<\/a>. \u201cEs altamente presumible es que haya m\u00e1s fallecidos y un n\u00famero importante de desaparecidos\u201d, se\u00f1al\u00f3 la Jefa de Estado en Santiago, luego de un viaje de tres d\u00edas a la zona afectada.<\/p>\n<p style=\"color: #333333\">\u201cEs un panorama desolador y hay otras situaciones que pudieron haber sido infinitamente peores\u201d, ha agregado la mandataria socialista que en la semana visit\u00f3 diferentes albergues y dialog\u00f3 con los pobladores que se quedaron sin viviendas a causa del temporal y los aluviones de tierra y barro.<\/p>\n<p style=\"color: #333333\">Luego de encabezar un Comit\u00e9 Operativo de Emergencias (COE) en<a style=\"color: #016ca2\" href=\"http:\/\/internacional.elpais.com\/internacional\/2013\/09\/06\/actualidad\/1378492113_956386.html\" target=\"_blank\">el Palacio de La Moneda,<\/a>\u00a0la Presidenta ha informado que aunque los cauces de los r\u00edos han bajado y no se han activado quebradas, en el norte de Chile sigue vigente una situaci\u00f3n de emergencia. Desde el lunes, equipos especialistas viajar\u00e1n a la zona para realizar un catastro de los da\u00f1os, familia por familia.<\/p>\n<p style=\"color: #333333\">Hasta ahora se han repartido cerca de 275 toneladas de ayuda humanitaria, seg\u00fan se\u00f1al\u00f3 anoche el subsecretario del Interior, Mahmud Aleuy, y poco a poco se han ido reponiendo los servicios b\u00e1sicos. Existen localidades, sin embargo, donde existen serias dificultades para hacer llegar la ayuda que la poblaci\u00f3n recoleta en diferentes zonas de Chile.<\/p>\n<div id=\"sumario_2|foto\" class=\"centro\" style=\"color: #333333\"><a style=\"color: #016ca2\" name=\"sumario_2\"><\/a><\/p>\n<div class=\"media\">\n<div class=\"foto figure\"><img loading=\"lazy\" decoding=\"async\" title=\"\" src=\"http:\/\/ep01.epimg.net\/internacional\/imagenes\/2015\/03\/29\/actualidad\/1427584337_295762_1427598434_sumario_normal.jpg\" alt=\"\" width=\"560\" height=\"373\" \/><\/p>\n<p class=\"figcaption estirar\" style=\"color: #888888\">Vecinos caminan por una calle afectada por las inundaciones en Diego de Almagro, en el desierto de Atacama, al norte de Chile. \/\u00a0<span class=\"firma\" style=\"color: #999999\">FELIPE TRUEBA\u00a0(EFE)<\/span><\/p>\n<p class=\"figcaption estirar\" style=\"color: #888888\">\n<\/div>\n<\/div>\n<\/div>\n<p style=\"color: #333333\">Ciudades como Copiap\u00f3 est\u00e1n en un 80% bajo el lodo y debido a los robos realizados por sujetos que se han aprovechado de la situaci\u00f3n de emergencia, el Gobierno ha decretado el toque de queda para la regi\u00f3n de Atacama a partir de la noche de este s\u00e1bado. Entre las nueve de la noche y las seis de la ma\u00f1ana de este domingo, estar\u00e1 prohibido para la poblaci\u00f3n transitar por la v\u00eda p\u00fablica.<\/p>\n","protected":false},"excerpt":{"rendered":"<p>Las lluvias que han azotado esta semana Antofagasta, Atacama y Coquimbo, al norte del pa\u00eds dejan al menos 45 desaparecidos<\/p>\n","protected":false},"author":5842,"featured_media":0,"comment_status":"open","ping_status":"open","sticky":false,"template":"","format":"standard","meta":{"footnotes":""},"categories":[23],"tags":[],"class_list":["post-461051","post","type-post","status-publish","format-standard","hentry","category-latinoamerica"],"_links":{"self":[{"href":"https:\/\/diarioelpopular.com\/index.php\/wp-json\/wp\/v2\/posts\/461051","targetHints":{"allow":["GET"]}}],"collection":[{"href":"https:\/\/diarioelpopular.com\/index.php\/wp-json\/wp\/v2\/posts"}],"about":[{"href":"https:\/\/diarioelpopular.com\/index.php\/wp-json\/wp\/v2\/types\/post"}],"author":[{"embeddable":true,"href":"https:\/\/diarioelpopular.com\/index.php\/wp-json\/wp\/v2\/users\/5842"}],"replies":[{"embeddable":true,"href":"https:\/\/diarioelpopular.com\/index.php\/wp-json\/wp\/v2\/comments?post=461051"}],"version-history":[{"count":1,"href":"https:\/\/diarioelpopular.com\/index.php\/wp-json\/wp\/v2\/posts\/461051\/revisions"}],"predecessor-version":[{"id":461053,"href":"https:\/\/diarioelpopular.com\/index.php\/wp-json\/wp\/v2\/posts\/461051\/revisions\/461053"}],"wp:attachment":[{"href":"https:\/\/diarioelpopular.com\/index.php\/wp-json\/wp\/v2\/media?parent=461051"}],"wp:term":[{"taxonomy":"category","embeddable":true,"href":"https:\/\/diarioelpopular.com\/index.php\/wp-json\/wp\/v2\/categories?post=461051"},{"taxonomy":"post_tag","embeddable":true,"href":"https:\/\/diarioelpopular.com\/index.php\/wp-json\/wp\/v2\/tags?post=461051"}],"curies":[{"name":"wp","href":"https:\/\/api.w.org\/{rel}","templated":true}]}}