{"id":461063,"date":"2015-04-01T00:01:39","date_gmt":"2015-04-01T04:01:39","guid":{"rendered":"http:\/\/diarioelpopular.com\/?p=461063"},"modified":"2015-03-31T18:14:59","modified_gmt":"2015-03-31T22:14:59","slug":"medicamentos-para-tdah-asociados-a-conductas-suicidas","status":"publish","type":"post","link":"https:\/\/diarioelpopular.com\/index.php\/2015\/04\/01\/medicamentos-para-tdah-asociados-a-conductas-suicidas\/","title":{"rendered":"Medicamentos para TDAH asociados a conductas suicidas"},"content":{"rendered":"<div id=\"attachment_461064\" style=\"width: 570px\" class=\"wp-caption aligncenter\"><a href=\"https:\/\/diarioelpopular.com\/wp-content\/uploads\/2015\/03\/foto-1-breves-3-2.jpg\"><img loading=\"lazy\" decoding=\"async\" aria-describedby=\"caption-attachment-461064\" class=\"size-large wp-image-461064\" src=\"https:\/\/diarioelpopular.com\/wp-content\/uploads\/2015\/03\/foto-1-breves-3-2-560x420.jpg\" alt=\"Health Canada sostiene que los beneficios de estos medicamentos contin\u00faan siendo superiores a sus riesgos.\" width=\"560\" height=\"420\" \/><\/a><p id=\"caption-attachment-461064\" class=\"wp-caption-text\">Health Canada sostiene que los beneficios de estos medicamentos contin\u00faan siendo superiores a sus riesgos.<\/p><\/div>\n<p>OTTAWA.- Health Canada advirti\u00f3 que informaci\u00f3n sobre el riesgo de pensamientos y conductas suicidas se est\u00e1n a\u00f1adiendo a la prescripci\u00f3n de los medicamentos para el tratamiento del trastorno de hiperactividad con d\u00e9ficit de atenci\u00f3n, TDAH.<\/p>\n<p>Las advertencias son consecuencias de los informes de eventos relacionados con el suicidio en los pacientes que toman medicamentos para TDAH, que incluyen pensamientos e intentos suicidas y, en una menor proporci\u00f3n, suicidios.<\/p>\n<p>Un aumento del riesgo de comportamiento suicida fue identificado con el uso de la droga Strattera en 2005, pero la informaci\u00f3n emergente sugiere que el riesgo puede aplicarse a todos los medicamentos para el TDAH.<\/p>\n<p>Medicamentos de marca y gen\u00e9ricos prescritos en Canad\u00e1 incluyen Adderall XR; Biphentin; Concerta; Dexedrina; Intuniv XR; Ritalin y Ritalin SR; Strattera; y Vyvanse.<\/p>\n<p>Health Canada sostiene que los beneficios de estos medicamentos en el tratamiento de TDAH contin\u00faan siendo superiores a sus riesgos, pero resalta que los estados de \u00e1nimo, conductas, pensamientos y emociones de los pacientes deben ser monitoreados.<\/p>\n","protected":false},"excerpt":{"rendered":"<p>OTTAWA.- Health Canada advirti\u00f3 que informaci\u00f3n sobre el riesgo de pensamientos y conductas suicidas se est\u00e1n a\u00f1adiendo a la prescripci\u00f3n de los medicamentos para el&hellip;<\/p>\n","protected":false},"author":5842,"featured_media":0,"comment_status":"open","ping_status":"open","sticky":false,"template":"","format":"standard","meta":{"footnotes":""},"categories":[21],"tags":[],"class_list":["post-461063","post","type-post","status-publish","format-standard","hentry","category-canada"],"_links":{"self":[{"href":"https:\/\/diarioelpopular.com\/index.php\/wp-json\/wp\/v2\/posts\/461063","targetHints":{"allow":["GET"]}}],"collection":[{"href":"https:\/\/diarioelpopular.com\/index.php\/wp-json\/wp\/v2\/posts"}],"about":[{"href":"https:\/\/diarioelpopular.com\/index.php\/wp-json\/wp\/v2\/types\/post"}],"author":[{"embeddable":true,"href":"https:\/\/diarioelpopular.com\/index.php\/wp-json\/wp\/v2\/users\/5842"}],"replies":[{"embeddable":true,"href":"https:\/\/diarioelpopular.com\/index.php\/wp-json\/wp\/v2\/comments?post=461063"}],"version-history":[{"count":1,"href":"https:\/\/diarioelpopular.com\/index.php\/wp-json\/wp\/v2\/posts\/461063\/revisions"}],"predecessor-version":[{"id":461065,"href":"https:\/\/diarioelpopular.com\/index.php\/wp-json\/wp\/v2\/posts\/461063\/revisions\/461065"}],"wp:attachment":[{"href":"https:\/\/diarioelpopular.com\/index.php\/wp-json\/wp\/v2\/media?parent=461063"}],"wp:term":[{"taxonomy":"category","embeddable":true,"href":"https:\/\/diarioelpopular.com\/index.php\/wp-json\/wp\/v2\/categories?post=461063"},{"taxonomy":"post_tag","embeddable":true,"href":"https:\/\/diarioelpopular.com\/index.php\/wp-json\/wp\/v2\/tags?post=461063"}],"curies":[{"name":"wp","href":"https:\/\/api.w.org\/{rel}","templated":true}]}}