{"id":461107,"date":"2015-04-04T00:02:28","date_gmt":"2015-04-04T04:02:28","guid":{"rendered":"http:\/\/diarioelpopular.com\/?p=461107"},"modified":"2015-04-02T22:52:50","modified_gmt":"2015-04-03T02:52:50","slug":"sanciones-a-guarderias-de-quebec-que-eliminen-el-almuerzo","status":"publish","type":"post","link":"https:\/\/diarioelpopular.com\/index.php\/2015\/04\/04\/sanciones-a-guarderias-de-quebec-que-eliminen-el-almuerzo\/","title":{"rendered":"Sanciones a guarder\u00edas de Quebec que eliminen el almuerzo"},"content":{"rendered":"<div id=\"attachment_461108\" style=\"width: 570px\" class=\"wp-caption aligncenter\"><a href=\"https:\/\/diarioelpopular.com\/wp-content\/uploads\/2015\/04\/foto-1-breves-3-.jpg\"><img loading=\"lazy\" decoding=\"async\" aria-describedby=\"caption-attachment-461108\" class=\"size-large wp-image-461108\" src=\"https:\/\/diarioelpopular.com\/wp-content\/uploads\/2015\/04\/foto-1-breves-3--560x314.jpg\" alt=\"Guarder\u00edas deben ofrecer un almuerzo balanceado y una merienda completa.\" width=\"560\" height=\"314\" \/><\/a><p id=\"caption-attachment-461108\" class=\"wp-caption-text\">Guarder\u00edas deben ofrecer un almuerzo balanceado y una merienda completa.<\/p><\/div>\n<p><strong><em>MONTREAL.-<\/em><\/strong> La Ministro de Familia, Francine Charbonneau, advirti\u00f3 que las guarder\u00edas que dejen de prestar el servicio de almuerzo a los ni\u00f1os, a causa de los recortes se enfrentar\u00e1n a sanciones.<\/p>\n<p>Las guarder\u00edas p\u00fablicas se vieron afectadas con un presupuesto de $ 74 millones para el 2015-2016, atendiendo a 180.000 ni\u00f1os.<\/p>\n<p>La Asociaci\u00f3n de Centros de Cuidados de Quebec hab\u00eda transmitido las preocupaciones de algunas guarder\u00edas que hab\u00edan decidido \u201cdejar de ofrecer el desayuno, que es un extra en muchos centros\u201d.<\/p>\n<p>La titular del despacho de familia reiter\u00f3: \u201cse requieren de guarder\u00edas p\u00fablicas para ofrecer un almuerzo balanceado y una merienda completa con frutas, verduras, prote\u00ednas y cereales\u201d.<\/p>\n<p>\u201cAlgunas guarder\u00edas podr\u00edan estar recurriendo a opciones m\u00e1s econ\u00f3micas, productos vegetarianos que tambi\u00e9n son saludables\u201d, dijo.<\/p>\n<p>Una guarder\u00eda p\u00fablica recibe $ 60 por d\u00eda por parte del gobierno. &#8220;De esa cantidad, $ 48 se destinan a los sueldos, hay otros $ 5 fijos para mantenimiento e hipotecas, restando $ 7 a alimentos y recursos educativos\u201d.<\/p>\n","protected":false},"excerpt":{"rendered":"<p>MONTREAL.- La Ministro de Familia, Francine Charbonneau, advirti\u00f3 que las guarder\u00edas que dejen de prestar el servicio de almuerzo a los ni\u00f1os, a causa de&hellip;<\/p>\n","protected":false},"author":5842,"featured_media":0,"comment_status":"open","ping_status":"open","sticky":false,"template":"","format":"standard","meta":{"footnotes":""},"categories":[21],"tags":[],"class_list":["post-461107","post","type-post","status-publish","format-standard","hentry","category-canada"],"_links":{"self":[{"href":"https:\/\/diarioelpopular.com\/index.php\/wp-json\/wp\/v2\/posts\/461107","targetHints":{"allow":["GET"]}}],"collection":[{"href":"https:\/\/diarioelpopular.com\/index.php\/wp-json\/wp\/v2\/posts"}],"about":[{"href":"https:\/\/diarioelpopular.com\/index.php\/wp-json\/wp\/v2\/types\/post"}],"author":[{"embeddable":true,"href":"https:\/\/diarioelpopular.com\/index.php\/wp-json\/wp\/v2\/users\/5842"}],"replies":[{"embeddable":true,"href":"https:\/\/diarioelpopular.com\/index.php\/wp-json\/wp\/v2\/comments?post=461107"}],"version-history":[{"count":1,"href":"https:\/\/diarioelpopular.com\/index.php\/wp-json\/wp\/v2\/posts\/461107\/revisions"}],"predecessor-version":[{"id":461109,"href":"https:\/\/diarioelpopular.com\/index.php\/wp-json\/wp\/v2\/posts\/461107\/revisions\/461109"}],"wp:attachment":[{"href":"https:\/\/diarioelpopular.com\/index.php\/wp-json\/wp\/v2\/media?parent=461107"}],"wp:term":[{"taxonomy":"category","embeddable":true,"href":"https:\/\/diarioelpopular.com\/index.php\/wp-json\/wp\/v2\/categories?post=461107"},{"taxonomy":"post_tag","embeddable":true,"href":"https:\/\/diarioelpopular.com\/index.php\/wp-json\/wp\/v2\/tags?post=461107"}],"curies":[{"name":"wp","href":"https:\/\/api.w.org\/{rel}","templated":true}]}}