{"id":461122,"date":"2015-04-02T23:21:06","date_gmt":"2015-04-03T03:21:06","guid":{"rendered":"http:\/\/diarioelpopular.com\/?p=461122"},"modified":"2015-04-02T23:21:13","modified_gmt":"2015-04-03T03:21:13","slug":"netanyahu-cree-que-el-pacto-es-una-amenaza-para-la-existencia-de-israel","status":"publish","type":"post","link":"https:\/\/diarioelpopular.com\/index.php\/2015\/04\/02\/netanyahu-cree-que-el-pacto-es-una-amenaza-para-la-existencia-de-israel\/","title":{"rendered":"Netanyahu cree que el pacto es una amenaza para la existencia de Israel"},"content":{"rendered":"<div id=\"attachment_461123\" style=\"width: 570px\" class=\"wp-caption aligncenter\"><a href=\"https:\/\/diarioelpopular.com\/wp-content\/uploads\/2015\/04\/1428010719_247368_1428020513_noticia_normal.jpg\"><img loading=\"lazy\" decoding=\"async\" aria-describedby=\"caption-attachment-461123\" class=\"size-full wp-image-461123\" src=\"https:\/\/diarioelpopular.com\/wp-content\/uploads\/2015\/04\/1428010719_247368_1428020513_noticia_normal.jpg\" alt=\"Benjam\u00edn Netanyahu, el pasado 31 de marzo.\" width=\"560\" height=\"373\" \/><\/a><p id=\"caption-attachment-461123\" class=\"wp-caption-text\">Benjam\u00edn Netanyahu, el pasado 31 de marzo.<\/p><\/div>\n<p style=\"color: #333333\">Para los dirigentes israel\u00edes, la amenaza iran\u00ed se concreta un poco m\u00e1s tras\u00a0<a style=\"color: #016ca2\" href=\"http:\/\/internacional.elpais.com\/internacional\/2015\/04\/02\/actualidad\/1427990024_657531.html\">el acuerdo logrado este jueves<\/a>\u00a0en Lausana (Suiza). Benjamin Netanyahu, el primer ministro israel\u00ed, ha transmitido sus preocupaciones a Barack Obama por tel\u00e9fono. El acuerdo &#8220;es una amenaza para la existencia de Israel&#8221;, ha dicho el mandatario a su hom\u00f3logo estadounidense.<\/p>\n<p style=\"color: #333333\">Mark Regev, el portavoz del primer ministro,\u00a0<a style=\"color: #016ca2\" href=\"https:\/\/twitter.com\/MarkRegevPMO\">ha citado en Twitter<\/a>algunos comentarios de la conversaci\u00f3n telef\u00f3nica que ocurri\u00f3 horas despu\u00e9s de que se diera a conocer el acuerdo entre las seis potencias e Ir\u00e1n tras ocho jornadas de negociaciones. El pacto, asegura<a style=\"color: #016ca2\" href=\"http:\/\/elpais.com\/tag\/benjamin_netanyahu\/a\/\">Netanyahu<\/a>, &#8220;no bloquea el camino de Ir\u00e1n para conseguir la bomba, se lo pavimenta. Eleva el riesgo de la proliferaci\u00f3n nuclear y el de una horrorosa guerra&#8221;.<\/p>\n<p style=\"color: #333333\">El ministro de Asuntos Estrat\u00e9gicos, Yuval Steinitz, tambi\u00e9n lament\u00f3 el acuerdo alcanzado en Suiza. \u201cLas sonrisas de Lausana est\u00e1n desconectadas de nuestra desdichada realidad\u201d, afirm\u00f3 en un comunicado.<\/p>\n<p style=\"color: #333333\">Fuentes gubernamentales israel\u00edes, citadas por el diario\u00a0<em>Haaretz<\/em>, calificaron el acuerdo como un \u201cerror hist\u00f3rico que convierte al mundo en un lugar mucho m\u00e1s peligroso\u201d. Seg\u00fan esas fuentes, el acuerdo-marco \u201cda legitimidad internacional al programa nuclear iran\u00ed\u201d, que \u201cno tiene como objetivo la paz sino la guerra\u201d.<\/p>\n<p style=\"color: #333333\">Cuando las negociaciones entraban en la recta final Netanyahu record\u00f3 \u201cel terrorismo y agresiones\u201d de Ir\u00e1n e inst\u00f3 a llegar a un pacto que \u201creduzca considerablemente las capacidades nucleares de Teher\u00e1n\u201d.<\/p>\n<p style=\"color: #333333\">\u201cSeguiremos esforz\u00e1ndonos en explicar y convencer al mundo con la esperanza de evitar un mal acuerdo definitivo\u201d en junio, prometi\u00f3 Steinitz este jueves. Horas antes, este afirm\u00f3 que Israel no descartaba la opci\u00f3n militar para hacer frente a la amenaza iran\u00ed.<\/p>\n<p style=\"color: #333333\">En los \u00faltimos d\u00edas, Netanyahu ha repetido con insistencia lo que lleva diciendo meses y lo que la mayor\u00eda de la poblaci\u00f3n cree: los israel\u00edes no pueden cerrar los ojos ante \u201cel peligro existencial\u201d que representa para ellos un Ir\u00e1n nuclear y tienen \u201cla obligaci\u00f3n de defenderse\u201d.<\/p>\n<p style=\"color: #333333\">El Gobierno israel\u00ed considera que solo el aislamiento internacional, un aumento de las sanciones econ\u00f3micas contra Ir\u00e1n y la interrupci\u00f3n total de sus actividades de enriquecimiento de uranio pueden impedir que Teher\u00e1n se convierta en una amenaza nuclear. Seg\u00fan dijo Netanyahu esta semana, un acuerdo como el logrado en Lausana \u201creducir\u00e1 a menos de un a\u00f1o\u201d el tiempo que Ir\u00e1n necesitar\u00e1 para dotarse del arma at\u00f3mica.<\/p>\n<p style=\"color: #333333\">La amenaza iran\u00ed fue uno de los temas centrales de la campa\u00f1a electoral de Netanyahu, reelegido el 17 de marzo para un tercer mandato consecutivo. Adem\u00e1s, las negociaciones de las seis potencias e Ir\u00e1n han sido una de las razones del reciente<a style=\"color: #016ca2\" href=\"http:\/\/internacional.elpais.com\/internacional\/2015\/03\/24\/actualidad\/1427219595_351769.html\">enfriamiento de las relaciones entre EE UU e Israel<\/a>. Hace exactamente un mes,\u00a0<a style=\"color: #016ca2\" href=\"http:\/\/internacional.elpais.com\/internacional\/2015\/03\/03\/actualidad\/1425401082_181114.html\">Netanyahu pronunci\u00f3 un discurso en el Congreso norteamericano<\/a>\u00a0sobre el peligro de llegar a un acuerdo sobre el programa nuclear de Teher\u00e1n. \u201cSi Israel tiene que quedarse peleando solo, pelear\u00e1 solo\u201d, garantiz\u00f3.<\/p>\n","protected":false},"excerpt":{"rendered":"<p>El primer ministro asegura a Obama que el acuerdo eleva el riesgo de la proliferaci\u00f3n nuclear y el riesgo de una nueva guerra<\/p>\n","protected":false},"author":5842,"featured_media":0,"comment_status":"open","ping_status":"open","sticky":false,"template":"","format":"standard","meta":{"footnotes":""},"categories":[24],"tags":[],"class_list":["post-461122","post","type-post","status-publish","format-standard","hentry","category-mundo"],"_links":{"self":[{"href":"https:\/\/diarioelpopular.com\/index.php\/wp-json\/wp\/v2\/posts\/461122","targetHints":{"allow":["GET"]}}],"collection":[{"href":"https:\/\/diarioelpopular.com\/index.php\/wp-json\/wp\/v2\/posts"}],"about":[{"href":"https:\/\/diarioelpopular.com\/index.php\/wp-json\/wp\/v2\/types\/post"}],"author":[{"embeddable":true,"href":"https:\/\/diarioelpopular.com\/index.php\/wp-json\/wp\/v2\/users\/5842"}],"replies":[{"embeddable":true,"href":"https:\/\/diarioelpopular.com\/index.php\/wp-json\/wp\/v2\/comments?post=461122"}],"version-history":[{"count":1,"href":"https:\/\/diarioelpopular.com\/index.php\/wp-json\/wp\/v2\/posts\/461122\/revisions"}],"predecessor-version":[{"id":461124,"href":"https:\/\/diarioelpopular.com\/index.php\/wp-json\/wp\/v2\/posts\/461122\/revisions\/461124"}],"wp:attachment":[{"href":"https:\/\/diarioelpopular.com\/index.php\/wp-json\/wp\/v2\/media?parent=461122"}],"wp:term":[{"taxonomy":"category","embeddable":true,"href":"https:\/\/diarioelpopular.com\/index.php\/wp-json\/wp\/v2\/categories?post=461122"},{"taxonomy":"post_tag","embeddable":true,"href":"https:\/\/diarioelpopular.com\/index.php\/wp-json\/wp\/v2\/tags?post=461122"}],"curies":[{"name":"wp","href":"https:\/\/api.w.org\/{rel}","templated":true}]}}