{"id":461128,"date":"2015-04-02T23:25:55","date_gmt":"2015-04-03T03:25:55","guid":{"rendered":"http:\/\/diarioelpopular.com\/?p=461128"},"modified":"2015-04-02T23:26:01","modified_gmt":"2015-04-03T03:26:01","slug":"la-onu-acusa-al-gobierno-de-mexico-de-minimizar-la-tortura","status":"publish","type":"post","link":"https:\/\/diarioelpopular.com\/index.php\/2015\/04\/02\/la-onu-acusa-al-gobierno-de-mexico-de-minimizar-la-tortura\/","title":{"rendered":"La ONU acusa al Gobierno de M\u00e9xico de minimizar la tortura"},"content":{"rendered":"<div id=\"attachment_461129\" style=\"width: 570px\" class=\"wp-caption aligncenter\"><a href=\"https:\/\/diarioelpopular.com\/wp-content\/uploads\/2015\/04\/1428005304_807534_1428005547_noticia_normal.jpg\"><img loading=\"lazy\" decoding=\"async\" aria-describedby=\"caption-attachment-461129\" class=\"size-full wp-image-461129\" src=\"https:\/\/diarioelpopular.com\/wp-content\/uploads\/2015\/04\/1428005304_807534_1428005547_noticia_normal.jpg\" alt=\"Polic\u00edas mexicanos se enfrentan con manifestantes en Guerrero \" width=\"560\" height=\"372\" \/><\/a><p id=\"caption-attachment-461129\" class=\"wp-caption-text\">Polic\u00edas mexicanos se enfrentan con manifestantes en Guerrero<\/p><\/div>\n<p style=\"color: #333333\">El dur\u00edsimo informe del relator especial de la\u00a0<a style=\"color: #016ca2\" href=\"http:\/\/www.un.org\/es\/home\/index.html\">ONU<\/a>\u00a0que concluye que<a style=\"color: #016ca2\" href=\"http:\/\/internacional.elpais.com\/internacional\/2015\/02\/26\/actualidad\/1424971709_730815.html\">la tortura es generalizada<\/a>\u00a0en M\u00e9xico habla de polic\u00edas corruptos y de forenses, jueces y fiscales c\u00f3mplices. Nadie se salva. A los aludidos, como era de esperar, no les ha hecho ninguna gracia. El autor de las recomendaciones, Juan M\u00e9ndez, a quien los se\u00f1alados tachan de poco \u00e9tico y profesional a la hora de realizar su investigaci\u00f3n, ha contestado ahora que los ataques en su contra son una distracci\u00f3n que le sirven al Gobierno para minimizar el problema y no atajarlo como se merece.<\/p>\n<p style=\"color: #333333\">El enfrentamiento, in crescendo a medida que han pasado las semanas, rompe los c\u00f3digos diplom\u00e1ticos habituales. El canciller mexicano, Jos\u00e9 Antonio Meade, ha llegado a decir que M\u00e9xico no colaborar\u00e1 m\u00e1s con el relator. Un subsecretario de Exteriores, Juan Manuel G\u00f3mez Robledo, argument\u00f3 que el significado de tortura generalizada, en derecho internacional, se considera un crimen de lesa humanidad y requerir\u00eda de la intervenci\u00f3n de la\u00a0<a style=\"color: #016ca2\" href=\"http:\/\/www.icc-cpi.int\/Pages\/default.aspx\">Corte Penal Internacional<\/a>. En este caso, seg\u00fan su criterio, no deber\u00eda aplicarse el t\u00e9rmino. \u201cEn modo alguno se puede decir que las instituciones del Estado mexicano no funcionan o no est\u00e1n en un tr\u00e1nsito hacia mejores est\u00e1ndares\u201d, agreg\u00f3.<\/p>\n<p style=\"color: #333333\">El argumento choca frontalmente con las conclusiones del enviado de la ONU. \u201cQue yo califique la tortura como generalizada me parece que no es injusto ni arbitrario decirlo, y francamente no me han dado ninguna raz\u00f3n para cambiar de idea sobre eso\u201d<a style=\"color: #016ca2\" href=\"http:\/\/www.reforma.com\/aplicaciones\/articulo\/default.aspx?id=502798\">, declar\u00f3 el relator al peri\u00f3dico Reforma<\/a>. M\u00e9ndez visit\u00f3 M\u00e9xico del 21 de abril al 2 de mayo de 2014 y public\u00f3 el informe casi un a\u00f1o despu\u00e9s. El resultado es demoledor.<\/p>\n<p style=\"color: #333333\">El relator, de nacionalidad argentina, pide en ese escrito que el Gobierno devuelva al Ej\u00e9rcito a los cuarteles.\u00a0<a style=\"color: #016ca2\" href=\"http:\/\/elpais.com\/tag\/felipe_calderon_hinojosa\/a\/\">El expresidente Felipe Calder\u00f3n<\/a>, al iniciar su guerra contra el narcotr\u00e1fico en 2007, sac\u00f3 a los militares a patrullar las calles y enfrentar directamente a los c\u00e1rteles de la droga. En estos a\u00f1os han sido numerosos los casos de violaci\u00f3n de derechos humanos en los que los soldados se han visto involucrados. Las investigaciones de los casos denunciados son escasas y sin af\u00e1n de encontrar la verdad.<\/p>\n<p style=\"color: #333333\">La investigaci\u00f3n establece que la tortura, de la que son c\u00f3mplices, polic\u00edas, m\u00e9dicos y autoridades ministeriales, se practica sobre todo durante la detenci\u00f3n para obtener confesiones relacionadas con el crimen organizado. Todos los cuerpos de seguridad la practican. Las v\u00edctimas, frecuentemente, proceden de entornos marginales. Las torturas pueden acabar en muerte o, en el caso de las mujeres, tambi\u00e9n en violaci\u00f3n. Los captores, encapuchados, suelen estar vestidos de civil y no informan a los detenidos de sus derechos: \u201cgolpean con pu\u00f1os, pies y palos; toques con dispositivos el\u00e9ctricos (chicharra), generalmente en los genitales; asfixia con bolsa de pl\u00e1stico; introducci\u00f3n de agua con un trapo en la boca, desnudez forzada, suspensi\u00f3n, amenazas, insultos\u201d.<\/p>\n<p style=\"color: #333333\"><a style=\"color: #016ca2\" href=\"http:\/\/www.presidencia.gob.mx\/\">El Gobierno mexicano<\/a>\u00a0considera que el concepto tortura generalizada es un exceso y equipara, injustamente, su proceder en el \u00e1mbito de la justicia con el de otros reg\u00edmenes oscuros en los que hubo una intenci\u00f3n premeditada de esquilmar a la poblaci\u00f3n. Adem\u00e1s, critica al relator por su metodolog\u00eda, ya que el informe se basa solo en 14 casos.<\/p>\n<p style=\"color: #333333\">M\u00e9ndez ha matizado el alcance del t\u00e9rmino\u00a0en las explicaciones que ha dado a posteriori. Afirma no tener elementos para sostener que se trate de un crimen de lesa humanidad, aunque s\u00ed de una pr\u00e1ctica extendida por todo el territorio y las corporaciones militares y policiales. Por tanto, generalizada. La Corte Internacional ser\u00e1 la que deba valorar si procede alguna intervenci\u00f3n de su parte, seg\u00fan el relator. Su posici\u00f3n en cuanto a la calificaci\u00f3n, de todos modos, no es inamovible: \u201cSi me dan elementos de juicio para cambiar mi apreciaci\u00f3n, la cambiar\u00e9. Nunca me han demostrado nada\u201d.<\/p>\n","protected":false},"excerpt":{"rendered":"<p>El relator de Naciones Unidas considera que el Estado cuestiona su informe y le presion\u00f3 para no enfrentarse al problema<\/p>\n","protected":false},"author":5842,"featured_media":0,"comment_status":"open","ping_status":"open","sticky":false,"template":"","format":"standard","meta":{"footnotes":""},"categories":[23],"tags":[],"class_list":["post-461128","post","type-post","status-publish","format-standard","hentry","category-latinoamerica"],"_links":{"self":[{"href":"https:\/\/diarioelpopular.com\/index.php\/wp-json\/wp\/v2\/posts\/461128","targetHints":{"allow":["GET"]}}],"collection":[{"href":"https:\/\/diarioelpopular.com\/index.php\/wp-json\/wp\/v2\/posts"}],"about":[{"href":"https:\/\/diarioelpopular.com\/index.php\/wp-json\/wp\/v2\/types\/post"}],"author":[{"embeddable":true,"href":"https:\/\/diarioelpopular.com\/index.php\/wp-json\/wp\/v2\/users\/5842"}],"replies":[{"embeddable":true,"href":"https:\/\/diarioelpopular.com\/index.php\/wp-json\/wp\/v2\/comments?post=461128"}],"version-history":[{"count":1,"href":"https:\/\/diarioelpopular.com\/index.php\/wp-json\/wp\/v2\/posts\/461128\/revisions"}],"predecessor-version":[{"id":461130,"href":"https:\/\/diarioelpopular.com\/index.php\/wp-json\/wp\/v2\/posts\/461128\/revisions\/461130"}],"wp:attachment":[{"href":"https:\/\/diarioelpopular.com\/index.php\/wp-json\/wp\/v2\/media?parent=461128"}],"wp:term":[{"taxonomy":"category","embeddable":true,"href":"https:\/\/diarioelpopular.com\/index.php\/wp-json\/wp\/v2\/categories?post=461128"},{"taxonomy":"post_tag","embeddable":true,"href":"https:\/\/diarioelpopular.com\/index.php\/wp-json\/wp\/v2\/tags?post=461128"}],"curies":[{"name":"wp","href":"https:\/\/api.w.org\/{rel}","templated":true}]}}