{"id":461148,"date":"2015-04-05T20:29:34","date_gmt":"2015-04-06T00:29:34","guid":{"rendered":"http:\/\/diarioelpopular.com\/?p=461148"},"modified":"2015-04-05T20:29:41","modified_gmt":"2015-04-06T00:29:41","slug":"el-aceleron-de-james-rodriguez","status":"publish","type":"post","link":"https:\/\/diarioelpopular.com\/index.php\/2015\/04\/05\/el-aceleron-de-james-rodriguez\/","title":{"rendered":"El aceler\u00f3n de James Rodr\u00edguez"},"content":{"rendered":"<div id=\"attachment_461149\" style=\"width: 570px\" class=\"wp-caption aligncenter\"><a href=\"https:\/\/diarioelpopular.com\/wp-content\/uploads\/2015\/04\/1428259481_120979_1428260181_noticia_normal.jpg\"><img loading=\"lazy\" decoding=\"async\" aria-describedby=\"caption-attachment-461149\" class=\"size-full wp-image-461149\" src=\"https:\/\/diarioelpopular.com\/wp-content\/uploads\/2015\/04\/1428259481_120979_1428260181_noticia_normal.jpg\" alt=\"James, durante el partido contra el Granada\" width=\"560\" height=\"534\" \/><\/a><p id=\"caption-attachment-461149\" class=\"wp-caption-text\">James, durante el partido contra el Granada<\/p><\/div>\n<p style=\"color: #333333\">El d\u00eda de los cinco goles de Cristiano y de la hist\u00f3rica goleada del Madrid al Granada (9-1) fue tambi\u00e9n el d\u00eda de James. Dos meses despu\u00e9s de la fractura en el quinto metatarsiano del pie derecho volv\u00eda el colombiano al Bernab\u00e9u. Se fue un mi\u00e9rcoles de febrero con un golazo en plancha y regres\u00f3 un domingo de abril con dos asistencias. Una para Cristiano, con un giro de tobillo que dej\u00f3 boquiabiertos los defensas del Granada; y otro para Benzema, esta vez desde el saque de esquina.<\/p>\n<p style=\"color: #333333\">Con la baja de Isco por sanci\u00f3n, James fue titular.\u00a0<a style=\"color: #016ca2\" href=\"http:\/\/deportes.elpais.com\/deportes\/2015\/04\/04\/actualidad\/1428160679_029868.html\" target=\"_blank\">Jug\u00f3 61 minutos<\/a>\u00a0y dej\u00f3 muy buenas sensaciones: adem\u00e1s de las dos asistencias, meti\u00f3 9 centros al \u00e1rea, dio 58 pases buenos de 68 y particip\u00f3 en 50 acciones. S\u00f3lo Cristiano (52) y Marcelo (59) tuvieron m\u00e1s presencia tambi\u00e9n porque jugaron los 90 minutos. Ancelotti vuelve a tener el mismo dilema de siempre para el partido del mi\u00e9rcoles contra el Rayo. Hay<em>overbooking<\/em>\u00a0en la plantilla y m\u00e1s con la vuelta de Isco. \u201cDoce no van a poder jugar, as\u00ed que me tocar\u00e1 ver y descartar el que peor est\u00e9\u201d, dijo el italiano que ayer, con el 5-0, aprovech\u00f3 para hacer las rotaciones que hab\u00eda prometido. A la hora de partido Illarramendi entr\u00f3 por Kroos, Jes\u00e9 por James y\u00a0<a style=\"color: #016ca2\" href=\"http:\/\/deportes.elpais.com\/deportes\/2015\/04\/02\/actualidad\/1427990001_484777.html\" target=\"_blank\">Chicharito<\/a>\u00a0por Benzema.<\/p>\n<p style=\"color: #333333\">James volvi\u00f3 como si nunca se hubiese ido. Llevaba dos meses fuera, pero igual que ya ocurriera con Luka Modric, la ausencia no afect\u00f3 su ritmo de competici\u00f3n.\u00a0<a style=\"color: #016ca2\" href=\"http:\/\/deportes.elpais.com\/deportes\/2015\/04\/05\/actualidad\/1428235258_828799.html\" target=\"_blank\">\u201cHa jugado un partido muy bueno<\/a>, no se ha notado que llevaba dos meses fuera. Ha puesto calidad, intensidad y nos ha ayudado porque es un jugador que verticaliza mucho el juego del equipo y siempre con buen criterio\u201d, analiz\u00f3 Ancelotti.<\/p>\n<p style=\"color: #333333\"><a style=\"color: #016ca2\" href=\"http:\/\/deportes.elpais.com\/deportes\/2015\/04\/04\/actualidad\/1428141072_769762.html\" target=\"_blank\">Una profundidad que en muchos partidos el Madrid ha echado de menos<\/a>. \u201cEstoy feliz. Despu\u00e9s de sesenta d\u00edas fuera creo que he hecho un buen partido. Estas semanas he hecho trabajo f\u00edsico y de cardio para estar bien el d\u00eda de mi regreso\u201d, coment\u00f3 el jugador colombiano que aprovech\u00f3 el par\u00f3n por los compromisos internacionales para terminar su puesta a punto.<\/p>\n<p style=\"color: #333333\">\u201cEsto es posible por los m\u00e9dicos y los fisioterapeutas que me ayudaron mucho.\u00a0<a style=\"color: #016ca2\" href=\"http:\/\/deportes.elpais.com\/deportes\/2015\/04\/03\/actualidad\/1428052331_657272.html\" target=\"_blank\">\u00a1Yo quer\u00eda estar antes!<\/a>\u00a0He trabajado con ellos ma\u00f1ana, tarde y noche\u201d, prosigui\u00f3 James, que con diez pases de gol supera a Karim Benzema (9) y se convierte en el segundo m\u00e1ximo asistente del Real Madrid despu\u00e9s de Cristiano Ronaldo (11).<\/p>\n<p style=\"color: #333333\">\u201cTodos estamos bien ahora y eso es bueno para que podamos lograr cosas, independientemente del que juegue o no. Estamos preparados: tenemos talento y fe para lograrlo\u201d, coment\u00f3 el colombiano sobre los nueve partidos que quedan para que termine la Liga.\u00a0<a style=\"color: #016ca2\" href=\"http:\/\/deportes.elpais.com\/deportes\/2015\/02\/08\/actualidad\/1423418479_712860.html\" target=\"_blank\">Le preguntaron incluso por su presencia \u2014a los pocos d\u00edas de pasar por el quir\u00f3fano\u2014 en la fiesta de cumplea\u00f1os de Cristiano Ronaldo<\/a>. La que se celebr\u00f3 la misma noche de la debacle (4-0) en el Calder\u00f3n. \u201cEstuve sentado y quieto. Todos hablaban de que estuve bailando, pero no es as\u00ed, estuve sentado con el pie arriba. Soy amigo de Cristiano y deb\u00eda estar con \u00e9l en esa fiesta. Era una fiesta privada de la que no quiero hablar m\u00e1s\u201d, zanj\u00f3. Ahora s\u00f3lo quiere hablar de remontada.<\/p>\n","protected":false},"excerpt":{"rendered":"<p>El colombiano da dos asistencias el d\u00eda de su regreso<br \/>\n\u201cYo quer\u00eda volver antes\u201d, dice despu\u00e9s de estar dos meses fuera<\/p>\n","protected":false},"author":5842,"featured_media":0,"comment_status":"open","ping_status":"open","sticky":false,"template":"","format":"standard","meta":{"footnotes":""},"categories":[28],"tags":[],"class_list":["post-461148","post","type-post","status-publish","format-standard","hentry","category-deportes"],"_links":{"self":[{"href":"https:\/\/diarioelpopular.com\/index.php\/wp-json\/wp\/v2\/posts\/461148","targetHints":{"allow":["GET"]}}],"collection":[{"href":"https:\/\/diarioelpopular.com\/index.php\/wp-json\/wp\/v2\/posts"}],"about":[{"href":"https:\/\/diarioelpopular.com\/index.php\/wp-json\/wp\/v2\/types\/post"}],"author":[{"embeddable":true,"href":"https:\/\/diarioelpopular.com\/index.php\/wp-json\/wp\/v2\/users\/5842"}],"replies":[{"embeddable":true,"href":"https:\/\/diarioelpopular.com\/index.php\/wp-json\/wp\/v2\/comments?post=461148"}],"version-history":[{"count":1,"href":"https:\/\/diarioelpopular.com\/index.php\/wp-json\/wp\/v2\/posts\/461148\/revisions"}],"predecessor-version":[{"id":461150,"href":"https:\/\/diarioelpopular.com\/index.php\/wp-json\/wp\/v2\/posts\/461148\/revisions\/461150"}],"wp:attachment":[{"href":"https:\/\/diarioelpopular.com\/index.php\/wp-json\/wp\/v2\/media?parent=461148"}],"wp:term":[{"taxonomy":"category","embeddable":true,"href":"https:\/\/diarioelpopular.com\/index.php\/wp-json\/wp\/v2\/categories?post=461148"},{"taxonomy":"post_tag","embeddable":true,"href":"https:\/\/diarioelpopular.com\/index.php\/wp-json\/wp\/v2\/tags?post=461148"}],"curies":[{"name":"wp","href":"https:\/\/api.w.org\/{rel}","templated":true}]}}