{"id":461168,"date":"2015-04-07T13:41:55","date_gmt":"2015-04-07T17:41:55","guid":{"rendered":"http:\/\/diarioelpopular.com\/?p=461168"},"modified":"2015-04-07T13:42:07","modified_gmt":"2015-04-07T17:42:07","slug":"crecieron-10-7-las-exportaciones-a-canada","status":"publish","type":"post","link":"https:\/\/diarioelpopular.com\/index.php\/2015\/04\/07\/crecieron-10-7-las-exportaciones-a-canada\/","title":{"rendered":"Crecieron 10.7% las exportaciones a Canad\u00e1"},"content":{"rendered":"<p>&nbsp;<\/p>\n<div id=\"attachment_461169\" style=\"width: 570px\" class=\"wp-caption aligncenter\"><a href=\"https:\/\/diarioelpopular.com\/wp-content\/uploads\/2015\/04\/314b5650-a3ad-4cb7-9767-86a65a91ee50.jpg\"><img loading=\"lazy\" decoding=\"async\" aria-describedby=\"caption-attachment-461169\" class=\"size-large wp-image-461169\" src=\"https:\/\/diarioelpopular.com\/wp-content\/uploads\/2015\/04\/314b5650-a3ad-4cb7-9767-86a65a91ee50-560x379.jpg\" alt=\"Las principales exportaciones mexicanas a Canad\u00e1 en febrero pasado correspondieron a equipo relacionado con aeronaves, buques y veh\u00edculos de transportaci\u00f3n.\" width=\"560\" height=\"379\" \/><\/a><p id=\"caption-attachment-461169\" class=\"wp-caption-text\">Las principales exportaciones mexicanas a Canad\u00e1 en febrero pasado correspondieron a equipo relacionado con aeronaves, buques y veh\u00edculos de transportaci\u00f3n.<\/p><\/div>\n<p><span style=\"color: #000000\"><strong><em>TORONTO<\/em><\/strong>, Canad\u00e1. (Notimex).- Las exportaciones mexicanas al mercado canadiense crecieron 10.7 por ciento en el \u00faltimo a\u00f1o, al pasar de mil 800 millones de d\u00f3lares en febrero de 2014 a mil 994 millones de d\u00f3lares en el mismo mes de este a\u00f1o, inform\u00f3 Estad\u00edsticas Canad\u00e1.<\/span><br style=\"color: #000000\" \/><br style=\"color: #000000\" \/><span style=\"color: #000000\">En tanto, que las exportaciones canadienses a M\u00e9xico durante el mismo periodo subieron 14 por ciento, al pasar de 311 millones 732 mil d\u00f3lares en febrero del a\u00f1o pasado a 356 millones 60 mil d\u00f3lares en el mismo mes de 2015.<\/span><br style=\"color: #000000\" \/><br style=\"color: #000000\" \/><span style=\"color: #000000\">La fuente indic\u00f3 que las principales exportaciones mexicanas a Canad\u00e1 en febrero pasado correspondieron a equipo relacionado con aeronaves, buques y veh\u00edculos de transportaci\u00f3n, que totalizaron 694 millones 298 mil d\u00f3lares.<\/span><br style=\"color: #000000\" \/><br style=\"color: #000000\" \/><span style=\"color: #000000\">M\u00e9xico tambi\u00e9n export\u00f3 en ese mes a Canad\u00e1 maquinaria y aparatos mec\u00e1nicos, grabadoras y reproductoras de sonido, equipo el\u00e9ctrico y accesorios relacionados con equipo de sonido, por un monto de 678 millones 197 mil d\u00f3lares.<\/span><br style=\"color: #000000\" \/><br style=\"color: #000000\" \/><span style=\"color: #000000\">Los productos vegetales mexicanos exportados en febrero alcanzaron los 140 millones 894 mil d\u00f3lares, en su mayor\u00eda plantas, \u00e1rboles, bulbos, ra\u00edces, flores, aceites comestibles, frutas y c\u00edtricos, caf\u00e9, especias, cereales, plantas medicinales y frutas oleaginosas.<\/span><br style=\"color: #000000\" \/><br style=\"color: #000000\" \/><span style=\"color: #000000\">Los productos minerales mexicanos, como sal, azufre, sustancias bituminosas, combustibles y aceites minerales, que fueron exportados en octubre a este pa\u00eds, alcanzaron los 91 millones 949 mil d\u00f3lares.<\/span><br style=\"color: #000000\" \/><br style=\"color: #000000\" \/><span style=\"color: #000000\">En tanto, la mayor\u00eda de los productos canadienses exportados a M\u00e9xico en febrero fueron piezas met\u00e1licas por un monto de 67 millones 532 mil d\u00f3lares, seguido de productos relacionados con maquinaria y aparatos mec\u00e1nicos por un total de 54 millones 681 mil d\u00f3lares. Canad\u00e1 tambi\u00e9n export\u00f3 a M\u00e9xico productos relacionados con maquinaria y aparatos mec\u00e1nicos y el\u00e9ctricos, que alcanzaron los 37 millones 463 mil d\u00f3lares.<\/span><br style=\"color: #000000\" \/><br style=\"color: #000000\" \/><span style=\"color: #000000\">Las exportaciones mexicanas durante febrero muestran un super\u00e1vit de mil 638 millones de d\u00f3lares en la balanza comercial con Canad\u00e1, monto 10 por ciento mayor al registrado en febrero de 2014 (mil 489 millones de d\u00f3lares).\u00a0<\/span><\/p>\n","protected":false},"excerpt":{"rendered":"<p>Las exportaciones mexicanas al mercado canadiense crecieron 10.7 por ciento en el \u00faltimo a\u00f1o.<\/p>\n","protected":false},"author":5842,"featured_media":0,"comment_status":"open","ping_status":"open","sticky":false,"template":"","format":"standard","meta":{"footnotes":""},"categories":[21],"tags":[],"class_list":["post-461168","post","type-post","status-publish","format-standard","hentry","category-canada"],"_links":{"self":[{"href":"https:\/\/diarioelpopular.com\/index.php\/wp-json\/wp\/v2\/posts\/461168","targetHints":{"allow":["GET"]}}],"collection":[{"href":"https:\/\/diarioelpopular.com\/index.php\/wp-json\/wp\/v2\/posts"}],"about":[{"href":"https:\/\/diarioelpopular.com\/index.php\/wp-json\/wp\/v2\/types\/post"}],"author":[{"embeddable":true,"href":"https:\/\/diarioelpopular.com\/index.php\/wp-json\/wp\/v2\/users\/5842"}],"replies":[{"embeddable":true,"href":"https:\/\/diarioelpopular.com\/index.php\/wp-json\/wp\/v2\/comments?post=461168"}],"version-history":[{"count":1,"href":"https:\/\/diarioelpopular.com\/index.php\/wp-json\/wp\/v2\/posts\/461168\/revisions"}],"predecessor-version":[{"id":461170,"href":"https:\/\/diarioelpopular.com\/index.php\/wp-json\/wp\/v2\/posts\/461168\/revisions\/461170"}],"wp:attachment":[{"href":"https:\/\/diarioelpopular.com\/index.php\/wp-json\/wp\/v2\/media?parent=461168"}],"wp:term":[{"taxonomy":"category","embeddable":true,"href":"https:\/\/diarioelpopular.com\/index.php\/wp-json\/wp\/v2\/categories?post=461168"},{"taxonomy":"post_tag","embeddable":true,"href":"https:\/\/diarioelpopular.com\/index.php\/wp-json\/wp\/v2\/tags?post=461168"}],"curies":[{"name":"wp","href":"https:\/\/api.w.org\/{rel}","templated":true}]}}