{"id":461187,"date":"2015-04-08T00:03:25","date_gmt":"2015-04-08T04:03:25","guid":{"rendered":"http:\/\/diarioelpopular.com\/?p=461187"},"modified":"2015-04-07T21:15:11","modified_gmt":"2015-04-08T01:15:11","slug":"college-y-spadina-cerrada-durante-3-semanas","status":"publish","type":"post","link":"https:\/\/diarioelpopular.com\/index.php\/2015\/04\/08\/college-y-spadina-cerrada-durante-3-semanas\/","title":{"rendered":"College y Spadina cerrada durante 3 semanas"},"content":{"rendered":"<div id=\"attachment_461188\" style=\"width: 570px\" class=\"wp-caption aligncenter\"><a href=\"https:\/\/diarioelpopular.com\/wp-content\/uploads\/2015\/04\/foto-1-breves-11.jpg\"><img loading=\"lazy\" decoding=\"async\" aria-describedby=\"caption-attachment-461188\" class=\"size-large wp-image-461188\" src=\"https:\/\/diarioelpopular.com\/wp-content\/uploads\/2015\/04\/foto-1-breves-11-560x560.jpg\" alt=\"Cerrada hasta el 27 abril para reparaciones en la v\u00eda de tranv\u00eda. Foto Cortes\u00eda 680 News\" width=\"560\" height=\"560\" \/><\/a><p id=\"caption-attachment-461188\" class=\"wp-caption-text\">Cerrada hasta el 27 abril para reparaciones en la v\u00eda de tranv\u00eda. Foto Cortes\u00eda 680 News<\/p><\/div>\n<p><strong><em>TORONTO.-<\/em> <\/strong>Por trabajos en la pista del TTC, la intersecci\u00f3n College y Spadina ser\u00e1 cerrada durante 3 semanas.<\/p>\n<p>El \u00e1rea ser\u00e1 bloqueada de acceso vehicular hasta el 27 abril para reparaciones en la v\u00eda de tranv\u00eda.<\/p>\n<p>Funcionarios de la Alcald\u00eda de Toronto informaron que el tr\u00e1fico hacia el este de University ser\u00e1 desviado a Bathurst.<\/p>\n<p>Mientras que el tr\u00e1fico en direcci\u00f3n oeste de University ser\u00e1 desviado a las calles McCaul, St. George o Beverley.<\/p>\n<p>El tr\u00e1fico en direcci\u00f3n norte sobre Spadina ser\u00e1 desviado a Dundas Street o Nassau.<\/p>\n<p>El tr\u00e1fico hacia el sur ser\u00e1 desviado a Bloor, Sussex o Harbord.<\/p>\n<p>Los peatones y ciclistas podr\u00e1n transitar a trav\u00e9s de la intersecci\u00f3n mientras que se realicen las obras.<\/p>\n","protected":false},"excerpt":{"rendered":"<p>Por trabajos en la pista del TTC, la intersecci\u00f3n College y Spadina ser\u00e1 cerrada durante 3 semanas.<\/p>\n","protected":false},"author":5842,"featured_media":0,"comment_status":"open","ping_status":"open","sticky":false,"template":"","format":"standard","meta":{"footnotes":""},"categories":[21],"tags":[],"class_list":["post-461187","post","type-post","status-publish","format-standard","hentry","category-canada"],"_links":{"self":[{"href":"https:\/\/diarioelpopular.com\/index.php\/wp-json\/wp\/v2\/posts\/461187","targetHints":{"allow":["GET"]}}],"collection":[{"href":"https:\/\/diarioelpopular.com\/index.php\/wp-json\/wp\/v2\/posts"}],"about":[{"href":"https:\/\/diarioelpopular.com\/index.php\/wp-json\/wp\/v2\/types\/post"}],"author":[{"embeddable":true,"href":"https:\/\/diarioelpopular.com\/index.php\/wp-json\/wp\/v2\/users\/5842"}],"replies":[{"embeddable":true,"href":"https:\/\/diarioelpopular.com\/index.php\/wp-json\/wp\/v2\/comments?post=461187"}],"version-history":[{"count":1,"href":"https:\/\/diarioelpopular.com\/index.php\/wp-json\/wp\/v2\/posts\/461187\/revisions"}],"predecessor-version":[{"id":461189,"href":"https:\/\/diarioelpopular.com\/index.php\/wp-json\/wp\/v2\/posts\/461187\/revisions\/461189"}],"wp:attachment":[{"href":"https:\/\/diarioelpopular.com\/index.php\/wp-json\/wp\/v2\/media?parent=461187"}],"wp:term":[{"taxonomy":"category","embeddable":true,"href":"https:\/\/diarioelpopular.com\/index.php\/wp-json\/wp\/v2\/categories?post=461187"},{"taxonomy":"post_tag","embeddable":true,"href":"https:\/\/diarioelpopular.com\/index.php\/wp-json\/wp\/v2\/tags?post=461187"}],"curies":[{"name":"wp","href":"https:\/\/api.w.org\/{rel}","templated":true}]}}