{"id":461199,"date":"2015-04-09T00:01:54","date_gmt":"2015-04-09T04:01:54","guid":{"rendered":"http:\/\/diarioelpopular.com\/?p=461199"},"modified":"2015-04-07T21:24:14","modified_gmt":"2015-04-08T01:24:14","slug":"glaciares-canadienses-se-estan-derritiendo-significativamente","status":"publish","type":"post","link":"https:\/\/diarioelpopular.com\/index.php\/2015\/04\/09\/glaciares-canadienses-se-estan-derritiendo-significativamente\/","title":{"rendered":"Glaciares canadienses se est\u00e1n derritiendo significativamente"},"content":{"rendered":"<div id=\"attachment_461200\" style=\"width: 570px\" class=\"wp-caption aligncenter\"><a href=\"https:\/\/diarioelpopular.com\/wp-content\/uploads\/2015\/04\/foto-1breves-2.jpg\"><img loading=\"lazy\" decoding=\"async\" aria-describedby=\"caption-attachment-461200\" class=\"size-large wp-image-461200\" src=\"https:\/\/diarioelpopular.com\/wp-content\/uploads\/2015\/04\/foto-1breves-2-560x420.jpg\" alt=\"Miles de glaciares en BC y Alberta perder\u00e1n entre 60 a 80 por ciento de su volumen. Foto Cortes\u00eda Calgary Herald.\" width=\"560\" height=\"420\" \/><\/a><p id=\"caption-attachment-461200\" class=\"wp-caption-text\">Miles de glaciares en BC y Alberta perder\u00e1n entre 60 a 80 por ciento de su volumen. Foto Cortes\u00eda Calgary Herald.<\/p><\/div>\n<p><strong><em>TORONTO.-<\/em><\/strong> La mayor\u00eda de los glaciares del oeste de Canad\u00e1 se derretir\u00e1n para las pr\u00f3ximas tres generaciones, advirtieron cient\u00edficos.<\/p>\n<p>Un reciente estudio, empleando simulaci\u00f3n por ordenador en 3D, revel\u00f3 la magnitud del deshielo de los glaciares debido al cambio clim\u00e1tico.<\/p>\n<p>El estudio, publicado en la revista Nature Geoscience bajo el t\u00edtulo de \u201cDesglaciaci\u00f3n en el Occidente de Canad\u00e1, siglo XXI &#8220;, fue encabezada por Garry Clarke, Profesor de la Universidad de British Columbia, en Vancouver.<\/p>\n<p>&#8220;La desaparici\u00f3n de los glaciares ser\u00e1 una p\u00e9rdida para la belleza de los paisajes de monta\u00f1a de Canad\u00e1&#8221;, dijo Clarke.<\/p>\n<p>&#8220;Cuando desaparecen los glaciares, perdemos la protecci\u00f3n contra per\u00edodos c\u00e1lidos y secos a finales de verano, que mantiene a arroyos de cabecera que fluyen y refrescan, manteniendo a las especies acu\u00e1ticas de agua fr\u00eda\u201d.<\/p>\n<p>Miles de glaciares en BC y Alberta perder\u00e1n entre 60 a 80 por ciento de su volumen, en comparaci\u00f3n con 2005.<\/p>\n<p>El estudio proyecta que la tasa m\u00e1xima de hielo en p\u00e9rdida de volumen se producir\u00e1 entre 2020 y 2040.<\/p>\n","protected":false},"excerpt":{"rendered":"<p>La mayor\u00eda de los glaciares del oeste de Canad\u00e1 se derretir\u00e1n para las pr\u00f3ximas tres generaciones, advirtieron cient\u00edficos.<\/p>\n","protected":false},"author":5842,"featured_media":0,"comment_status":"open","ping_status":"open","sticky":false,"template":"","format":"standard","meta":{"footnotes":""},"categories":[21],"tags":[],"class_list":["post-461199","post","type-post","status-publish","format-standard","hentry","category-canada"],"_links":{"self":[{"href":"https:\/\/diarioelpopular.com\/index.php\/wp-json\/wp\/v2\/posts\/461199","targetHints":{"allow":["GET"]}}],"collection":[{"href":"https:\/\/diarioelpopular.com\/index.php\/wp-json\/wp\/v2\/posts"}],"about":[{"href":"https:\/\/diarioelpopular.com\/index.php\/wp-json\/wp\/v2\/types\/post"}],"author":[{"embeddable":true,"href":"https:\/\/diarioelpopular.com\/index.php\/wp-json\/wp\/v2\/users\/5842"}],"replies":[{"embeddable":true,"href":"https:\/\/diarioelpopular.com\/index.php\/wp-json\/wp\/v2\/comments?post=461199"}],"version-history":[{"count":1,"href":"https:\/\/diarioelpopular.com\/index.php\/wp-json\/wp\/v2\/posts\/461199\/revisions"}],"predecessor-version":[{"id":461201,"href":"https:\/\/diarioelpopular.com\/index.php\/wp-json\/wp\/v2\/posts\/461199\/revisions\/461201"}],"wp:attachment":[{"href":"https:\/\/diarioelpopular.com\/index.php\/wp-json\/wp\/v2\/media?parent=461199"}],"wp:term":[{"taxonomy":"category","embeddable":true,"href":"https:\/\/diarioelpopular.com\/index.php\/wp-json\/wp\/v2\/categories?post=461199"},{"taxonomy":"post_tag","embeddable":true,"href":"https:\/\/diarioelpopular.com\/index.php\/wp-json\/wp\/v2\/tags?post=461199"}],"curies":[{"name":"wp","href":"https:\/\/api.w.org\/{rel}","templated":true}]}}