{"id":461215,"date":"2015-04-07T21:45:49","date_gmt":"2015-04-08T01:45:49","guid":{"rendered":"http:\/\/diarioelpopular.com\/?p=461215"},"modified":"2015-04-07T21:45:55","modified_gmt":"2015-04-08T01:45:55","slug":"nisman-de-heroe-a-apestado","status":"publish","type":"post","link":"https:\/\/diarioelpopular.com\/index.php\/2015\/04\/07\/nisman-de-heroe-a-apestado\/","title":{"rendered":"Nisman, de h\u00e9roe a apestado"},"content":{"rendered":"<div id=\"attachment_461216\" style=\"width: 570px\" class=\"wp-caption aligncenter\"><a href=\"https:\/\/diarioelpopular.com\/wp-content\/uploads\/2015\/04\/1428436648_939120_1428436992_noticia_normal.jpg\"><img loading=\"lazy\" decoding=\"async\" aria-describedby=\"caption-attachment-461216\" class=\"size-full wp-image-461216\" src=\"https:\/\/diarioelpopular.com\/wp-content\/uploads\/2015\/04\/1428436648_939120_1428436992_noticia_normal.jpg\" alt=\"Protesta en Buenos Aires por el 'caso Nisman'. \" width=\"560\" height=\"366\" \/><\/a><p id=\"caption-attachment-461216\" class=\"wp-caption-text\">Protesta en Buenos Aires por el &#8216;caso Nisman&#8217;.<\/p><\/div>\n<p style=\"color: #333333\"><strong><em>BUENOS AIRES.-<\/em><\/strong> Unas 400.000 personas marcharon en Buenos Aires\u00a0<a style=\"color: #016ca2\" href=\"http:\/\/internacional.elpais.com\/internacional\/2015\/02\/18\/actualidad\/1424297883_889426.html\">hace menos de dos meses<\/a>, el 18 de febrero, con el lema &#8220;todos somos Nisman&#8221;, para honrar al fiscal argentino que apareci\u00f3 muerto con un tiro en la cabeza un d\u00eda antes de comparecer en el Congreso para explicar su denuncia contra la presidenta Cristina Fern\u00e1ndez de Kirchner. Sin embargo,\u00a0<a style=\"color: #016ca2\" href=\"http:\/\/elpais.com\/tag\/natalio_alberto_nisman\/a\/\" target=\"_blank\">Nisman<\/a>\u00a0ha pasado de h\u00e9roe a apestado mientras su exmujer, Sandra Arroyo Salgado, y la fiscal del caso, Viviana Fein, luchan cuerpo a cuerpo en los tribunales para tratar de impulsar ante la juez sus teor\u00edas: Arroyo est\u00e1 convencida de que fue un asesinato y Fein no descarta el suicidio. La exmujer reclama apartar a la fiscal, muy criticada, por &#8220;falta de objetividad y neutralidad&#8221; y la juez tiene que decidir c\u00f3mo desbloquear un caso que no avanza.<\/p>\n<p style=\"color: #333333\">Este careo\u00a0<a style=\"color: #016ca2\" href=\"http:\/\/internacional.elpais.com\/internacional\/2015\/03\/05\/actualidad\/1425577798_713647.html\">entre Arroyo y Fein ante la juez<\/a>\u00a0del caso llega en medio de una fort\u00edsima campa\u00f1a del propio Gobierno y de su entorno contra Nisman. La imagen del fiscal se ha hundido despu\u00e9s de que aparecieran fotos suyas con mujeres m\u00e1s j\u00f3venes. Las fotos estaban en su m\u00f3vil y la juez investiga a la polic\u00eda por filtrarlas. Pero sobre todo lo que le hundi\u00f3 es que se supiera que ten\u00eda una cuenta oculta en Nueva York que compart\u00eda con el inform\u00e1tico que le dio el arma, Diego Lagomarsino. Este dice que le daba la mitad de su sueldo \u2014p\u00fablico\u2014 a Nisman.<\/p>\n<p style=\"color: #333333\">El giro es completo, tanto que\u00a0<a style=\"color: #016ca2\" href=\"http:\/\/internacional.elpais.com\/internacional\/2015\/03\/27\/actualidad\/1427418958_123850.html\">un fiscal trata ahora de imputar a la madre de Nisman<\/a>, su hermana y Lagomarsino por evasi\u00f3n y lavado de dinero a trav\u00e9s de esa cuenta. De denunciante pasar\u00eda as\u00ed a denunciado. El fiscal no puede acusar a Nisman porque falleci\u00f3, pero s\u00ed a su madre y hermana. En Buenos Aires hay incluso carteles con la foto del fiscal con mujeres en una fiesta y la pregunta: &#8220;\u00bfTodos somos Nisman?&#8221;. Por si hubiera dudas de la posici\u00f3n del Gobierno, el jefe de Gabinete de Kirchner, An\u00edbal Fern\u00e1ndez, fue muy claro: &#8220;Nisman dedicaba los fondos p\u00fablicos a salir con minas (mujeres) y pagar \u00f1oquis (funcionarios que cobran y no hacen nada, por Lagomarsino). Un sinverg\u00fcenza como pocos se han visto en este pa\u00eds&#8221;. A la vez en algunos barrios de Buenos Aires tambi\u00e9n se ven carteles a favor de Nisman y de su denuncia contra la presidenta.<\/p>\n<p style=\"color: #333333\">Las fuentes judiciales argentinas consultadas creen que el caso se va a complicar porque se cometieron muchos errores\u00a0<a style=\"color: #016ca2\" href=\"http:\/\/elpais.com\/elpais\/2015\/03\/20\/album\/1426887617_867934.html#1426887617_867934_1426889740\">en las primeras horas tras el asesinato<\/a>, cuando llegaron los investigadores, y eso va a dificultar mucho saber la verdad. Cualquier investigaci\u00f3n est\u00e1 viciada por las decisiones de la fiscal y los movimientos de los polic\u00edas en esas primeras horas, se\u00f1alan.<\/p>\n<p style=\"color: #333333\">La ofensiva del Gobierno no es solo contra Nisman, sino sobre todo contra Antonio Stiusso, que hasta diciembre fue\u00a0<a style=\"color: #016ca2\" href=\"http:\/\/internacional.elpais.com\/internacional\/2015\/01\/23\/actualidad\/1421968757_733999.html\">el esp\u00eda m\u00e1s poderoso de Argentina<\/a>\u00a0y conexi\u00f3n directa con Nisman, que intent\u00f3 hablar con \u00e9l poco antes de morir. Kirchner cree que \u00e9l fue el cerebro de la denuncia del fiscal contra ella. Stiusso se enfrenta a denuncias por lavado de dinero y ha huido de Argentina para evitar que lo encarcelen. El lunes lo citaron en la Casa Rosada (sede del Gobierno) para hacerle una especie de juicio pol\u00edtico. No compareci\u00f3, y ahora se enfrentar\u00e1 no solo al Gobierno sino a la maquinaria judicial por sus negocios oscuros. Stiusso fue muy cercano a los Kirchner y ahora es el enemigo p\u00fablico n\u00famero uno, como dej\u00f3 claro la semana pasada \u00d3scar Parrilli, actual jefe de los servicios secretos: &#8220;Lamentablemente durante 30 a\u00f1os la democracia convivi\u00f3 con este se\u00f1or. Desde 1983 nada se hizo, y este hombre fue adquiriendo cada vez m\u00e1s poder, y nadie fue capaz de ponerle el cascabel al gato&#8221;.<\/p>\n<p style=\"color: #333333\">La ofensiva del Gobierno contra Stiusso y Nisman ha tenido su \u00faltimo episodio el martes a \u00faltima hora de la tarde, hora argentina. Parrilli, jefe del espionaje argentino, ha comparecido en rueda de prensa en la Casa Rosada para anunciar que el Gobierno ha denunciado penalmente a Stiusso por violaci\u00f3n de deberes como funcionario p\u00fablico y por ocultar a su agencia de espionaje las actividades que manten\u00eda, en conexi\u00f3n con Nisman, en el caso del atentado de la AMIA (una asociaci\u00f3n jud\u00eda argentina) en 1994, el que origin\u00f3 la denuncia. Parrilli acus\u00f3 a Stiusso y al propio Nisman de no haber hecho bien su trabajo. &#8220;En 20 a\u00f1os de investigaci\u00f3n no se encontraron culpables. Desde las tareas de Nisman y Stiusso no se produjo ning\u00fan resultado&#8221;, les reproch\u00f3<\/p>\n","protected":false},"excerpt":{"rendered":"<p>La imagen del fiscal argentino se hunde tras la revelaci\u00f3n de que ten\u00eda una cuenta oculta en Nueva York<\/p>\n","protected":false},"author":5842,"featured_media":0,"comment_status":"open","ping_status":"open","sticky":false,"template":"","format":"standard","meta":{"footnotes":""},"categories":[23],"tags":[],"class_list":["post-461215","post","type-post","status-publish","format-standard","hentry","category-latinoamerica"],"_links":{"self":[{"href":"https:\/\/diarioelpopular.com\/index.php\/wp-json\/wp\/v2\/posts\/461215","targetHints":{"allow":["GET"]}}],"collection":[{"href":"https:\/\/diarioelpopular.com\/index.php\/wp-json\/wp\/v2\/posts"}],"about":[{"href":"https:\/\/diarioelpopular.com\/index.php\/wp-json\/wp\/v2\/types\/post"}],"author":[{"embeddable":true,"href":"https:\/\/diarioelpopular.com\/index.php\/wp-json\/wp\/v2\/users\/5842"}],"replies":[{"embeddable":true,"href":"https:\/\/diarioelpopular.com\/index.php\/wp-json\/wp\/v2\/comments?post=461215"}],"version-history":[{"count":1,"href":"https:\/\/diarioelpopular.com\/index.php\/wp-json\/wp\/v2\/posts\/461215\/revisions"}],"predecessor-version":[{"id":461217,"href":"https:\/\/diarioelpopular.com\/index.php\/wp-json\/wp\/v2\/posts\/461215\/revisions\/461217"}],"wp:attachment":[{"href":"https:\/\/diarioelpopular.com\/index.php\/wp-json\/wp\/v2\/media?parent=461215"}],"wp:term":[{"taxonomy":"category","embeddable":true,"href":"https:\/\/diarioelpopular.com\/index.php\/wp-json\/wp\/v2\/categories?post=461215"},{"taxonomy":"post_tag","embeddable":true,"href":"https:\/\/diarioelpopular.com\/index.php\/wp-json\/wp\/v2\/tags?post=461215"}],"curies":[{"name":"wp","href":"https:\/\/api.w.org\/{rel}","templated":true}]}}