{"id":461261,"date":"2015-04-09T18:18:25","date_gmt":"2015-04-09T22:18:25","guid":{"rendered":"http:\/\/diarioelpopular.com\/?p=461261"},"modified":"2015-04-09T18:18:35","modified_gmt":"2015-04-09T22:18:35","slug":"colombia-marcha-en-solidaridad-con-las-victimas-del-conflicto","status":"publish","type":"post","link":"https:\/\/diarioelpopular.com\/index.php\/2015\/04\/09\/colombia-marcha-en-solidaridad-con-las-victimas-del-conflicto\/","title":{"rendered":"Colombia marcha en solidaridad con las v\u00edctimas del conflicto"},"content":{"rendered":"<div id=\"attachment_461262\" style=\"width: 570px\" class=\"wp-caption aligncenter\"><a href=\"https:\/\/diarioelpopular.com\/wp-content\/uploads\/2015\/04\/1428609470_410431_1428610413_noticia_normal.jpg\"><img loading=\"lazy\" decoding=\"async\" aria-describedby=\"caption-attachment-461262\" class=\"size-full wp-image-461262\" src=\"https:\/\/diarioelpopular.com\/wp-content\/uploads\/2015\/04\/1428609470_410431_1428610413_noticia_normal.jpg\" alt=\"Marcha por la Paz, este jueves, en Bogot\u00e1.\" width=\"560\" height=\"320\" \/><\/a><p id=\"caption-attachment-461262\" class=\"wp-caption-text\">Marcha por la Paz, este jueves, en Bogot\u00e1.<\/p><\/div>\n<p style=\"color: #333333\"><strong><em>BOGOTA.-<\/em><\/strong> El llamamiento lo ha hecho la izquierda y el presidente,\u00a0<a style=\"color: #016ca2\" href=\"http:\/\/internacional.elpais.com\/tag\/juan_manuel_santos_calderon\/a\/\">Juan Manuel Santos<\/a>, se ha sumado para conmemorar el d\u00eda de la memoria y solidaridad con las v\u00edctimas que ha dejado el conflicto armado. El momento es decisivo para Colombia porque es ahora cuando se discute en La Habana, con la guerrilla de\u00a0<a style=\"color: #016ca2\" href=\"http:\/\/elpais.com\/tag\/farc_fuerzas_armadas_revolucionarias_colombia\/a\/\">las FARC<\/a>, c\u00f3mo se resarcir\u00e1n los derechos de m\u00e1s de siete millones de afectados y, sobre todo, c\u00f3mo se evitar\u00e1 que su dolor se vuelva a repetir, que haya verdad y justicia. Por eso, la marcha de este jueves, con su epicentro en las calles de Bogot\u00e1, tambi\u00e9n es a favor de una salida negociada al conflicto y un espaldarazo al\u00a0<a style=\"color: #016ca2\" href=\"http:\/\/elpais.com\/tag\/proceso_paz\/a\/\">proceso de paz<\/a>.<\/p>\n<p style=\"color: #333333\">Santos ha aprovechado la movilizaci\u00f3n para anunciar que prorrogar\u00e1 por un mes m\u00e1s la medida que tom\u00f3 en marzo de<a style=\"color: #016ca2\" href=\"http:\/\/internacional.elpais.com\/internacional\/2015\/01\/06\/actualidad\/1420509199_363091.html\">suspender los bombardeos<\/a>\u00a0a los campamentos de los jefes guerrilleros. Y lo hizo porque los militares le confirmaron que las FARC siguen cumpliendo con la tregua unilateral que empez\u00f3 el 20 de diciembre. Esa es la regla y lo seguir\u00e1 siendo de ahora en adelante.<\/p>\n<p style=\"color: #333333\">El 9 de abril es una fecha que los colombianos no olvidan. Este d\u00eda, hace 67 a\u00f1os, una fuerte oleada de violencia se desat\u00f3 en el pa\u00eds tras el asesinato del caudillo liberal Jorge Eli\u00e9cer Gait\u00e1n. La fecha sirve desde hace cuatro a\u00f1os para recordar y homenajear a los ca\u00eddos en medio de una\u00a0<a style=\"color: #016ca2\" href=\"http:\/\/internacional.elpais.com\/internacional\/2012\/08\/28\/actualidad\/1346178006_442323.html\">guerra que en 50 a\u00f1os<\/a>\u00a0se ha cobrado m\u00e1s de 220.000 muertos. Ana Teresa Bernal, Alta Consejera para los derechos de las v\u00edctimas, la define como la \u201cfiesta\u201d de aquellos que esperan que la paz se concrete pronto. \u201cNecesitamos que Colombia se enrumbe por el camino de la vida\u201d, ha dicho hace unas horas, al inicio de la marcha, a las afueras del Centro de Memoria, Paz y Reconciliaci\u00f3n, una construcci\u00f3n que se alza en medio del coraz\u00f3n de Bogot\u00e1.<\/p>\n<p style=\"color: #333333\">Santos y el alcalde de la capital, Gustavo Petro, uno de los grandes promotores de la movilizaci\u00f3n, se han unido para encender una \u201cllama por la paz\u201d, que se mantendr\u00e1 as\u00ed, de manera simb\u00f3lica, hasta el d\u00eda que se\u00a0<a style=\"color: #016ca2\" href=\"http:\/\/internacional.elpais.com\/internacional\/2015\/03\/04\/actualidad\/1425435065_355672.html\">firme la paz con la guerrilla<\/a>. En el acto, el mandatario ha reiterado que no renunciar\u00e1 a su apuesta por una salida negociada al largo conflicto y le ha agradecido a Petro su contribuci\u00f3n. \u201cPor expresar que se puede sin armas\u201d, ha dicho en alusi\u00f3n al proceso de paz al que se acogi\u00f3 la guerrilla del M19 en 1989, en la que el alcalde milit\u00f3. Poco antes, frente a cientos de militares, ha insistido en que el \u201csacrificio de las v\u00edctimas\u201d lo impulsa a continuar con los\u00a0<a style=\"color: #016ca2\" href=\"http:\/\/internacional.elpais.com\/internacional\/2015\/03\/02\/actualidad\/1425294452_073637.html\">di\u00e1logos con las FARC<\/a>.<\/p>\n<p style=\"color: #333333\">En la capital, miles de ciudadanos de a pie con camisetas blancas, v\u00edctimas, sindicalistas, pol\u00edticos, funcionarios, desempleados, el presidente Santos con varios de sus ministros, el alcalde Petro y su gabinete, paralizan el tr\u00e1fico y caminan hasta concentrarse en el parque Sim\u00f3n Bol\u00edvar, donde hay manifestaciones a favor de la paz y un concierto.<\/p>\n<p style=\"color: #333333\"><a style=\"color: #016ca2\" href=\"http:\/\/internacional.elpais.com\/internacional\/2015\/02\/28\/actualidad\/1425158156_968471.html\">Desde La Habana<\/a>, los negociadores de las FARC han calificado la manifestaci\u00f3n como \u201cuna de las m\u00e1s grandes\u201d expresiones del compromiso de los colombianos con la soluci\u00f3n \u201ca la m\u00e1s larga confrontaci\u00f3n que haya padecido el continente\u201d. Si bien la guerrilla ha dicho que no pagar\u00e1 ni un solo d\u00eda de c\u00e1rcel y tampoco ha sido clara en reconocer a sus v\u00edctimas, ha llamado a la reconciliaci\u00f3n de las \u201cfamilias colombianas\u201d.<\/p>\n","protected":false},"excerpt":{"rendered":"<p>El presidente Santos prorroga un mes m\u00e1s la suspensi\u00f3n de los bombardeos a campamentos de las FARC<\/p>\n","protected":false},"author":5842,"featured_media":0,"comment_status":"open","ping_status":"open","sticky":false,"template":"","format":"standard","meta":{"footnotes":""},"categories":[23],"tags":[],"class_list":["post-461261","post","type-post","status-publish","format-standard","hentry","category-latinoamerica"],"_links":{"self":[{"href":"https:\/\/diarioelpopular.com\/index.php\/wp-json\/wp\/v2\/posts\/461261","targetHints":{"allow":["GET"]}}],"collection":[{"href":"https:\/\/diarioelpopular.com\/index.php\/wp-json\/wp\/v2\/posts"}],"about":[{"href":"https:\/\/diarioelpopular.com\/index.php\/wp-json\/wp\/v2\/types\/post"}],"author":[{"embeddable":true,"href":"https:\/\/diarioelpopular.com\/index.php\/wp-json\/wp\/v2\/users\/5842"}],"replies":[{"embeddable":true,"href":"https:\/\/diarioelpopular.com\/index.php\/wp-json\/wp\/v2\/comments?post=461261"}],"version-history":[{"count":1,"href":"https:\/\/diarioelpopular.com\/index.php\/wp-json\/wp\/v2\/posts\/461261\/revisions"}],"predecessor-version":[{"id":461263,"href":"https:\/\/diarioelpopular.com\/index.php\/wp-json\/wp\/v2\/posts\/461261\/revisions\/461263"}],"wp:attachment":[{"href":"https:\/\/diarioelpopular.com\/index.php\/wp-json\/wp\/v2\/media?parent=461261"}],"wp:term":[{"taxonomy":"category","embeddable":true,"href":"https:\/\/diarioelpopular.com\/index.php\/wp-json\/wp\/v2\/categories?post=461261"},{"taxonomy":"post_tag","embeddable":true,"href":"https:\/\/diarioelpopular.com\/index.php\/wp-json\/wp\/v2\/tags?post=461261"}],"curies":[{"name":"wp","href":"https:\/\/api.w.org\/{rel}","templated":true}]}}