{"id":461270,"date":"2015-04-09T18:25:02","date_gmt":"2015-04-09T22:25:02","guid":{"rendered":"http:\/\/diarioelpopular.com\/?p=461270"},"modified":"2015-04-09T18:25:10","modified_gmt":"2015-04-09T22:25:10","slug":"argentina-y-reino-unido-se-piden-explicaciones-por-las-malvinas","status":"publish","type":"post","link":"https:\/\/diarioelpopular.com\/index.php\/2015\/04\/09\/argentina-y-reino-unido-se-piden-explicaciones-por-las-malvinas\/","title":{"rendered":"Argentina y Reino Unido se piden explicaciones por Las Malvinas"},"content":{"rendered":"<div id=\"attachment_461271\" style=\"width: 570px\" class=\"wp-caption aligncenter\"><a href=\"https:\/\/diarioelpopular.com\/wp-content\/uploads\/2015\/04\/1428608868_415322_1428609022_noticia_normal.jpg\"><img loading=\"lazy\" decoding=\"async\" aria-describedby=\"caption-attachment-461271\" class=\"size-full wp-image-461271\" src=\"https:\/\/diarioelpopular.com\/wp-content\/uploads\/2015\/04\/1428608868_415322_1428609022_noticia_normal.jpg\" alt=\"Cristina Fern\u00e1ndez, en el acto en memoria de los ca\u00eddos en la guerra de las Malvinas el pasado 2 de abril.\" width=\"560\" height=\"359\" \/><\/a><p id=\"caption-attachment-461271\" class=\"wp-caption-text\">Cristina Fern\u00e1ndez, en el acto en memoria de los ca\u00eddos en la guerra de las Malvinas el pasado 2 de abril.<\/p><\/div>\n<p style=\"color: #333333\"><strong><em>BUENOS AIRES.-<\/em><\/strong> La tensi\u00f3n diplom\u00e1tica entre Argentina y Reino Unido por la disputa de soberan\u00eda por\u00a0<a style=\"color: #016ca2\" href=\"http:\/\/elpais.com\/tag\/islas_malvinas\/a\/\" target=\"_blank\">las islas Malvinas<\/a>\u00a0ha vuelto a elevarse este jueves. El Gobierno del conservador David Cameron cit\u00f3 a la embajadora argentina en Londres, Alicia Castro, a dar explicaciones sobre recientes declaraciones de\u00a0<a style=\"color: #016ca2\" href=\"http:\/\/internacional.elpais.com\/internacional\/2014\/03\/25\/actualidad\/1395783085_007599.html\" target=\"_blank\">la presidenta Cristina Fern\u00e1ndez<\/a>\u00a0de Kirchner. Y el Ejecutivo de Kirchner convoc\u00f3 despu\u00e9s al embajador brit\u00e1nico en Buenos Aires, John Freeman, por el espionaje de su pa\u00eds contra Argentina y por la exploraci\u00f3n petrolera en las Malvinas.<\/p>\n<p style=\"color: #333333\">El secretario (ministro) de Asuntos Exteriores brit\u00e1nico, Philip Hammond, cit\u00f3 a la embajadora Castro para preguntarle por las \u201cinaceptables\u201d declaraciones de Kirchner en el acto del pasado d\u00eda 2 en el que Argentina conmemor\u00f3 los 33 a\u00f1os del inicio de la\u00a0<a style=\"color: #016ca2\" href=\"http:\/\/elpais.com\/tag\/guerra_malvinas\/a\/\" target=\"_blank\">Guerra de Malvinas<\/a>\u00a0(1982). Aquella vez la jefa de Estado argentina se quej\u00f3 del reciente refuerzo militar que ha dispuesto Cameron en las islas: \u201cSomos la excusa perfecta, la coartada de un gobierno que ha tenido que abrir bancos de alimentos para alimentar a un mill\u00f3n de ingleses. \u00a1Que no se preocupen! \u00a1Que no pongan ni una sola libra m\u00e1s en la defensa de las islas Malvinas! Que la pongan para alimentar ingleses, en darles trabajo a j\u00f3venes ingleses, en darle bienestar al pueblo ingl\u00e9s, porque nosotros no somos un peligro para nadie\u201d.<\/p>\n<p style=\"color: #333333\">El viceministro de Relaciones Exteriores de Argentina, Eduardo Zuain, le respondi\u00f3 a Reino Unido con la citaci\u00f3n de su embajador en Buenos Aires. Le pidi\u00f3 explicaciones por las recientes revelaciones del exesp\u00eda estadounidense\u00a0<a style=\"color: #016ca2\" href=\"http:\/\/elpais.com\/tag\/edward_snowden\/a\/\" target=\"_blank\">Edward Snowden<\/a>\u00a0sobre espionaje electr\u00f3nico masivo del Estado brit\u00e1nico contra el Gobierno de Kirchner para conocer su estrategia sobre Malvinas. Despu\u00e9s de la guerra 1982 que inici\u00f3 la \u00faltima dictadura militar argentina (1976-1983), este pa\u00eds sudamericano siempre ha reclamado la soberan\u00eda de las islas por medios pac\u00edficos y diplom\u00e1ticos.<\/p>\n<p style=\"color: #333333\">El viceministro Zuain tambi\u00e9n interrog\u00f3 al embajador Freeman por un reciente anuncio de hallazgo de petr\u00f3leo de cinco petroleras que exploran la plataforma continental del archipi\u00e9lago. El Gobierno de Kirchner present\u00f3 este mismo jueves una denuncia penal contra los directores, gerentes, s\u00edndicos o representantes que pudieran tener en Argentina esas petroleras, Rockhopper Exploration, Premier Oil, Falkland Oil &amp; Gas, Noble Energy y Edison International. Las autoridades argentinas consideran que estas empresas act\u00faan de manera ilegal porque carecen de su permiso para explorar en aguas reclamadas como propias.<\/p>\n","protected":false},"excerpt":{"rendered":"<p>El Gobierno de Cameron cita a la embajadora argentina y el de Cristina Fern\u00e1ndez de Kirchner hace lo propio con el brit\u00e1nico<\/p>\n","protected":false},"author":5842,"featured_media":0,"comment_status":"open","ping_status":"open","sticky":false,"template":"","format":"standard","meta":{"footnotes":""},"categories":[23],"tags":[],"class_list":["post-461270","post","type-post","status-publish","format-standard","hentry","category-latinoamerica"],"_links":{"self":[{"href":"https:\/\/diarioelpopular.com\/index.php\/wp-json\/wp\/v2\/posts\/461270","targetHints":{"allow":["GET"]}}],"collection":[{"href":"https:\/\/diarioelpopular.com\/index.php\/wp-json\/wp\/v2\/posts"}],"about":[{"href":"https:\/\/diarioelpopular.com\/index.php\/wp-json\/wp\/v2\/types\/post"}],"author":[{"embeddable":true,"href":"https:\/\/diarioelpopular.com\/index.php\/wp-json\/wp\/v2\/users\/5842"}],"replies":[{"embeddable":true,"href":"https:\/\/diarioelpopular.com\/index.php\/wp-json\/wp\/v2\/comments?post=461270"}],"version-history":[{"count":1,"href":"https:\/\/diarioelpopular.com\/index.php\/wp-json\/wp\/v2\/posts\/461270\/revisions"}],"predecessor-version":[{"id":461272,"href":"https:\/\/diarioelpopular.com\/index.php\/wp-json\/wp\/v2\/posts\/461270\/revisions\/461272"}],"wp:attachment":[{"href":"https:\/\/diarioelpopular.com\/index.php\/wp-json\/wp\/v2\/media?parent=461270"}],"wp:term":[{"taxonomy":"category","embeddable":true,"href":"https:\/\/diarioelpopular.com\/index.php\/wp-json\/wp\/v2\/categories?post=461270"},{"taxonomy":"post_tag","embeddable":true,"href":"https:\/\/diarioelpopular.com\/index.php\/wp-json\/wp\/v2\/tags?post=461270"}],"curies":[{"name":"wp","href":"https:\/\/api.w.org\/{rel}","templated":true}]}}