{"id":461302,"date":"2015-04-11T00:01:22","date_gmt":"2015-04-11T04:01:22","guid":{"rendered":"http:\/\/diarioelpopular.com\/?p=461302"},"modified":"2015-04-09T18:51:55","modified_gmt":"2015-04-09T22:51:55","slug":"indice-de-progreso-social-otorga-maxima-puntuacion-a-canada","status":"publish","type":"post","link":"https:\/\/diarioelpopular.com\/index.php\/2015\/04\/11\/indice-de-progreso-social-otorga-maxima-puntuacion-a-canada\/","title":{"rendered":"Indice de Progreso Social otorga m\u00e1xima puntuaci\u00f3n a Canad\u00e1"},"content":{"rendered":"<div id=\"attachment_461303\" style=\"width: 310px\" class=\"wp-caption aligncenter\"><a href=\"https:\/\/diarioelpopular.com\/wp-content\/uploads\/2015\/04\/foto-1-breves-22.jpg\"><img loading=\"lazy\" decoding=\"async\" aria-describedby=\"caption-attachment-461303\" class=\"size-full wp-image-461303\" src=\"https:\/\/diarioelpopular.com\/wp-content\/uploads\/2015\/04\/foto-1-breves-22.jpg\" alt=\"Canad\u00e1 ocup\u00f3 el sexto lugar como el pa\u00eds con altos avances sociales. \" width=\"300\" height=\"199\" \/><\/a><p id=\"caption-attachment-461303\" class=\"wp-caption-text\">Canad\u00e1 ocup\u00f3 el sexto lugar como el pa\u00eds con altos avances sociales.<\/p><\/div>\n<p><strong><em>OTTAWA.-<\/em> <\/strong>Canad\u00e1 se mantiene en el tope entre las naciones con m\u00e1s altos niveles de inclusi\u00f3n social y tolerancia.<\/p>\n<p>La medici\u00f3n de la promoci\u00f3n social aspira a desplazar a la riqueza econ\u00f3mica o producto interno bruto, como criterio para el \u00e9xito nacional.<\/p>\n<p>El Indice de Progreso Social, dirigido Harvard Business School, present\u00f3 su tercer informe anual situando 133 pa\u00edses en una cesta de 52 categor\u00edas.<\/p>\n<p>Canad\u00e1 ocup\u00f3 el sexto lugar como el pa\u00eds con altos avances sociales.<\/p>\n<p>Ocup\u00f3 el primer lugar a nivel mundial en ofrecer a sus ciudadanos lo que el estudio ampliamente calific\u00f3 de &#8220;oportunidad&#8221;, un indicador que incluye derechos, libertades, tolerancia y acceso a la educaci\u00f3n superior.<\/p>\n<p>El informe presenta c\u00f3mo Canad\u00e1 lucha con situaciones de adaptaci\u00f3n cultural, provocados por los esfuerzos del gobierno conservador de prohibir el niqab, que usan las mujeres en ceremonias de ciudadan\u00eda y un temor general al terrorismo de inspiraci\u00f3n islamista, tras dos ataques mortales ocurridos el a\u00f1o pasado en territorio canadiense.<\/p>\n","protected":false},"excerpt":{"rendered":"<p>Canad\u00e1 se mantiene en el tope entre las naciones con m\u00e1s altos niveles de inclusi\u00f3n social y tolerancia.<\/p>\n","protected":false},"author":5842,"featured_media":0,"comment_status":"open","ping_status":"open","sticky":false,"template":"","format":"standard","meta":{"footnotes":""},"categories":[21],"tags":[],"class_list":["post-461302","post","type-post","status-publish","format-standard","hentry","category-canada"],"_links":{"self":[{"href":"https:\/\/diarioelpopular.com\/index.php\/wp-json\/wp\/v2\/posts\/461302","targetHints":{"allow":["GET"]}}],"collection":[{"href":"https:\/\/diarioelpopular.com\/index.php\/wp-json\/wp\/v2\/posts"}],"about":[{"href":"https:\/\/diarioelpopular.com\/index.php\/wp-json\/wp\/v2\/types\/post"}],"author":[{"embeddable":true,"href":"https:\/\/diarioelpopular.com\/index.php\/wp-json\/wp\/v2\/users\/5842"}],"replies":[{"embeddable":true,"href":"https:\/\/diarioelpopular.com\/index.php\/wp-json\/wp\/v2\/comments?post=461302"}],"version-history":[{"count":1,"href":"https:\/\/diarioelpopular.com\/index.php\/wp-json\/wp\/v2\/posts\/461302\/revisions"}],"predecessor-version":[{"id":461304,"href":"https:\/\/diarioelpopular.com\/index.php\/wp-json\/wp\/v2\/posts\/461302\/revisions\/461304"}],"wp:attachment":[{"href":"https:\/\/diarioelpopular.com\/index.php\/wp-json\/wp\/v2\/media?parent=461302"}],"wp:term":[{"taxonomy":"category","embeddable":true,"href":"https:\/\/diarioelpopular.com\/index.php\/wp-json\/wp\/v2\/categories?post=461302"},{"taxonomy":"post_tag","embeddable":true,"href":"https:\/\/diarioelpopular.com\/index.php\/wp-json\/wp\/v2\/tags?post=461302"}],"curies":[{"name":"wp","href":"https:\/\/api.w.org\/{rel}","templated":true}]}}